{"id":23740,"date":"2019-11-29T15:54:20","date_gmt":"2019-11-29T18:54:20","guid":{"rendered":"https:\/\/www.paranapraia.com.br\/?p=23740"},"modified":"2019-11-29T15:54:59","modified_gmt":"2019-11-29T18:54:59","slug":"e-fake-que-o-termo-black-friday-surgiu-em-alusao-a-liquidacao-de-escravos","status":"publish","type":"post","link":"https:\/\/www.paranapraia.com.br\/index.php\/2019\/11\/29\/e-fake-que-o-termo-black-friday-surgiu-em-alusao-a-liquidacao-de-escravos\/","title":{"rendered":"\u00c9 #FAKE que o termo &#8216;Black Friday&#8217; surgiu em alus\u00e3o a liquida\u00e7\u00e3o de escravos"},"content":{"rendered":"\n<h4 class=\"wp-block-heading\">Primeiro uso do termo nos EUA foi registrado seis anos ap\u00f3s a aboli\u00e7\u00e3o no pa\u00eds, em colapso do mercado de ouro na Bolsa de Nova York.<\/h4>\n\n\n\n<p>Com a proximidade da Black Friday, um boato antigo voltou a ganhar for\u00e7a nas redes sociais: a de que a tradi\u00e7\u00e3o seguinte ao feriado de A\u00e7\u00e3o de Gra\u00e7as foi criada em 1904, em refer\u00eancia ao dia em que senhores vendiam seus escravos em liquida\u00e7\u00e3o. Por isso, a mensagem sugere um boicote \u00e0s promo\u00e7\u00f5es. A hist\u00f3ria, por\u00e9m, \u00e9 #FAKE.<\/p>\n\n\n\n<figure class=\"wp-block-image\"><img decoding=\"async\" src=\"https:\/\/s2.glbimg.com\/_hTuexcZUaFjySU8YcYIjM1stYg=\/0x0:1000x167\/984x0\/smart\/filters:strip_icc()\/i.s3.glbimg.com\/v1\/AUTH_59edd422c0c84a879bd37670ae4f538a\/internal_photos\/bs\/2019\/K\/O\/DgrtjwQleV2FYjqVuMSg\/selo-fake.jpg\" alt=\" \u2014 Foto:  G1\"\/><\/figure>\n\n\n\n<p>\u2014 Foto: G1<\/p>\n\n\n\n<p>O primeiro registro do uso do termo nos EUA data de\u00a024 de setembro de 1869, seis anos depois da aboli\u00e7\u00e3o da escravid\u00e3o no pa\u00eds. N\u00e3o h\u00e1, portanto, nenhuma evid\u00eancia que sustente a ideia de que a tradi\u00e7\u00e3o deriva do tr\u00e1fico de escravos.<br><\/p>\n\n\n\n<p>Nesta data, dois especuladores, Jay Gould e James Fisk, usaram informa\u00e7\u00f5es privilegiadas para tomar o mercado de ouro na Bolsa de Nova York. Para reverter a situa\u00e7\u00e3o, o governo aumentou a oferta de ouro no mercado, fazendo os pre\u00e7os ca\u00edrem vertiginosamente. Investidores perderam muito dinheiro e o dia do colapso ficou conhecido como Black Friday.<\/p>\n\n\n\n<p>Apesar de estar caindo em desuso, o termo &#8220;negro&#8221; j\u00e1 foi muito popular para designar crises econ\u00f4micas, trag\u00e9dias e desastres em geral. Um\u00a0massacre de civis no Ir\u00e3, em 8 de setembro de 1978, tamb\u00e9m ficou conhecido como uma &#8220;Black Friday&#8221;. Mas outra origem para o nome do movimento comercial data de 1951 e \u00e9 uma ironia de patr\u00f5es para as v\u00e1rias aus\u00eancias de empregados na sexta-feira seguinte ao feriado.<\/p>\n\n\n\n<p>De acordo com o neurocientista Bonnie Taylor-Blake, da Universidade da Carolina do Norte, a Factory Management and Maintenance, uma newsletter do mercado de trabalho,\u00a0reivindica a autoria do termo.<\/p>\n\n\n\n<p>&#8220;A s\u00edndrome da sexta-feira ap\u00f3s o Dia de A\u00e7\u00e3o de Gra\u00e7as \u00e9 uma doen\u00e7a cujos efeitos adversos s\u00f3 s\u00e3o superados pelos da peste bub\u00f4nica. Pelo menos \u00e9 assim que se sentem aqueles que t\u00eam de trabalhar quando chega a Black Friday. A loja ou estabelecimento pode ficar meio vazio e todo ausente estava doente&#8221;, zombava o texto.<\/p>\n\n\n\n<p>Dez anos depois, na Filad\u00e9lfia, o termo se popularizou entre policiais, que reclamavam do tr\u00e2nsito e do alto fluxo de motoristas e pedestres nas ruas para fazer compras, o que tradicionalmente ocorria na sexta e no s\u00e1bado seguintes ao feriado de A\u00e7\u00e3o de Gra\u00e7as.<\/p>\n\n\n\n<p>Segundo um jornal local da \u00e9poca, por n\u00e3o gostarem da associa\u00e7\u00e3o com tr\u00e1fego e polui\u00e7\u00e3o, os lojistas tentaram mudar o termo para&#8221;Big Friday&#8221;. Em seguida, conseguiram dar conota\u00e7\u00e3o positiva ao termo ao dizer que ele se referia ao momento em que as contas do com\u00e9rcio sa\u00edam do vermelho e voltavam &#8220;ao preto&#8221;. Um dos maiores sites de checagem dos EUA, o\u00a0Snopes\u00a0, tamb\u00e9m aponta essas origens.<\/p>\n\n\n\n<p>Foi somente em 1990, por\u00e9m, que o termo ganhou repercuss\u00e3o nacional e a data foi adotada pelo com\u00e9rcio como se conhece hoje. \u00c9 o que relata o linguista Benjamin Zimmer, editor-executivo do site Vocabulary.com, \u00e0 BBC.<\/p>\n\n\n\n<p>No Brasil, a Black Friday ocorre desde 2010. A primeira vers\u00e3o, exclusivamente online, deu lugar a descontos em setores generalizados, at\u00e9 mesmo em\u00a0institui\u00e7\u00f5es financeiras\u00a0, que oferecem neste ano descontos em investimentos e renegocia\u00e7\u00e3o de d\u00edvidas.<\/p>\n\n\n\n<p>G1<br><\/p>\n","protected":false},"excerpt":{"rendered":"<p>Primeiro uso do termo nos EUA foi registrado seis anos ap\u00f3s a aboli\u00e7\u00e3o no pa\u00eds, em colapso do mercado de ouro na Bolsa de Nova York. Com a proximidade da Black Friday, um boato antigo voltou a ganhar for\u00e7a nas redes sociais: a de que a tradi\u00e7\u00e3o seguinte ao feriado de A\u00e7\u00e3o de Gra\u00e7as foi [&hellip;]<\/p>\n","protected":false},"author":2,"featured_media":23742,"comment_status":"open","ping_status":"open","sticky":false,"template":"","format":"standard","meta":{"advanced_seo_description":"","jetpack_seo_html_title":"","jetpack_seo_noindex":false,"_jetpack_memberships_contains_paid_content":false,"footnotes":""},"categories":[40],"tags":[],"class_list":{"0":"post-23740","1":"post","2":"type-post","3":"status-publish","4":"format-standard","5":"has-post-thumbnail","7":"category-destaques"},"jetpack_featured_media_url":"https:\/\/www.paranapraia.com.br\/wp-content\/uploads\/2019\/11\/black-1.jpg","jetpack_sharing_enabled":true,"_links":{"self":[{"href":"https:\/\/www.paranapraia.com.br\/index.php\/wp-json\/wp\/v2\/posts\/23740"}],"collection":[{"href":"https:\/\/www.paranapraia.com.br\/index.php\/wp-json\/wp\/v2\/posts"}],"about":[{"href":"https:\/\/www.paranapraia.com.br\/index.php\/wp-json\/wp\/v2\/types\/post"}],"author":[{"embeddable":true,"href":"https:\/\/www.paranapraia.com.br\/index.php\/wp-json\/wp\/v2\/users\/2"}],"replies":[{"embeddable":true,"href":"https:\/\/www.paranapraia.com.br\/index.php\/wp-json\/wp\/v2\/comments?post=23740"}],"version-history":[{"count":2,"href":"https:\/\/www.paranapraia.com.br\/index.php\/wp-json\/wp\/v2\/posts\/23740\/revisions"}],"predecessor-version":[{"id":23744,"href":"https:\/\/www.paranapraia.com.br\/index.php\/wp-json\/wp\/v2\/posts\/23740\/revisions\/23744"}],"wp:featuredmedia":[{"embeddable":true,"href":"https:\/\/www.paranapraia.com.br\/index.php\/wp-json\/wp\/v2\/media\/23742"}],"wp:attachment":[{"href":"https:\/\/www.paranapraia.com.br\/index.php\/wp-json\/wp\/v2\/media?parent=23740"}],"wp:term":[{"taxonomy":"category","embeddable":true,"href":"https:\/\/www.paranapraia.com.br\/index.php\/wp-json\/wp\/v2\/categories?post=23740"},{"taxonomy":"post_tag","embeddable":true,"href":"https:\/\/www.paranapraia.com.br\/index.php\/wp-json\/wp\/v2\/tags?post=23740"}],"curies":[{"name":"wp","href":"https:\/\/api.w.org\/{rel}","templated":true}]}}