{"id":23734,"date":"2019-11-29T15:47:27","date_gmt":"2019-11-29T18:47:27","guid":{"rendered":"https:\/\/www.paranapraia.com.br\/?p=23734"},"modified":"2019-11-29T15:47:29","modified_gmt":"2019-11-29T18:47:29","slug":"homem-e-baleado-em-hortifruti-de-foz-do-iguacu-diz-pm","status":"publish","type":"post","link":"https:\/\/www.paranapraia.com.br\/index.php\/2019\/11\/29\/homem-e-baleado-em-hortifruti-de-foz-do-iguacu-diz-pm\/","title":{"rendered":"Homem \u00e9 baleado em hortifr\u00fati de Foz do Igua\u00e7u, diz PM"},"content":{"rendered":"\n<h4 class=\"wp-block-heading\">Segundo a pol\u00edcia, a v\u00edtima levou pelo menos tr\u00eas tiros durante a tentativa de assalto. Ela foi encaminhada em estado grave para o Hospital Municipal, nesta sexta-feira (29).<\/h4>\n\n\n\n<p>Um homem ficou gravemente ferido ap\u00f3s ser baleado em uma hortifr\u00fati de Foz do Igua\u00e7u, no oeste do Paran\u00e1, na tarde desta sexta-feira (29), segundo a Pol\u00edcia Militar (PM).<\/p>\n\n\n\n<p>De acordo com a PM, os dois suspeitos estavam em uma moto quando tentaram assaltar o dono do estabelecimento e fizeram os disparos. O homem levou pelo menos tr\u00eas tiros.<\/p>\n\n\n\n<p>Os suspeitos abandonaram a moto utilizada, segundo a pol\u00edcia, pr\u00f3ximo do local dos disparos. Conforme a PM, o ve\u00edculo foi apreendido e encaminhado para a investiga\u00e7\u00e3o da Pol\u00edcia Civil.<\/p>\n\n\n\n<p>A pol\u00edcia informou que a v\u00edtima foi levada para o Hospital Municipal, conforme o Corpo de Bombeiros.<\/p>\n\n\n\n<p>At\u00e9 a publica\u00e7\u00e3o desta reportagem, os dois suspeitos n\u00e3o foram localizados. O caso ser\u00e1 investigado pela Pol\u00edcia Civil de Foz do Igua\u00e7u.<\/p>\n\n\n\n<p>G1PR<br><\/p>\n","protected":false},"excerpt":{"rendered":"<p>Segundo a pol\u00edcia, a v\u00edtima levou pelo menos tr\u00eas tiros durante a tentativa de assalto. Ela foi encaminhada em estado grave para o Hospital Municipal, nesta sexta-feira (29). Um homem ficou gravemente ferido ap\u00f3s ser baleado em uma hortifr\u00fati de Foz do Igua\u00e7u, no oeste do Paran\u00e1, na tarde desta sexta-feira (29), segundo a Pol\u00edcia [&hellip;]<\/p>\n","protected":false},"author":2,"featured_media":23735,"comment_status":"open","ping_status":"open","sticky":false,"template":"","format":"standard","meta":{"advanced_seo_description":"","jetpack_seo_html_title":"","jetpack_seo_noindex":false,"_jetpack_memberships_contains_paid_content":false,"footnotes":""},"categories":[33],"tags":[],"class_list":{"0":"post-23734","1":"post","2":"type-post","3":"status-publish","4":"format-standard","5":"has-post-thumbnail","7":"category-policia"},"jetpack_featured_media_url":"https:\/\/www.paranapraia.com.br\/wp-content\/uploads\/2019\/11\/homemb.jpg","jetpack_sharing_enabled":true,"_links":{"self":[{"href":"https:\/\/www.paranapraia.com.br\/index.php\/wp-json\/wp\/v2\/posts\/23734"}],"collection":[{"href":"https:\/\/www.paranapraia.com.br\/index.php\/wp-json\/wp\/v2\/posts"}],"about":[{"href":"https:\/\/www.paranapraia.com.br\/index.php\/wp-json\/wp\/v2\/types\/post"}],"author":[{"embeddable":true,"href":"https:\/\/www.paranapraia.com.br\/index.php\/wp-json\/wp\/v2\/users\/2"}],"replies":[{"embeddable":true,"href":"https:\/\/www.paranapraia.com.br\/index.php\/wp-json\/wp\/v2\/comments?post=23734"}],"version-history":[{"count":1,"href":"https:\/\/www.paranapraia.com.br\/index.php\/wp-json\/wp\/v2\/posts\/23734\/revisions"}],"predecessor-version":[{"id":23736,"href":"https:\/\/www.paranapraia.com.br\/index.php\/wp-json\/wp\/v2\/posts\/23734\/revisions\/23736"}],"wp:featuredmedia":[{"embeddable":true,"href":"https:\/\/www.paranapraia.com.br\/index.php\/wp-json\/wp\/v2\/media\/23735"}],"wp:attachment":[{"href":"https:\/\/www.paranapraia.com.br\/index.php\/wp-json\/wp\/v2\/media?parent=23734"}],"wp:term":[{"taxonomy":"category","embeddable":true,"href":"https:\/\/www.paranapraia.com.br\/index.php\/wp-json\/wp\/v2\/categories?post=23734"},{"taxonomy":"post_tag","embeddable":true,"href":"https:\/\/www.paranapraia.com.br\/index.php\/wp-json\/wp\/v2\/tags?post=23734"}],"curies":[{"name":"wp","href":"https:\/\/api.w.org\/{rel}","templated":true}]}}