{"id":23703,"date":"2019-11-28T11:00:04","date_gmt":"2019-11-28T14:00:04","guid":{"rendered":"https:\/\/www.paranapraia.com.br\/?p=23703"},"modified":"2019-11-28T11:00:05","modified_gmt":"2019-11-28T14:00:05","slug":"parana-agenda-cultural-de-28-novembro-a-1o-de-dezembro","status":"publish","type":"post","link":"https:\/\/www.paranapraia.com.br\/index.php\/2019\/11\/28\/parana-agenda-cultural-de-28-novembro-a-1o-de-dezembro\/","title":{"rendered":"Paran\u00e1, agenda cultural, de 28 novembro a 1\u00ba de dezembro"},"content":{"rendered":"\n<h4 class=\"wp-block-heading\">Confira as principais atra\u00e7\u00f5es culturais do estado entre esta quinta-feira (28) e domingo (1\u00ba).<\/h4>\n\n\n\n<p>Separamos os principais eventos culturais de Curitiba e do interior do estado para este fim de semana. Confira:<\/p>\n\n\n\n<h2 class=\"wp-block-heading\">Curitiba<\/h2>\n\n\n\n<p><strong>O Quebra Nozes<\/strong><\/p>\n\n\n\n<figure class=\"wp-block-image\"><img decoding=\"async\" src=\"https:\/\/s2.glbimg.com\/G2W6ibDuz0yaF60m5uQA5epJ3-c=\/0x0:1600x1068\/1008x0\/smart\/filters:strip_icc()\/i.s3.glbimg.com\/v1\/AUTH_59edd422c0c84a879bd37670ae4f538a\/internal_photos\/bs\/2019\/V\/O\/DrdPM1TV6kbZw2azJ7yA\/quebra-nozes-creditos-nilson-bastian-baixa.jpg\" alt=\"Bolshoi apresenta 'O Quebra-Nozes' pela primeira vez em Curitiba \u2014 Foto:  Nilson Bastian\/Divulga\u00e7\u00e3o \"\/><\/figure>\n\n\n\n<p>Bolshoi apresenta &#8216;O Quebra-Nozes&#8217; pela primeira vez em Curitiba \u2014 Foto: Nilson Bastian\/Divulga\u00e7\u00e3o<\/p>\n\n\n\n<ul class=\"wp-block-list\"><li>Data: Quinta (28)<\/li><li>Hor\u00e1rio: 20h<\/li><li>Local: Teatro Gua\u00edra ( R. Amintas de Barros, S\/N &#8211; Centro)<\/li><li>Ingresso:\u00a0a partir de R$ 50.\u00a0Renda ser\u00e1 revertida para a Santa Casa de Curitiba.<\/li><\/ul>\n\n\n\n<p><strong>Roberto Carlos<\/strong><\/p>\n\n\n\n<figure class=\"wp-block-image\"><img decoding=\"async\" src=\"https:\/\/s2.glbimg.com\/QnpSH-O95f4wOYys0iK1a-pbHfs=\/0x0:2000x1333\/1008x0\/smart\/filters:strip_icc()\/i.s3.glbimg.com\/v1\/AUTH_59edd422c0c84a879bd37670ae4f538a\/internal_photos\/bs\/2019\/c\/U\/q3WI1wSXW1g3kWMMQeJg\/roberto-carlos-sp.jpg\" alt=\"Roberto Carlos se apresenta nesta sexta (29) e s\u00e1bado (30)  \u2014 Foto: Van Campos\/Fotoarena\/Estad\u00e3o Conte\u00fado\"\/><\/figure>\n\n\n\n<p>Roberto Carlos se apresenta nesta sexta (29) e s\u00e1bado (30) \u2014 Foto: Van Campos\/Fotoarena\/Estad\u00e3o Conte\u00fado<\/p>\n\n\n\n<ul class=\"wp-block-list\"><li>Data: sexta (29) e s\u00e1bado (30)<\/li><li>Hor\u00e1rio: 20h30min<\/li><li>Local: \u00d3pera de Arame (Rua Jo\u00e3o Gava 874)<\/li><li>Ingresso:\u00a0a partir de R$ 500.<\/li><\/ul>\n\n\n\n<p><strong>Concerto \u201cWest Side Story\u201d da Camerata UTFPR<\/strong><\/p>\n\n\n\n<ul class=\"wp-block-list\"><li>Data: Sexta (29)<\/li><li>Hor\u00e1rio: 19h30<\/li><li>Local: Museu Paranaense &#8211; Rua Kellers, 289 &#8211; S\u00e3o Francisco<\/li><li>Ingresso: entrada gratuita<\/li><\/ul>\n\n\n\n<p><strong>Peter Pan<\/strong><\/p>\n\n\n\n<ul class=\"wp-block-list\"><li>Data: sexta (29) e s\u00e1bado (30)<\/li><li>Hor\u00e1rio: 19h30<\/li><li>Local: Teatro do Col\u00e9gio Marista Santa Maria ( Rua Professor Joaquim de Mattos Barreto , 98- S\u00e3o Louren\u00e7o).<\/li><li>Ingresso:\u00a0R$ 10.<\/li><\/ul>\n\n\n\n<p><strong>A Mentira<\/strong><\/p>\n\n\n\n<figure class=\"wp-block-image\"><img decoding=\"async\" src=\"https:\/\/s2.glbimg.com\/S-eKsbZWA92XmgFUmbX7GHnSsVc=\/0x0:1110x756\/1008x0\/smart\/filters:strip_icc()\/i.s3.glbimg.com\/v1\/AUTH_59edd422c0c84a879bd37670ae4f538a\/internal_photos\/bs\/2019\/0\/k\/wojB3BQrCm6EB6K3wQBA\/a-mentira-credito-gustavo-arrais-2-920x627-610230.jpg\" alt=\"Atores da pe\u00e7a 'A mentira' \u2014 Foto: Divulga\u00e7\u00e3o\"\/><\/figure>\n\n\n\n<p>Atores da pe\u00e7a &#8216;A mentira&#8217; \u2014 Foto: Divulga\u00e7\u00e3o<\/p>\n\n\n\n<ul class=\"wp-block-list\"><li>Data: s\u00e1bado (30) e domingo (1\u00ba)<\/li><li>Hor\u00e1rio: S\u00e1bado \u00e0s 21h, e domingo \u00e0s 19h<\/li><li>Local: Guair\u00e3o\/Curitiba<\/li><li>Ingresso:\u00a0a partir de R$ 55.<\/li><\/ul>\n\n\n\n<h2 class=\"wp-block-heading\">Ponta Grossa<\/h2>\n\n\n\n<p><strong>Encontro animal<\/strong><\/p>\n\n\n\n<ul class=\"wp-block-list\"><li>Data: domingo (1\u00ba)<\/li><li>Hor\u00e1rio: das 15 \u00e0s 19h<\/li><li>Local: Parque Monteiro Lobato (Avenida Ernani Bat\u00edsta Rosas &#8211; Jardim Carvalho)<\/li><li>Ingresso: de gra\u00e7a<\/li><\/ul>\n\n\n\n<p><strong>Gusttavo Lima<\/strong><\/p>\n\n\n\n<ul class=\"wp-block-list\"><li>Data: quinta (28)<\/li><li>Hor\u00e1rio: Centro de Eventos Ponta Grossa<\/li><li>Local: Avenida General Aldo Bonde, R. Santa Teresinha, Contorno.<\/li><li>Ingresso:\u00a0a partir de R$ 51<\/li><\/ul>\n\n\n\n<h2 class=\"wp-block-heading\">Londrina<\/h2>\n\n\n\n<p><strong>Show com David Mour e banda completa<\/strong><\/p>\n\n\n\n<ul class=\"wp-block-list\"><li>Data: s\u00e1bado (30)<\/li><li>Hor\u00e1rio: 18h<\/li><li>Local: Sesc Londrina (R. Fernando de Noronha, 264)<\/li><li>Ingresso:\u00a0a partir de R$ 16,50.<\/li><\/ul>\n\n\n\n<p><strong>Com\u00e9dia de Quinta<\/strong><\/p>\n\n\n\n<figure class=\"wp-block-image\"><img decoding=\"async\" src=\"https:\/\/s2.glbimg.com\/fMKiUDr5N9XGr3qP9v9XxjPMMYs=\/0x0:600x372\/1008x0\/smart\/filters:strip_icc()\/i.s3.glbimg.com\/v1\/AUTH_59edd422c0c84a879bd37670ae4f538a\/internal_photos\/bs\/2019\/2\/x\/lAXrOXQlCOFMobBioJLQ\/gui-pretinho.jpg\" alt=\"Gui Preto traz stand up comedy no Com\u00e9dia de Quinta  \u2014 Foto: Divulga\u00e7\u00e3o \"\/><\/figure>\n\n\n\n<p>Gui Preto traz stand up comedy no Com\u00e9dia de Quinta \u2014 Foto: Divulga\u00e7\u00e3o<\/p>\n\n\n\n<ul class=\"wp-block-list\"><li>Data: 28\/11 (quinta-feira)<\/li><li>Hor\u00e1rio: 21h<\/li><li>Local: Centro de Eventos do Aurora Shopping Londrina<\/li><li>Endere\u00e7o: Avenida Ayrton Senna, 400<\/li><li>Ingressos:\u00a0de R$ 35 a R$ 60<\/li><\/ul>\n\n\n\n<p><strong>Encontr\u00e3o<\/strong><\/p>\n\n\n\n<ul class=\"wp-block-list\"><li>Data: 28\/11 (quinta-feira)<\/li><li>Hor\u00e1rio: 19h30<\/li><li>Local: Centro Cultural Sesi\/AML<\/li><li>Endere\u00e7o: Rua Maestro Eg\u00eddio Camargo do Amaral, 130, Centro<\/li><li>Ingressos:\u00a0R$ 12,50 a R$ 22,50.<\/li><\/ul>\n\n\n\n<p><strong>Sesc Cadei\u00e3o Cultural &#8211; Especial de Anivers\u00e1rio. Shows, Espet\u00e1culos, Exposi\u00e7\u00f5es, Feira Cultural e Gastron\u00f4mica<\/strong><\/p>\n\n\n\n<ul class=\"wp-block-list\"><li>Data: 01\/12 (Domingo)<\/li><li>Hor\u00e1rio: A partir das 15h<\/li><li>Local: Sesc Cadei\u00e3o Cultural<\/li><li>Endere\u00e7o: Rua Sergipe,52 &#8211; Centro<\/li><\/ul>\n\n\n\n<ul class=\"wp-block-list\"><li>15h \u2022 Grupo Tiquequ\u00ea<\/li><li>Show Barulhinho, Barulh\u00e3o<\/li><li>16h30 \u2022 Cia Ex\u00e9rcito Contra Nada<\/li><li>Espet\u00e1culo Mundano<\/li><\/ul>\n\n\n\n<ul class=\"wp-block-list\"><li>18h \u2022 Duo Vieira<\/li><li>Show P\u00e9rolas para Jobim<\/li><li>19h30 \u2022 Beatriz Rodarte<\/li><li>Tour Oxal\u00e1<\/li><\/ul>\n\n\n\n<p><strong>Show com Gusttavo Lima<\/strong><\/p>\n\n\n\n<ul class=\"wp-block-list\"><li>Data: sexta (29)<\/li><li>Hor\u00e1rio: 21h<\/li><li>Local: Parque de Exposicoes Ney Braga<\/li><li>Ingresso:\u00a0a partir de R$ 21.<\/li><\/ul>\n\n\n\n<h2 class=\"wp-block-heading\">Maring\u00e1<\/h2>\n\n\n\n<p><strong>Maring\u00e1 Encantada<\/strong><\/p>\n\n\n\n<ul class=\"wp-block-list\"><li>Data: quinta (28)<\/li><li>Hor\u00e1rio: 16h \u00e0s 2h \u2013 Feira de Food Trucks e das 17h \u00e0s 23h \u2013 Vila do Papai Noel<\/li><li>Local: Pra\u00e7a Renato Celid\u00f4nio<\/li><li>Ingresso: gratuita.<br><\/li><\/ul>\n\n\n\n<h2 class=\"wp-block-heading\">Loanda<\/h2>\n\n\n\n<p><strong>Show com Luan Santana<\/strong><\/p>\n\n\n\n<figure class=\"wp-block-image\"><img decoding=\"async\" src=\"https:\/\/s2.glbimg.com\/ZtJ0vP3xuoIGH3_M9_5FIF2IyZM=\/0x0:1600x1000\/1008x0\/smart\/filters:strip_icc()\/i.s3.glbimg.com\/v1\/AUTH_59edd422c0c84a879bd37670ae4f538a\/internal_photos\/bs\/2019\/E\/E\/OrUSVATCqw1jqBOMpByQ\/dsc4837.jpg\" alt=\"Cantor Luan Santana se apresenta em Loanda  \u2014 Foto: \u00c9rico Andrade\/G1\"\/><\/figure>\n\n\n\n<p>Cantor Luan Santana se apresenta em Loanda \u2014 Foto: \u00c9rico Andrade\/G1<\/p>\n\n\n\n<ul class=\"wp-block-list\"><li>Data: Quinta-feira (28)<\/li><li>Hor\u00e1rio: abertura dos port\u00f5es \u00e0s 18h<\/li><li>Local: Parque Exposi\u00e7\u00e3o Governador Paulo Pimentel<\/li><li>Ingressos:\u00a0A partir de R$ 25<\/li><\/ul>\n\n\n\n<h2 class=\"wp-block-heading\">Show com Hugo e Guilherme<\/h2>\n\n\n\n<ul class=\"wp-block-list\"><li>Data: sexta-feira (29)<\/li><li>Hor\u00e1rio: abertura dos port\u00f5es \u00e0s 18h<\/li><li>Local: Parque Exposi\u00e7\u00e3o Governador Paulo Pimentel<\/li><li>Ingressos:\u00a0A partir de R$ 25.<\/li><\/ul>\n\n\n\n<p><strong>Show com Lauana Prado<\/strong><\/p>\n\n\n\n<ul class=\"wp-block-list\"><li>Data: s\u00e1bado (30)<\/li><li>Hor\u00e1rio: abertura dos port\u00f5es \u00e0s 18h<\/li><li>Local: Parque Exposi\u00e7\u00e3o Governador Paulo Pimentel<\/li><li>Ingressos:\u00a0A partir de R$ 25.<\/li><\/ul>\n\n\n\n<h2 class=\"wp-block-heading\">Maring\u00e1<\/h2>\n\n\n\n<p><strong>Show com Mar\u00edlia Mendon\u00e7a<\/strong><\/p>\n\n\n\n<figure class=\"wp-block-image\"><img decoding=\"async\" src=\"https:\/\/s2.glbimg.com\/05T-GWMsQsp73ZnjFLTaNHXTDAY=\/0x0:1280x853\/1008x0\/smart\/filters:strip_icc()\/i.s3.glbimg.com\/v1\/AUTH_59edd422c0c84a879bd37670ae4f538a\/internal_photos\/bs\/2019\/l\/B\/tWQUCiTnuTK8snsrjsLg\/premiomultishow2019-16-.jpg\" alt=\"Mar\u00edlia Mendon\u00e7a  \u2014 Foto: Ag News\/Divulga\u00e7\u00e3o Multishow\"\/><\/figure>\n\n\n\n<p>Mar\u00edlia Mendon\u00e7a \u2014 Foto: Ag News\/Divulga\u00e7\u00e3o Multishow<\/p>\n\n\n\n<ul class=\"wp-block-list\"><li>Data: sexta-feira (29)<\/li><li>Hor\u00e1rio: A partir das 22h<\/li><li>Local: \u00c1rea Externa Fashion Hall<\/li><li>Ingressos:&nbsp;<a href=\"https:\/\/www.aloingressos.com.br\/marilia-mendonca-arena-a6-maringa.html\" target=\"_blank\" rel=\"noreferrer noopener\">A partir de R$ 90.<\/a><\/li><\/ul>\n\n\n\n<p><strong>Show com Felipe Ara\u00fajo<\/strong><\/p>\n\n\n\n<ul class=\"wp-block-list\"><li>Data: s\u00e1bado (30)<\/li><li>Hor\u00e1rio: A partir das 22h<\/li><li>Local: \u00c1rea Externa Fashion Hall<\/li><li>Ingressos:\u00a0a partir de R$ 40.<\/li><\/ul>\n\n\n\n<h2 class=\"wp-block-heading\"><strong>Pato Branco<\/strong><\/h2>\n\n\n\n<p><strong>Desfile de abertura de Natal<\/strong><\/p>\n\n\n\n<ul class=\"wp-block-list\"><li>Data: 30 de novembro<\/li><li>Hor\u00e1rio: 20h<\/li><li>Local: Pra\u00e7a Presidente Vargas<\/li><li>Ingressos: entrada gratuita<\/li><\/ul>\n\n\n\n<h2 class=\"wp-block-heading\">Francisco Beltr\u00e3o<\/h2>\n\n\n\n<p><strong>Abertura do Natal<\/strong><\/p>\n\n\n\n<ul class=\"wp-block-list\"><li>Data: 29 de novembro<\/li><li>Hor\u00e1rio: 20h<\/li><li>Local: Cal\u00e7ad\u00e3o<\/li><li>Ingressos: entrada gratuita<\/li><\/ul>\n\n\n\n<h2 class=\"wp-block-heading\">Cascavel<\/h2>\n\n\n\n<p><strong>Coral Sementes do Amanh\u00e3<\/strong><\/p>\n\n\n\n<ul class=\"wp-block-list\"><li>Data: 28 de novembro<\/li><li>Hor\u00e1rio: 19h30<\/li><li>Local: Catedral<\/li><li>Ingressos: gratuito<\/li><\/ul>\n\n\n\n<p>G1PR<\/p>\n","protected":false},"excerpt":{"rendered":"<p>Confira as principais atra\u00e7\u00f5es culturais do estado entre esta quinta-feira (28) e domingo (1\u00ba). Separamos os principais eventos culturais de Curitiba e do interior do estado para este fim de semana. Confira: Curitiba O Quebra Nozes Bolshoi apresenta &#8216;O Quebra-Nozes&#8217; pela primeira vez em Curitiba \u2014 Foto: Nilson Bastian\/Divulga\u00e7\u00e3o Data: Quinta (28) Hor\u00e1rio: 20h Local: [&hellip;]<\/p>\n","protected":false},"author":2,"featured_media":23710,"comment_status":"open","ping_status":"open","sticky":false,"template":"","format":"standard","meta":{"advanced_seo_description":"","jetpack_seo_html_title":"","jetpack_seo_noindex":false,"_jetpack_memberships_contains_paid_content":false,"footnotes":""},"categories":[40],"tags":[],"class_list":{"0":"post-23703","1":"post","2":"type-post","3":"status-publish","4":"format-standard","5":"has-post-thumbnail","7":"category-destaques"},"jetpack_featured_media_url":"https:\/\/www.paranapraia.com.br\/wp-content\/uploads\/2019\/11\/agendafala.jpg","jetpack_sharing_enabled":true,"_links":{"self":[{"href":"https:\/\/www.paranapraia.com.br\/index.php\/wp-json\/wp\/v2\/posts\/23703"}],"collection":[{"href":"https:\/\/www.paranapraia.com.br\/index.php\/wp-json\/wp\/v2\/posts"}],"about":[{"href":"https:\/\/www.paranapraia.com.br\/index.php\/wp-json\/wp\/v2\/types\/post"}],"author":[{"embeddable":true,"href":"https:\/\/www.paranapraia.com.br\/index.php\/wp-json\/wp\/v2\/users\/2"}],"replies":[{"embeddable":true,"href":"https:\/\/www.paranapraia.com.br\/index.php\/wp-json\/wp\/v2\/comments?post=23703"}],"version-history":[{"count":1,"href":"https:\/\/www.paranapraia.com.br\/index.php\/wp-json\/wp\/v2\/posts\/23703\/revisions"}],"predecessor-version":[{"id":23711,"href":"https:\/\/www.paranapraia.com.br\/index.php\/wp-json\/wp\/v2\/posts\/23703\/revisions\/23711"}],"wp:featuredmedia":[{"embeddable":true,"href":"https:\/\/www.paranapraia.com.br\/index.php\/wp-json\/wp\/v2\/media\/23710"}],"wp:attachment":[{"href":"https:\/\/www.paranapraia.com.br\/index.php\/wp-json\/wp\/v2\/media?parent=23703"}],"wp:term":[{"taxonomy":"category","embeddable":true,"href":"https:\/\/www.paranapraia.com.br\/index.php\/wp-json\/wp\/v2\/categories?post=23703"},{"taxonomy":"post_tag","embeddable":true,"href":"https:\/\/www.paranapraia.com.br\/index.php\/wp-json\/wp\/v2\/tags?post=23703"}],"curies":[{"name":"wp","href":"https:\/\/api.w.org\/{rel}","templated":true}]}}