{"id":23699,"date":"2019-11-28T10:55:49","date_gmt":"2019-11-28T13:55:49","guid":{"rendered":"https:\/\/www.paranapraia.com.br\/?p=23699"},"modified":"2019-11-28T10:55:51","modified_gmt":"2019-11-28T13:55:51","slug":"caminhao-invade-casa-e-moradora-acorda-com-cama-dentro-da-carroceria-em-almirante-tamandare","status":"publish","type":"post","link":"https:\/\/www.paranapraia.com.br\/index.php\/2019\/11\/28\/caminhao-invade-casa-e-moradora-acorda-com-cama-dentro-da-carroceria-em-almirante-tamandare\/","title":{"rendered":"Caminh\u00e3o invade casa, e moradora acorda com cama dentro da carroceria, em Almirante Tamandar\u00e9"},"content":{"rendered":"\n<h4 class=\"wp-block-heading\">Acidente aconteceu na manh\u00e3 desta quinta-feira (28). Motorista afirmou que perdeu o freio do caminh\u00e3o em uma subida.<\/h4>\n\n\n\n<p>Um caminh\u00e3o invadiu uma casa em Almirante Tamandar\u00e9, na Regi\u00e3o Metropolitana de Curitiba, na manh\u00e3 desta quinta-feira (28).<\/p>\n\n\n\n<p>Duas pessoas estavam dentro da casa no momento do acidente. Uma delas afirmou que acordou com a cama dentro da carroceria do caminh\u00e3o. Ningu\u00e9m ficou ferido.<\/p>\n\n\n\n<blockquote class=\"wp-block-quote is-layout-flow wp-block-quote-is-layout-flow\"><p>&#8220;Eu estava dormindo, acordei com o barulho. Quando vi, minha cama caiu em cima da carroceria. Olhei pela janela e tava tudo desabando&#8221;, afirmou a moradora Zeilda Maria Bueno.<\/p><\/blockquote>\n\n\n\n<p>De acordo com o Corpo de Bombeiros, o motorista disse que o caminh\u00e3o perdeu for\u00e7a em uma subida. O ve\u00edculo voltou sem freio pela rua em marcha \u00e0 r\u00e9 e bateu na parede da casa.<\/p>\n\n\n\n<figure class=\"wp-block-image\"><img decoding=\"async\" src=\"https:\/\/s2.glbimg.com\/Wq2wSkc4uvh1FYWb7K39JvRrHVo=\/0x0:1152x864\/984x0\/smart\/filters:strip_icc()\/i.s3.glbimg.com\/v1\/AUTH_59edd422c0c84a879bd37670ae4f538a\/internal_photos\/bs\/2019\/k\/P\/EpTa18TVOBliPmUqylJA\/casa2.jpg\" alt=\"Autoridades ir\u00e3o avaliar se houve dano estrutural na casa invadida por caminh\u00e3o em Almirante Tamandar\u00e9 \u2014 Foto: Maur\u00edcio Freire\/ RPC Curitiba\"\/><\/figure>\n\n\n\n<p>Autoridades ir\u00e3o avaliar se houve dano estrutural na casa invadida por caminh\u00e3o em Almirante Tamandar\u00e9 \u2014 Foto: Maur\u00edcio Freire\/ RPC Curitiba<\/p>\n\n\n\n<p>O acidente aconteceu na Rua Olavo Bilac, pr\u00f3ximo ao limite do munic\u00edpio com Curitiba.<\/p>\n\n\n\n<p>Segundo os bombeiros, a casa est\u00e1 interditada at\u00e9 que a Comiss\u00e3o de Seguran\u00e7a de Edifica\u00e7\u00f5es e Im\u00f3veis (Cosedi) avalie se h\u00e1 danos estruturais na resid\u00eancia.<\/p>\n\n\n\n<p>G1PR<br><\/p>\n","protected":false},"excerpt":{"rendered":"<p>Acidente aconteceu na manh\u00e3 desta quinta-feira (28). Motorista afirmou que perdeu o freio do caminh\u00e3o em uma subida. Um caminh\u00e3o invadiu uma casa em Almirante Tamandar\u00e9, na Regi\u00e3o Metropolitana de Curitiba, na manh\u00e3 desta quinta-feira (28). Duas pessoas estavam dentro da casa no momento do acidente. Uma delas afirmou que acordou com a cama dentro [&hellip;]<\/p>\n","protected":false},"author":2,"featured_media":23701,"comment_status":"open","ping_status":"open","sticky":false,"template":"","format":"standard","meta":{"advanced_seo_description":"","jetpack_seo_html_title":"","jetpack_seo_noindex":false,"_jetpack_memberships_contains_paid_content":false,"footnotes":""},"categories":[40],"tags":[],"class_list":{"0":"post-23699","1":"post","2":"type-post","3":"status-publish","4":"format-standard","5":"has-post-thumbnail","7":"category-destaques"},"jetpack_featured_media_url":"https:\/\/www.paranapraia.com.br\/wp-content\/uploads\/2019\/11\/caminho.jpg","jetpack_sharing_enabled":true,"_links":{"self":[{"href":"https:\/\/www.paranapraia.com.br\/index.php\/wp-json\/wp\/v2\/posts\/23699"}],"collection":[{"href":"https:\/\/www.paranapraia.com.br\/index.php\/wp-json\/wp\/v2\/posts"}],"about":[{"href":"https:\/\/www.paranapraia.com.br\/index.php\/wp-json\/wp\/v2\/types\/post"}],"author":[{"embeddable":true,"href":"https:\/\/www.paranapraia.com.br\/index.php\/wp-json\/wp\/v2\/users\/2"}],"replies":[{"embeddable":true,"href":"https:\/\/www.paranapraia.com.br\/index.php\/wp-json\/wp\/v2\/comments?post=23699"}],"version-history":[{"count":1,"href":"https:\/\/www.paranapraia.com.br\/index.php\/wp-json\/wp\/v2\/posts\/23699\/revisions"}],"predecessor-version":[{"id":23702,"href":"https:\/\/www.paranapraia.com.br\/index.php\/wp-json\/wp\/v2\/posts\/23699\/revisions\/23702"}],"wp:featuredmedia":[{"embeddable":true,"href":"https:\/\/www.paranapraia.com.br\/index.php\/wp-json\/wp\/v2\/media\/23701"}],"wp:attachment":[{"href":"https:\/\/www.paranapraia.com.br\/index.php\/wp-json\/wp\/v2\/media?parent=23699"}],"wp:term":[{"taxonomy":"category","embeddable":true,"href":"https:\/\/www.paranapraia.com.br\/index.php\/wp-json\/wp\/v2\/categories?post=23699"},{"taxonomy":"post_tag","embeddable":true,"href":"https:\/\/www.paranapraia.com.br\/index.php\/wp-json\/wp\/v2\/tags?post=23699"}],"curies":[{"name":"wp","href":"https:\/\/api.w.org\/{rel}","templated":true}]}}