{"id":23696,"date":"2019-11-28T10:53:04","date_gmt":"2019-11-28T13:53:04","guid":{"rendered":"https:\/\/www.paranapraia.com.br\/?p=23696"},"modified":"2019-11-28T10:53:06","modified_gmt":"2019-11-28T13:53:06","slug":"prefeito-rafael-greca-e-internado-para-cirurgia-no-abdomen","status":"publish","type":"post","link":"https:\/\/www.paranapraia.com.br\/index.php\/2019\/11\/28\/prefeito-rafael-greca-e-internado-para-cirurgia-no-abdomen\/","title":{"rendered":"Prefeito Rafael Greca \u00e9 internado para cirurgia no abd\u00f4men"},"content":{"rendered":"\n<h4 class=\"wp-block-heading\">De acordo com a Prefeitura de Curitiba, exames detectaram uma h\u00e9rnia abdominal em Greca. Cirurgia n\u00e3o \u00e9 de emerg\u00eancia.<\/h4>\n\n\n\n<p>O prefeito de Curitiba, Rafael Greca (DEM), foi internado para realizar uma cirurgia no abd\u00f4men na manh\u00e3 desta quinta-feira (28).<\/p>\n\n\n\n<p>De acordo com a prefeitura, exames realizados na quarta-feira (27) apontaram a presen\u00e7a de uma h\u00e9rnia na parede do abd\u00f4men.<\/p>\n\n\n\n<p>Segundo a prefeitura, a cirurgia n\u00e3o \u00e9 de emerg\u00eancia, mas Greca optou por fazer a interven\u00e7\u00e3o imediatamente.<\/p>\n\n\n\n<p>A prefeitura informou que a cirurgia para fechamento da h\u00e9rnia \u00e9 considerada de baixo risco.<\/p>\n\n\n\n<p>Em 2017, no primeiro dia do atual mandato de prefeito,\u00a0Rafael Greca foi internado com uma tromboembolia pulmonar. Na oportunidade, ele ficou uma semana sob observa\u00e7\u00e3o no hospital.<\/p>\n\n\n\n<p>Em dezembro de 2018, Rafael Greca\u00a0foi internado com uma h\u00e9rnia umbilical\u00a0para ser submetido a uma cirurgia de emerg\u00eancia.\u00a0Ele passou 11 dias internado e teve alta em janeiro.<\/p>\n\n\n\n<p>G1PR<br><\/p>\n","protected":false},"excerpt":{"rendered":"<p>De acordo com a Prefeitura de Curitiba, exames detectaram uma h\u00e9rnia abdominal em Greca. Cirurgia n\u00e3o \u00e9 de emerg\u00eancia. O prefeito de Curitiba, Rafael Greca (DEM), foi internado para realizar uma cirurgia no abd\u00f4men na manh\u00e3 desta quinta-feira (28). De acordo com a prefeitura, exames realizados na quarta-feira (27) apontaram a presen\u00e7a de uma h\u00e9rnia [&hellip;]<\/p>\n","protected":false},"author":2,"featured_media":23697,"comment_status":"open","ping_status":"open","sticky":false,"template":"","format":"standard","meta":{"advanced_seo_description":"","jetpack_seo_html_title":"","jetpack_seo_noindex":false,"_jetpack_memberships_contains_paid_content":false,"footnotes":""},"categories":[40],"tags":[],"class_list":{"0":"post-23696","1":"post","2":"type-post","3":"status-publish","4":"format-standard","5":"has-post-thumbnail","7":"category-destaques"},"jetpack_featured_media_url":"https:\/\/www.paranapraia.com.br\/wp-content\/uploads\/2019\/11\/betor.jpg","jetpack_sharing_enabled":true,"_links":{"self":[{"href":"https:\/\/www.paranapraia.com.br\/index.php\/wp-json\/wp\/v2\/posts\/23696"}],"collection":[{"href":"https:\/\/www.paranapraia.com.br\/index.php\/wp-json\/wp\/v2\/posts"}],"about":[{"href":"https:\/\/www.paranapraia.com.br\/index.php\/wp-json\/wp\/v2\/types\/post"}],"author":[{"embeddable":true,"href":"https:\/\/www.paranapraia.com.br\/index.php\/wp-json\/wp\/v2\/users\/2"}],"replies":[{"embeddable":true,"href":"https:\/\/www.paranapraia.com.br\/index.php\/wp-json\/wp\/v2\/comments?post=23696"}],"version-history":[{"count":1,"href":"https:\/\/www.paranapraia.com.br\/index.php\/wp-json\/wp\/v2\/posts\/23696\/revisions"}],"predecessor-version":[{"id":23698,"href":"https:\/\/www.paranapraia.com.br\/index.php\/wp-json\/wp\/v2\/posts\/23696\/revisions\/23698"}],"wp:featuredmedia":[{"embeddable":true,"href":"https:\/\/www.paranapraia.com.br\/index.php\/wp-json\/wp\/v2\/media\/23697"}],"wp:attachment":[{"href":"https:\/\/www.paranapraia.com.br\/index.php\/wp-json\/wp\/v2\/media?parent=23696"}],"wp:term":[{"taxonomy":"category","embeddable":true,"href":"https:\/\/www.paranapraia.com.br\/index.php\/wp-json\/wp\/v2\/categories?post=23696"},{"taxonomy":"post_tag","embeddable":true,"href":"https:\/\/www.paranapraia.com.br\/index.php\/wp-json\/wp\/v2\/tags?post=23696"}],"curies":[{"name":"wp","href":"https:\/\/api.w.org\/{rel}","templated":true}]}}