{"id":23658,"date":"2019-11-27T18:28:21","date_gmt":"2019-11-27T21:28:21","guid":{"rendered":"https:\/\/www.paranapraia.com.br\/?p=23658"},"modified":"2019-11-27T18:28:23","modified_gmt":"2019-11-27T21:28:23","slug":"ecoturismo-em-morretes-aventura-no-parque-estadual-do-pico-marumbi","status":"publish","type":"post","link":"https:\/\/www.paranapraia.com.br\/index.php\/2019\/11\/27\/ecoturismo-em-morretes-aventura-no-parque-estadual-do-pico-marumbi\/","title":{"rendered":"Ecoturismo em Morretes: aventura no Parque Estadual do Pico Marumbi"},"content":{"rendered":"\n<p>N\u00e3o d\u00e1 pra negar que uma das regi\u00f5es mais lindas e incr\u00edveis do Paran\u00e1 est\u00e1 no litoral. Por isso, cada vez que vou para l\u00e1, fico ainda mais encantada. Quem vai participar dos Jogos de Aventura e Natureza n\u00e3o pode perder as muitas aventuras que essa regi\u00e3o reserva.<\/p>\n\n\n\n<p>Uma das experi\u00eancias mais incr\u00edveis que j\u00e1 vivi, turistando pelo Paran\u00e1, foi na cidade de Morretes. A cidade \u00e9 repleta de op\u00e7\u00f5es para todos os tipos de turistas. E para quem curte ecoturismo, certamente se sentir\u00e1 em um para\u00edso, como eu me senti.<\/p>\n\n\n\n<p>Os turistas menos aventureiros, mas que querem ter contato com a natureza, podem aproveitar para se banhar em um dos rios de \u00e1guas cristalinas da regi\u00e3o ou ao menos contemplar. O Rio Nhundiaquara \u00e9 um deles, que inclusive passa bem no centro da cidade. J\u00e1 os mais aventureiros podem se lan\u00e7ar nos rios e praticar Rafting, Boia Cross ou Canoagem. Al\u00e9m disso, h\u00e1 a possibilidade de visitar cachoeiras ou fazer trilhas pelo Parque Estadual do Pico Marumbi.<\/p>\n\n\n\n<p>Ainda n\u00e3o tive a oportunidade de fazer todas essas aventuras por l\u00e1, mas vou compartilhar com voc\u00ea uma das experi\u00eancias mais marcantes que tive na cidade, com minha fam\u00edlia, e que me fez ficar ainda mais apaixonada pela pr\u00e1tica do Montanhismo.<\/p>\n\n\n\n<p>N\u00f3s encaramos o desafio de fazer uma aventura do Parque Estadual do Pico Marumbi, que compreende tr\u00eas munic\u00edpios: Morretes, Quatro Barras e Piraquara. O local \u00e9 cercado por belezas naturais, que comp\u00f5em a maior unidade de conserva\u00e7\u00e3o do Estado aberta ao p\u00fablico, considerada Patrim\u00f4nio da Humanidade e Reserva da Biosfera pela Unesco, devido \u00e0 preserva\u00e7\u00e3o da Mata Atl\u00e2ntica.<\/p>\n\n\n\n<p>Um dos atrativos do Parque \u00e9 o Conjunto Marumbi, que \u00e9 composto por nove cumes. O mais alto \u00e9 o Monte Olimpo, com seus 1539 metros de altura.<\/p>\n\n\n\n<p>N\u00f3s tivemos a alegria de fazer uma das trilhas do Conjunto Marumbi, claro que, como est\u00e1vamos com uma crian\u00e7a de quase 7 anos, subimos o cume mais baixo do conjunto: o Morro Rochedinho, que tem 625 metros de altura.<\/p>\n\n\n\n<p>Para fazer essa aventura, contratamos uma empresa de Morretes, que opera atividades de ecoturismo e aventura na regi\u00e3o. Portanto, est\u00e1vamos acompanhados por um guia que conhecia o trajeto que ir\u00edamos percorrer. Apesar de n\u00e3o ser obrigat\u00f3rio fazer as trilhas do Parque com guia, prefiro contratar um, pois sempre sinto que, dessa maneira, eu e minha fam\u00edlia estamos mais seguros.<\/p>\n\n\n\n<p>Em nosso passeio, partimos do centro de Morretes com carro da empresa e fomos at\u00e9 o posto do Instituto Ambiental do Paran\u00e1 (IAP) Prainhas, onde se inicia o Caminho do Itupava. Nossa caminhada come\u00e7ou neste ponto. Do Posto do IAP at\u00e9 o cume do Morro Rochedinho, foram seis quil\u00f4metros de caminhada sempre em um trajeto \u00edngreme.<\/p>\n\n\n\n<figure class=\"wp-block-image\"><img decoding=\"async\" src=\"https:\/\/s2.glbimg.com\/51oHJYuU98llDhePpsjl0MVvVYg=\/0x0:1400x933\/984x0\/smart\/filters:strip_icc()\/i.s3.glbimg.com\/v1\/AUTH_59edd422c0c84a879bd37670ae4f538a\/internal_photos\/bs\/2019\/7\/2\/xpObA0REC9F3TNypGH8A\/caminho-do-itupava.jpg\" alt=\"In\u00edcio da caminhada no Caminho do Itupava. \u2014 Foto: Keila Kubo\"\/><\/figure>\n\n\n\n<p>In\u00edcio da caminhada no Caminho do Itupava. \u2014 Foto: Keila Kubo<\/p>\n\n\n\n<p>Antes de chegar at\u00e9 o cume, primeiro caminhamos por um trecho do Caminho do Itupava, que \u00e9 um dos mais antigos do Paran\u00e1. Esse caminho ligava Morretes a Curitiba e foi aberto pelos \u00edndios que habitavam a regi\u00e3o antes do descobrimento do Brasil. Em 1625, o caminho foi cal\u00e7ado com pedras para facilitar o percurso. De acordo com um dos guias da empresa que nos atendeu, todas as pedras que ainda est\u00e3o l\u00e1 s\u00e3o originais.<\/p>\n\n\n\n<figure class=\"wp-block-image\"><img decoding=\"async\" src=\"https:\/\/s2.glbimg.com\/cCC2Djh_CfKZ4AEav_au7ySyfeE=\/0x0:1400x933\/984x0\/smart\/filters:strip_icc()\/i.s3.glbimg.com\/v1\/AUTH_59edd422c0c84a879bd37670ae4f538a\/internal_photos\/bs\/2019\/O\/O\/puZdbLT9usdn0HpHhCig\/caminho-do-itupava..jpg\" alt=\"Eu me senti emocionada por andar nessas pedras hist\u00f3ricas. \u2014 Foto: Marcio Kubo\"\/><\/figure>\n\n\n\n<p>Eu me senti emocionada por andar nessas pedras hist\u00f3ricas. \u2014 Foto: Marcio Kubo<\/p>\n\n\n\n<p>Depois de andarmos ao menos em um trecho do Caminho do Itupava, seguimos em dire\u00e7\u00e3o \u00e0 Esta\u00e7\u00e3o do Marumbi, onde h\u00e1 outro posto do IAP, que \u00e9 a base do Conjunto Marumbi. Para chegar at\u00e9 l\u00e1, passamos por uma mina d\u2019\u00e1gua, onde aproveitamos para reabastecer nossas garrafas, e tamb\u00e9m pela Esta\u00e7\u00e3o Engenheiro Lange, onde foi preciso esperar um trem cargueiro passar para, ent\u00e3o, podermos atravessar o trilho.<\/p>\n\n\n\n<figure class=\"wp-block-image\"><img decoding=\"async\" src=\"https:\/\/s2.glbimg.com\/lBS6FmlEufngqpBm6EMaIZh5aM8=\/0x0:1400x933\/984x0\/smart\/filters:strip_icc()\/i.s3.glbimg.com\/v1\/AUTH_59edd422c0c84a879bd37670ae4f538a\/internal_photos\/bs\/2019\/M\/A\/GrPzjBR9eXiA6Gy9G5EA\/trilho-de-trem-serra-do-mar.jpg\" alt=\"Cruzamos o trilho que faz parte do trajeto do famoso passeio de trem de Morretes. \u2014 Foto: Marcio Kubo\"\/><\/figure>\n\n\n\n<p>Cruzamos o trilho que faz parte do trajeto do famoso passeio de trem de Morretes. \u2014 Foto: Marcio Kubo<\/p>\n\n\n\n<p>Nesta esta\u00e7\u00e3o, havia diversos ve\u00edculos com tra\u00e7\u00e3o 4&#215;4 estacionados. Portanto, \u00e9 poss\u00edvel subir com este tipo de carro at\u00e9 esse ponto e iniciar a caminhada apenas ali. Como n\u00f3s quer\u00edamos andar o m\u00e1ximo poss\u00edvel, ficamos satisfeitos em iniciar no Posto do IAP Prainhas. Mas, para aqueles que n\u00e3o est\u00e3o a fim de caminhar tanto, ir de carro at\u00e9 l\u00e1 \u00e9 uma boa op\u00e7\u00e3o.<\/p>\n\n\n\n<p>Depois de passar pela Esta\u00e7\u00e3o Engenheiro Lange, ainda andamos mais um quil\u00f4metro at\u00e9 a Esta\u00e7\u00e3o do Marumbi, onde fizemos um cadastro no posto do IAP, antes de iniciar a trilha. Essa \u00e9 uma exig\u00eancia para todos que percorrem trilhas no Conjunto Marumbi. Por l\u00e1, h\u00e1 banheiros e tamb\u00e9m um espa\u00e7o apropriado para os aventureiros que queiram acampar.<\/p>\n\n\n\n<figure class=\"wp-block-image\"><img decoding=\"async\" src=\"https:\/\/s2.glbimg.com\/Tw_tQT9MvWZ6BbAp8PJWH2IEzrg=\/0x0:1400x933\/984x0\/smart\/filters:strip_icc()\/i.s3.glbimg.com\/v1\/AUTH_59edd422c0c84a879bd37670ae4f538a\/internal_photos\/bs\/2019\/k\/U\/ZPU929RRACKJ79jsnjrA\/estacao-marumbi.jpg\" alt=\"A Esta\u00e7\u00e3o Ferrovi\u00e1ria Marumbi fica na base do Conjunto Marumbi. \u2014 Foto: Marcio Kubo\"\/><\/figure>\n\n\n\n<p>A Esta\u00e7\u00e3o Ferrovi\u00e1ria Marumbi fica na base do Conjunto Marumbi. \u2014 Foto: Marcio Kubo<\/p>\n\n\n\n<p>Ap\u00f3s o cadastro e uma paradinha para descanso, continuamos a caminhada. A trilha at\u00e9 o cume do Morro Rochedinho, a partir da Esta\u00e7\u00e3o Marumbi, tem aproximadamente um quil\u00f4metro de extens\u00e3o. Nesta parte, o trajeto \u00e9 em solo natural e, consequentemente, mais dif\u00edcil, se comparado ao caminho feito at\u00e9 a Esta\u00e7\u00e3o Marumbi, que era quase todo com cal\u00e7amento.<\/p>\n\n\n\n<figure class=\"wp-block-image\"><img decoding=\"async\" src=\"https:\/\/s2.glbimg.com\/cdTleDEAc0362E6ivd9GZp0RtmM=\/0x0:1400x933\/984x0\/smart\/filters:strip_icc()\/i.s3.glbimg.com\/v1\/AUTH_59edd422c0c84a879bd37670ae4f538a\/internal_photos\/bs\/2019\/3\/B\/vBiM2ERnqwnQ8tKfoPJA\/trilha-no-morro-rochedinho.jpg\" alt=\"Parte da trilha que d\u00e1 acesso ao Morro Rochedinho. \u2014 Foto: Marcio Kubo\"\/><\/figure>\n\n\n\n<p>Parte da trilha que d\u00e1 acesso ao Morro Rochedinho. \u2014 Foto: Marcio Kubo<\/p>\n\n\n\n<p>Foi ali que a divers\u00e3o realmente come\u00e7ou para meu filho, que adora um desafio em meio \u00e0 natureza. E eu senti muita satisfa\u00e7\u00e3o por estar fazendo uma das trilhas do Conjunto Marumbi. N\u00e3o imaginava que poderia fazer isso t\u00e3o cedo, j\u00e1 que achava que todas as trilhas do Conjunto tivessem um alto grau de dificuldade. Ent\u00e3o, poder subir um dos cumes, mesmo sendo o menor e o mais f\u00e1cil entre os nove do conjunto, j\u00e1 me fez ficar animada.<\/p>\n\n\n\n<p>Mesmo animada, senti dificuldades na parte final do trajeto, onde precisei superar as minhas limita\u00e7\u00f5es. Confesso que tenho medo de altura e n\u00e3o imaginava que precisaria andar por um trecho t\u00e3o pr\u00f3ximo ao desfiladeiro. Mas, com muita calma, fui me deslocando devagar e consegui chegar at\u00e9 o cume.<\/p>\n\n\n\n<figure class=\"wp-block-image\"><img decoding=\"async\" src=\"https:\/\/s2.glbimg.com\/TVy-wnwJCtB61DyHr97isdrKaxs=\/0x0:1400x933\/984x0\/smart\/filters:strip_icc()\/i.s3.glbimg.com\/v1\/AUTH_59edd422c0c84a879bd37670ae4f538a\/internal_photos\/bs\/2019\/c\/Z\/9LbzFbS6ewTkG5wOnBSQ\/trilha-do-morro-rochedinho.jpg\" alt=\"Para mim, a parte mais dif\u00edcil da trilha foi caminhar pr\u00f3ximo ao desfiladeiro. \u2014 Foto: Marcio Kubo\"\/><\/figure>\n\n\n\n<p>Para mim, a parte mais dif\u00edcil da trilha foi caminhar pr\u00f3ximo ao desfiladeiro. \u2014 Foto: Marcio Kubo<\/p>\n\n\n\n<p>Uma vez no cume do Morro Rochedinho, depois de descansar um pouco, o medo de altura foi dando lugar a enorme alegria de poder contemplar com meus pr\u00f3prios olhos uma paisagem t\u00e3o surpreendente. Estava na maravilhosa Serra do Mar Paranaense, podendo ver uma imensid\u00e3o de verde, de \u00e1gua, de montanhas e de picos. Al\u00e9m disso, ainda podia ouvir e ver o trem pequenininho passando l\u00e1 embaixo. Certamente, foi uma das paisagens mais lindas que tive o privil\u00e9gio de observar pelo Paran\u00e1.<\/p>\n\n\n\n<figure class=\"wp-block-image\"><img decoding=\"async\" src=\"https:\/\/s2.glbimg.com\/hzcfCEJSCLgxwrlB0dPvonmZgrg=\/0x0:1400x933\/984x0\/smart\/filters:strip_icc()\/i.s3.glbimg.com\/v1\/AUTH_59edd422c0c84a879bd37670ae4f538a\/internal_photos\/bs\/2019\/2\/Z\/V4Ir0AT4AI5DZOhBkSfg\/camping-da-base-do-conjunto-marumbi.jpg\" alt=\"\u00c1rea de camping na Base do Conjunto Marumbi vista do alto do Morro Rochedinho. \u2014 Foto: Marcio Kubo\"\/><\/figure>\n\n\n\n<p>\u00c1rea de camping na Base do Conjunto Marumbi vista do alto do Morro Rochedinho. \u2014 Foto: Marcio Kubo<\/p>\n\n\n\n<p>E o meu filho nessa hist\u00f3ria toda? Estava com um olhar surpreso e curioso ao ver aquele cen\u00e1rio encantador. O menino n\u00e3o demonstrou medo em momento algum e adorou os desafios para chegar at\u00e9 o cume do Morro Rochedinho.<\/p>\n\n\n\n<figure class=\"wp-block-image\"><img decoding=\"async\" src=\"https:\/\/s2.glbimg.com\/oc8xGk4QdDKCqJmwTWqQENO1a3Y=\/0x0:1400x933\/984x0\/smart\/filters:strip_icc()\/i.s3.glbimg.com\/v1\/AUTH_59edd422c0c84a879bd37670ae4f538a\/internal_photos\/bs\/2019\/G\/W\/O9BVx9Q2AiAzL8G6D4dg\/vista-do-morro-rochedinho.jpg\" alt=\"Um dos \u00e2ngulos da maravilhosa paisagem que contemplamos no Morro Rochedinho. \u2014 Foto: Marcio Kubo\"\/><\/figure>\n\n\n\n<p>Um dos \u00e2ngulos da maravilhosa paisagem que contemplamos no Morro Rochedinho. \u2014 Foto: Marcio Kubo<\/p>\n\n\n\n<p>No cume do Morro n\u00e3o h\u00e1 muito espa\u00e7o, mas foi poss\u00edvel nos sentarmos para fazer um lanche leve, afinal ainda ter\u00edamos que descer todo o trajeto de volta e precisar\u00edamos repor as energias.<\/p>\n\n\n\n<figure class=\"wp-block-image\"><img decoding=\"async\" src=\"https:\/\/s2.glbimg.com\/eux8O2InuLqsy8Dy6wYZjw5E_Rc=\/0x0:1400x933\/984x0\/smart\/filters:strip_icc()\/i.s3.glbimg.com\/v1\/AUTH_59edd422c0c84a879bd37670ae4f538a\/internal_photos\/bs\/2019\/S\/G\/PhVqOxQKKUJgFOAdbOkg\/conjunto-marumbi.jpg\" alt=\"S\u00f3 de olhar essa imagem, d\u00e1 para imaginar a dificuldade para chegar aos outros cumes do Conjunto Marumbi. \u2014 Foto: Marcio Kubo\"\/><\/figure>\n\n\n\n<p>S\u00f3 de olhar essa imagem, d\u00e1 para imaginar a dificuldade para chegar aos outros cumes do Conjunto Marumbi. \u2014 Foto: Marcio Kubo<\/p>\n\n\n\n<p>Retornar, certamente, foi muito mais f\u00e1cil do que chegar ao cume. Caminhamos mais seis quil\u00f4metros de volta ao posto do IAP Prainhas. No total, percorremos doze quil\u00f4metros e terminamos o passeio em cinco horas, contando o tempo entre as caminhadas, descanso, lanche e contempla\u00e7\u00e3o.<\/p>\n\n\n\n<p>Est\u00e1vamos todos esgotados fisicamente, mas com uma sensa\u00e7\u00e3o de realiza\u00e7\u00e3o, por termos superado todas as nossas expectativas e limita\u00e7\u00f5es. Considero que n\u00e3o foi uma aventura f\u00e1cil, entretanto durante todo o trajeto me senti imensamente agradecida por estar andando pela Serra do Mar, que tem um visual e uma energia espetacular, sem contar a import\u00e2ncia hist\u00f3rica dos lugares por onde passamos.<\/p>\n\n\n\n<p>J\u00e1 hav\u00edamos feito o passeio de trem de Morretes, que foi classificado pelo jornal americano The Wall Street Journal como uma das viagens ferrovi\u00e1rias mais bonitas do mundo. Eu me lembro que, ao passar pela Esta\u00e7\u00e3o Marumbi e ver os aventureiros por ali, prometi para mim mesma que um dia andaria por aquelas trilhas. A sensa\u00e7\u00e3o que tive era a de estar realizando um sonho. E realmente estava!<\/p>\n\n\n\n<figure class=\"wp-block-image\"><img decoding=\"async\" src=\"https:\/\/s2.glbimg.com\/v-T893R_xny8wgHHpSs1glMkR4o=\/0x0:1400x933\/984x0\/smart\/filters:strip_icc()\/i.s3.glbimg.com\/v1\/AUTH_59edd422c0c84a879bd37670ae4f538a\/internal_photos\/bs\/2019\/X\/F\/EbmhnMQiyjcXapc4O29Q\/vista-morro-rochedinho.jpg\" alt=\"Para todos os lados em que eu olhava a paisagem era encantadora. \u2014 Foto: Marcio Kubo\"\/><\/figure>\n\n\n\n<p>Para todos os lados em que eu olhava a paisagem era encantadora. \u2014 Foto: Marcio Kubo<\/p>\n\n\n\n<p>Se voc\u00ea quiser fazer uma trilha no Parque Estadual do Pico Marumbi, se informe sobre a dificuldade de cada uma delas e leve em considera\u00e7\u00e3o as suas limita\u00e7\u00f5es. Se voc\u00ea \u00e9 um aventureiro inexperiente, recomendo que n\u00e3o encare uma aventura desse tipo sem o acompanhamento de algu\u00e9m que conhe\u00e7a o local.<\/p>\n\n\n\n<p>Lembre-se de usar roupas e sapatos adequados para este tipo de atividade, tamb\u00e9m de levar \u00e1gua, um lanche b\u00e1sico para repor as energias, protetor solar e repelente contra insetos. Outro detalhe importante: n\u00e3o deixe seu lixo jogado pelo caminho, seja consciente e o leve de volta com voc\u00ea.<\/p>\n\n\n\n<p>G1PR<br><\/p>\n","protected":false},"excerpt":{"rendered":"<p>N\u00e3o d\u00e1 pra negar que uma das regi\u00f5es mais lindas e incr\u00edveis do Paran\u00e1 est\u00e1 no litoral. Por isso, cada vez que vou para l\u00e1, fico ainda mais encantada. Quem vai participar dos Jogos de Aventura e Natureza n\u00e3o pode perder as muitas aventuras que essa regi\u00e3o reserva. Uma das experi\u00eancias mais incr\u00edveis que j\u00e1 [&hellip;]<\/p>\n","protected":false},"author":2,"featured_media":23669,"comment_status":"open","ping_status":"open","sticky":false,"template":"","format":"standard","meta":{"advanced_seo_description":"","jetpack_seo_html_title":"","jetpack_seo_noindex":false,"_jetpack_memberships_contains_paid_content":false,"footnotes":""},"categories":[40],"tags":[],"class_list":{"0":"post-23658","1":"post","2":"type-post","3":"status-publish","4":"format-standard","5":"has-post-thumbnail","7":"category-destaques"},"jetpack_featured_media_url":"https:\/\/www.paranapraia.com.br\/wp-content\/uploads\/2019\/11\/morro.jpg","jetpack_sharing_enabled":true,"_links":{"self":[{"href":"https:\/\/www.paranapraia.com.br\/index.php\/wp-json\/wp\/v2\/posts\/23658"}],"collection":[{"href":"https:\/\/www.paranapraia.com.br\/index.php\/wp-json\/wp\/v2\/posts"}],"about":[{"href":"https:\/\/www.paranapraia.com.br\/index.php\/wp-json\/wp\/v2\/types\/post"}],"author":[{"embeddable":true,"href":"https:\/\/www.paranapraia.com.br\/index.php\/wp-json\/wp\/v2\/users\/2"}],"replies":[{"embeddable":true,"href":"https:\/\/www.paranapraia.com.br\/index.php\/wp-json\/wp\/v2\/comments?post=23658"}],"version-history":[{"count":1,"href":"https:\/\/www.paranapraia.com.br\/index.php\/wp-json\/wp\/v2\/posts\/23658\/revisions"}],"predecessor-version":[{"id":23670,"href":"https:\/\/www.paranapraia.com.br\/index.php\/wp-json\/wp\/v2\/posts\/23658\/revisions\/23670"}],"wp:featuredmedia":[{"embeddable":true,"href":"https:\/\/www.paranapraia.com.br\/index.php\/wp-json\/wp\/v2\/media\/23669"}],"wp:attachment":[{"href":"https:\/\/www.paranapraia.com.br\/index.php\/wp-json\/wp\/v2\/media?parent=23658"}],"wp:term":[{"taxonomy":"category","embeddable":true,"href":"https:\/\/www.paranapraia.com.br\/index.php\/wp-json\/wp\/v2\/categories?post=23658"},{"taxonomy":"post_tag","embeddable":true,"href":"https:\/\/www.paranapraia.com.br\/index.php\/wp-json\/wp\/v2\/tags?post=23658"}],"curies":[{"name":"wp","href":"https:\/\/api.w.org\/{rel}","templated":true}]}}