{"id":23558,"date":"2019-11-26T18:24:10","date_gmt":"2019-11-26T21:24:10","guid":{"rendered":"https:\/\/www.paranapraia.com.br\/?p=23558"},"modified":"2019-11-26T18:24:11","modified_gmt":"2019-11-26T21:24:11","slug":"hospital-de-reabilitacao-investe-r-95-milhoes-em-equipamentos","status":"publish","type":"post","link":"https:\/\/www.paranapraia.com.br\/index.php\/2019\/11\/26\/hospital-de-reabilitacao-investe-r-95-milhoes-em-equipamentos\/","title":{"rendered":"Hospital de Reabilita\u00e7\u00e3o investe R$ 9,5 milh\u00f5es em equipamentos"},"content":{"rendered":"\n<p>O Complexo Hospitalar do Trabalhador (CHT), por meio do Hospital de Reabilita\u00e7\u00e3o Ana Carolina Moura Xavier (HR), recebeu mais de R$ 9,5 milh\u00f5es para aquisi\u00e7\u00e3o de equipamentos de alto custo para atendimentos neurol\u00f3gicos. O recurso foi destinado pelo Minist\u00e9rio P\u00fablico do Trabalho ap\u00f3s o encerramento de um processo trabalhista.<\/p>\n\n\n\n<p>Em reuni\u00e3o nesta ter\u00e7a-feira (26), governador Carlos Massa Ratinho J\u00fanior agradeceu pessoalmente o procurador do Minist\u00e9rio P\u00fablico do Trabalho, Humberto Luiz Mussi de Albuquerque, pelo repasse. O valor destinado ao Hospital de Reabilita\u00e7\u00e3o foi aprovado ap\u00f3s a visita do procurador \u00e0s unidades pr\u00f3prias do Estado, Hospital do Trabalhador e Hospital de Reabilita\u00e7\u00e3o.<\/p>\n\n\n\n<p>O governador mencionou o ganho de qualidade que os paranaenses ter\u00e3o com novos equipamentos. \u201cCom esse recurso teremos um centro cir\u00fargico de alt\u00edssimo n\u00edvel e com estrutura de padr\u00e3o internacional. Nossos pacientes que precisarem de cirurgias e atendimentos neurol\u00f3gicos v\u00e3o receber o melhor atendimento de forma gratuita\u201d, disse.<\/p>\n\n\n\n<p>O Hospital de Reabilita\u00e7\u00e3o \u00e9 uma importante unidade do Estado, cujo atendimento \u00e9 feito exclusivamente por meio do SUS e oferece tratamentos especializados a portadores de doen\u00e7as neurol\u00f3gicas, neurocir\u00fargicas e ortop\u00e9dicas agudas ou cr\u00f4nicas.<\/p>\n\n\n\n<p>\u201cEstamos sempre pensando no melhor para os paranaenses em rela\u00e7\u00e3o \u00e0 sa\u00fade. Com estes equipamentos, al\u00e9m de dar o suporte adequado e de alta qualidade para os pacientes, completamos o servi\u00e7o do HR do in\u00edcio do diagn\u00f3stico, cirurgia, ou tratamento, e reabilita\u00e7\u00e3o\u201d, afirmou o secret\u00e1rio estadual da Sa\u00fade, Beto Preto.<\/p>\n\n\n\n<p>O recurso ser\u00e1 utilizado para a aquisi\u00e7\u00e3o de equipamentos e itens para o centro cir\u00fargico, para o centro de treinamento e exames de imagem. Com toda a estrutura em funcionamento ser\u00e1 poss\u00edvel cirurgias de maior complexidade, amplia\u00e7\u00e3o dos servi\u00e7os oferecidos e aumento do n\u00famero de atendimentos \u00e0 popula\u00e7\u00e3o.<\/p>\n\n\n\n<p>O diretor do Complexo Hospitalar do Trabalhador, Geci Labres de Souza Junior, assegurou que o servi\u00e7o atender\u00e1 pacientes que hoje precisam sair do Estado para se tratar. \u201cIsso vai fazer com que os paranaenses de cirurgias de alt\u00edssima complexidade, que atualmente se deslocam para outros locais, principalmente para o estado de S\u00e3o Paulo, n\u00e3o precisem mais sair do Paran\u00e1\u201d.<\/p>\n\n\n\n<p>EQUIPAMENTOS \u2013 Ser\u00e3o adquiridos microsc\u00f3pios de mesa, conjuntos de instrumentais, lumin\u00e1rias, fixadores cranianos, aspiradores port\u00e1teis, microsc\u00f3pios para neurocirurgia, mesa cir\u00fargica radiotransparente, torre de v\u00eddeo para neurocirurgia, aspirador dissector ultrass\u00f4nico, navegador cir\u00fargico, caixa instrumental para neuro e coluna, crani\u00f3timo, torre para laparoscopia,raio-x port\u00e1til e fixo, perfurador, centraliza\u00e7\u00e3o de monitoriza\u00e7\u00e3o, m\u00e1quina unitarizadora de medicamentos, eletrocardi\u00f3grafos, cardioversor, al\u00e9m da constru\u00e7\u00e3o do laborat\u00f3rio de marcha.<\/p>\n\n\n\n<p>CENEPAR &#8211; O Centro de Excel\u00eancia em Neurocirurgia do Estado do Paran\u00e1 funciona dentro do Hospital de Reabilita\u00e7\u00e3o Ana Carolina Moura Xavier. Os novos equipamentos possibilitar\u00e3o a implanta\u00e7\u00e3o do Centro de Treinamento em Neurocirurgia do Cenepar para cursos e treinamentos de cirurgias de alta complexidade e especializados.<\/p>\n\n\n\n<p>Al\u00e9m do atendimento de excel\u00eancia \u00e0 popula\u00e7\u00e3o o Cenepar ir\u00e1 treinar e capacitar m\u00e9dicos do Paran\u00e1 e de outros estados, al\u00e9m de receber neurocirurgi\u00f5es de outros pa\u00edses em um centro de capacita\u00e7\u00e3o e treinamento de n\u00edvel internacional.<\/p>\n\n\n\n<p>O diretor indicou que n\u00e3o h\u00e1 um servi\u00e7o semelhante ao do Hospital de Reabilita\u00e7\u00e3o no pa\u00eds. \u201cN\u00e3o encontramos no pa\u00eds um servi\u00e7o do SUS nessa complexidade e completude que \u00e9 o do HR. A equipe toda da unidade est\u00e1 empolgada com o que teremos em breve\u201d.<\/p>\n\n\n\n<p>O m\u00e9dico neurocirurgi\u00e3o Lu\u00eds Alencar Biurrum Borba, que atua na equipe do Hospital de Reabilita\u00e7\u00e3o de forma volunt\u00e1ria, disse o que representa o aprimoramento do espa\u00e7o f\u00edsico e dos equipamentos da unidade. \u201cA ideia \u00e9 tratar todos os pacientes com patologias extremamente complexas, cirurgias demoradas, les\u00f5es complicadas e de dif\u00edcil conduta, utilizando toda a tecnologia adequada\u201d, afirmou.<\/p>\n\n\n\n<p>HOSPITAL DE REABILITA\u00c7\u00c3O \u2013 O HR atende pacientes com doen\u00e7as neuromusculares, les\u00f5es encef\u00e1licas adquiridas, les\u00f5es medulares, mal forma\u00e7\u00f5es cong\u00eanitas, mielomeningocele, sequelas f\u00edsicas causadas pela hansen\u00edase, paralisia cerebral, amputa\u00e7\u00f5es de membros e S\u00edndrome P\u00f3s-Poliomielite. Com os novos aparelhos, o hospital ampliar\u00e1 os servi\u00e7os atendendo tamb\u00e9m pacientes com Parkinson.<\/p>\n\n\n\n<p>A unidade pr\u00f3pria do Estado contar\u00e1 ainda com salas inteligentes e h\u00edbridas de cirurgias. Isso porque os equipamentos de imagem far\u00e3o parte das ferramentas utilizadas durante as cirurgias.<\/p>\n\n\n\n<p>O Hospital iniciou as atividades em mar\u00e7o de 2008, com 80 leitos de interna\u00e7\u00e3o e 10 de Unidade de Terapia Intensiva (UTI). Por\u00e9m, os leitos de UTI permaneceram fechados e sem equipamentos at\u00e9 outubro deste ano, quando o governo estadual investiu R$ 1,5 milh\u00e3o para colocar o espa\u00e7o em funcionamento. Os novos leitos foram abertos para ampliar a retaguarda das cirurgias neurol\u00f3gicas e ortop\u00e9dicas, voltadas \u00e0 reabilita\u00e7\u00e3o dos pacientes que aguardam em filas de espera.<\/p>\n\n\n\n<p>S\u00e3o atendidas as especialidades Neurologia (adulto e infantil), Ortopedia (adulto e infantil), Urologia, Cl\u00ednica M\u00e9dica, Fisiatria, Pediatria, Gastroenterologia, Otorrinolaringologia, Cardiologia e Cirurgia Vascular.<\/p>\n\n\n\n<p>E no servi\u00e7o de reabilita\u00e7\u00e3o o HR oferece fisioterapia, fisioterapia aqu\u00e1tica, terapia ocupacional, fonoaudiologia, musicoterapia, psicologia, servi\u00e7o social, enfermagem e nutri\u00e7\u00e3o.<\/p>\n\n\n\n<p>CHT \u2013 O Complexo Hospitalar do Trabalhador incorporou o Centro Hospitalar de Reabilita\u00e7\u00e3o, o Centro de Atendimento Integral ao Fissurado Labiopalatal (CAIF) e, nos pr\u00f3ximos meses, o Centro de Refer\u00eancia Kennedy. Com as unidades em funcionamento, a proposta \u00e9 que seja refer\u00eancia de atendimento no Brasil, ampliando assim a sua capacidade de oferta da alta complexidade para todos os paranaenses.<\/p>\n\n\n\n<p>AEN<br><\/p>\n","protected":false},"excerpt":{"rendered":"<p>O Complexo Hospitalar do Trabalhador (CHT), por meio do Hospital de Reabilita\u00e7\u00e3o Ana Carolina Moura Xavier (HR), recebeu mais de R$ 9,5 milh\u00f5es para aquisi\u00e7\u00e3o de equipamentos de alto custo para atendimentos neurol\u00f3gicos. O recurso foi destinado pelo Minist\u00e9rio P\u00fablico do Trabalho ap\u00f3s o encerramento de um processo trabalhista. Em reuni\u00e3o nesta ter\u00e7a-feira (26), governador [&hellip;]<\/p>\n","protected":false},"author":2,"featured_media":23559,"comment_status":"open","ping_status":"open","sticky":false,"template":"","format":"standard","meta":{"advanced_seo_description":"","jetpack_seo_html_title":"","jetpack_seo_noindex":false,"_jetpack_memberships_contains_paid_content":false,"footnotes":""},"categories":[50],"tags":[],"class_list":{"0":"post-23558","1":"post","2":"type-post","3":"status-publish","4":"format-standard","5":"has-post-thumbnail","7":"category-saude"},"jetpack_featured_media_url":"https:\/\/www.paranapraia.com.br\/wp-content\/uploads\/2019\/11\/saude.jpg","jetpack_sharing_enabled":true,"_links":{"self":[{"href":"https:\/\/www.paranapraia.com.br\/index.php\/wp-json\/wp\/v2\/posts\/23558"}],"collection":[{"href":"https:\/\/www.paranapraia.com.br\/index.php\/wp-json\/wp\/v2\/posts"}],"about":[{"href":"https:\/\/www.paranapraia.com.br\/index.php\/wp-json\/wp\/v2\/types\/post"}],"author":[{"embeddable":true,"href":"https:\/\/www.paranapraia.com.br\/index.php\/wp-json\/wp\/v2\/users\/2"}],"replies":[{"embeddable":true,"href":"https:\/\/www.paranapraia.com.br\/index.php\/wp-json\/wp\/v2\/comments?post=23558"}],"version-history":[{"count":1,"href":"https:\/\/www.paranapraia.com.br\/index.php\/wp-json\/wp\/v2\/posts\/23558\/revisions"}],"predecessor-version":[{"id":23560,"href":"https:\/\/www.paranapraia.com.br\/index.php\/wp-json\/wp\/v2\/posts\/23558\/revisions\/23560"}],"wp:featuredmedia":[{"embeddable":true,"href":"https:\/\/www.paranapraia.com.br\/index.php\/wp-json\/wp\/v2\/media\/23559"}],"wp:attachment":[{"href":"https:\/\/www.paranapraia.com.br\/index.php\/wp-json\/wp\/v2\/media?parent=23558"}],"wp:term":[{"taxonomy":"category","embeddable":true,"href":"https:\/\/www.paranapraia.com.br\/index.php\/wp-json\/wp\/v2\/categories?post=23558"},{"taxonomy":"post_tag","embeddable":true,"href":"https:\/\/www.paranapraia.com.br\/index.php\/wp-json\/wp\/v2\/tags?post=23558"}],"curies":[{"name":"wp","href":"https:\/\/api.w.org\/{rel}","templated":true}]}}