{"id":23514,"date":"2019-11-26T14:54:29","date_gmt":"2019-11-26T17:54:29","guid":{"rendered":"https:\/\/www.paranapraia.com.br\/?p=23514"},"modified":"2019-11-26T14:54:31","modified_gmt":"2019-11-26T17:54:31","slug":"projeto-que-restringe-uso-de-fogos-de-artificio-em-curitiba-e-aprovado-na-camara-de-vereadores","status":"publish","type":"post","link":"https:\/\/www.paranapraia.com.br\/index.php\/2019\/11\/26\/projeto-que-restringe-uso-de-fogos-de-artificio-em-curitiba-e-aprovado-na-camara-de-vereadores\/","title":{"rendered":"Projeto que restringe uso de fogos de artif\u00edcio em Curitiba \u00e9 aprovado na C\u00e2mara de Vereadores"},"content":{"rendered":"\n<h4 class=\"wp-block-heading\">Projeto restringe fogos de artif\u00edcio de alto impacto e com efeito de tiro.<\/h4>\n\n\n\n<p>Os vereadores da C\u00e2mara de Curitiba aprovaram, na manh\u00e3 desta ter\u00e7a-feira (26), o projeto de lei que prev\u00ea restri\u00e7\u00f5es para o uso de fogos de artif\u00edcio e artefatos pirot\u00e9cnicos na capital e, principalmente, nas festas de fim de ano.<\/p>\n\n\n\n<p>O texto, apresentado pela vereadora Fabiane Rosa (DC), teve 31 votos favor\u00e1veis, dois contra e uma absten\u00e7\u00e3o.<\/p>\n\n\n\n<p>Conforme a vereadora, o projeto prev\u00ea a proibi\u00e7\u00e3o de fogos de artif\u00edcio de alto impacto e com efeito de tiro e vale para ambientes abertos ou fechados, p\u00fablicos ou privados.<\/p>\n\n\n\n<p>Ainda conforme Fabiane, os fogos de artif\u00edcio s\u00e3o prejudiciais aos animais dom\u00e9sticos e silvestres porque a sensibilidade ao ru\u00eddo \u00e9 maior. Al\u00e9m disso, segundo ela, o barulho tamb\u00e9m causa preju\u00edzos ao meio ambiente, idosos, crian\u00e7as, autistas e portadores de epilepsia.<\/p>\n\n\n\n<p>O projeto foi aprovado em primeiro turno. A segunda discuss\u00e3o est\u00e1 marcada para a manh\u00e3 desta quarta-feira (27).<\/p>\n\n\n\n<p>G1PR<br><\/p>\n","protected":false},"excerpt":{"rendered":"<p>Projeto restringe fogos de artif\u00edcio de alto impacto e com efeito de tiro. Os vereadores da C\u00e2mara de Curitiba aprovaram, na manh\u00e3 desta ter\u00e7a-feira (26), o projeto de lei que prev\u00ea restri\u00e7\u00f5es para o uso de fogos de artif\u00edcio e artefatos pirot\u00e9cnicos na capital e, principalmente, nas festas de fim de ano. O texto, apresentado [&hellip;]<\/p>\n","protected":false},"author":2,"featured_media":23515,"comment_status":"open","ping_status":"open","sticky":false,"template":"","format":"standard","meta":{"advanced_seo_description":"","jetpack_seo_html_title":"","jetpack_seo_noindex":false,"_jetpack_memberships_contains_paid_content":false,"footnotes":""},"categories":[40],"tags":[],"class_list":{"0":"post-23514","1":"post","2":"type-post","3":"status-publish","4":"format-standard","5":"has-post-thumbnail","7":"category-destaques"},"jetpack_featured_media_url":"https:\/\/www.paranapraia.com.br\/wp-content\/uploads\/2019\/11\/fogos-de-artificio-uberaba-2.jpg","jetpack_sharing_enabled":true,"_links":{"self":[{"href":"https:\/\/www.paranapraia.com.br\/index.php\/wp-json\/wp\/v2\/posts\/23514"}],"collection":[{"href":"https:\/\/www.paranapraia.com.br\/index.php\/wp-json\/wp\/v2\/posts"}],"about":[{"href":"https:\/\/www.paranapraia.com.br\/index.php\/wp-json\/wp\/v2\/types\/post"}],"author":[{"embeddable":true,"href":"https:\/\/www.paranapraia.com.br\/index.php\/wp-json\/wp\/v2\/users\/2"}],"replies":[{"embeddable":true,"href":"https:\/\/www.paranapraia.com.br\/index.php\/wp-json\/wp\/v2\/comments?post=23514"}],"version-history":[{"count":1,"href":"https:\/\/www.paranapraia.com.br\/index.php\/wp-json\/wp\/v2\/posts\/23514\/revisions"}],"predecessor-version":[{"id":23516,"href":"https:\/\/www.paranapraia.com.br\/index.php\/wp-json\/wp\/v2\/posts\/23514\/revisions\/23516"}],"wp:featuredmedia":[{"embeddable":true,"href":"https:\/\/www.paranapraia.com.br\/index.php\/wp-json\/wp\/v2\/media\/23515"}],"wp:attachment":[{"href":"https:\/\/www.paranapraia.com.br\/index.php\/wp-json\/wp\/v2\/media?parent=23514"}],"wp:term":[{"taxonomy":"category","embeddable":true,"href":"https:\/\/www.paranapraia.com.br\/index.php\/wp-json\/wp\/v2\/categories?post=23514"},{"taxonomy":"post_tag","embeddable":true,"href":"https:\/\/www.paranapraia.com.br\/index.php\/wp-json\/wp\/v2\/tags?post=23514"}],"curies":[{"name":"wp","href":"https:\/\/api.w.org\/{rel}","templated":true}]}}