{"id":23508,"date":"2019-11-26T14:40:55","date_gmt":"2019-11-26T17:40:55","guid":{"rendered":"https:\/\/www.paranapraia.com.br\/?p=23508"},"modified":"2019-11-26T14:40:57","modified_gmt":"2019-11-26T17:40:57","slug":"dilma-vai-processar-autor-de-foto-na-primeira-classe-do-aviao","status":"publish","type":"post","link":"https:\/\/www.paranapraia.com.br\/index.php\/2019\/11\/26\/dilma-vai-processar-autor-de-foto-na-primeira-classe-do-aviao\/","title":{"rendered":"Dilma vai processar autor de foto na primeira classe do avi\u00e3o"},"content":{"rendered":"\n<p>A ex-presidente\u00a0Dilma Rousseff\u00a0vai processar o homem que publicou nas redes sociais imagens e detalhes da\u00a0viagem\u00a0que ela realizou entre Dubai e S\u00e3o Paulo nesta semana. O post, que viralizou na internet, conta com fotos da ex-presidente dormindo e informa\u00e7\u00f5es sobre o que ela consumiu no voo. E ainda acusa Dilma de ter usado dinheiro p\u00fablico para viajar na primeira classe.<\/p>\n\n\n\n<p>\u201cOlha a companheira Dilma, voando First Class de Dubai pra SP&#8230; eu n\u00e3o disse Caracas ou Havana para SP&#8230; Dubai pra SP&#8230; meteu aquele Caviar, umas boas ta\u00e7as de Dom Perignon, e logicamente aquele vinho Franc\u00eas&#8230; uma maravilha&#8230; Parab\u00e9ns pra voc\u00ea que tamb\u00e9m paga por isso !!!\u201d, escreveu o homem, que tamb\u00e9m estava na primeira classe do voo entre Dubai e S\u00e3o Paulo.<\/p>\n\n\n\n<p>Logo depois da foto virar assunto em grupos de WhatsApp, a ex-presidente Dilma soltou uma nota informando que foi a Dubai para participar de uma confer\u00eancia sobre os direitos das futuras gera\u00e7\u00f5es. Ela disse ainda que foi aos Emirados \u00c1rabes a convite do Xeique bin Mohammed Al Qasimi e teve todos os custos da viagem custeados pelo evento.<\/p>\n\n\n\n<p>Mesmo assim, a repercuss\u00e3o em torno da viagem continuou. Por isso, neste fim de semana Dilma informou que vai processar o autor do post que viralizou nas redes sociais. Ele pode ser processado pela dissemina\u00e7\u00e3o de informa\u00e7\u00e3o falsa e tamb\u00e9m pela publica\u00e7\u00e3o de fotos n\u00e3o autorizadas pelo fotografado. Segundo a assessoria da ex-presidente, ela ser\u00e1 representada no caso por seu advogado, o ex-ministro da Justi\u00e7a Jos\u00e9 Eduardo Cardozo.<\/p>\n\n\n\n<p>UOL<br><\/p>\n\n\n\n<p><br><\/p>\n","protected":false},"excerpt":{"rendered":"<p>A ex-presidente\u00a0Dilma Rousseff\u00a0vai processar o homem que publicou nas redes sociais imagens e detalhes da\u00a0viagem\u00a0que ela realizou entre Dubai e S\u00e3o Paulo nesta semana. O post, que viralizou na internet, conta com fotos da ex-presidente dormindo e informa\u00e7\u00f5es sobre o que ela consumiu no voo. E ainda acusa Dilma de ter usado dinheiro p\u00fablico para [&hellip;]<\/p>\n","protected":false},"author":2,"featured_media":23509,"comment_status":"open","ping_status":"open","sticky":false,"template":"","format":"standard","meta":{"advanced_seo_description":"","jetpack_seo_html_title":"","jetpack_seo_noindex":false,"_jetpack_memberships_contains_paid_content":false,"footnotes":""},"categories":[55],"tags":[],"class_list":{"0":"post-23508","1":"post","2":"type-post","3":"status-publish","4":"format-standard","5":"has-post-thumbnail","7":"category-curiosidades"},"jetpack_featured_media_url":"https:\/\/www.paranapraia.com.br\/wp-content\/uploads\/2019\/11\/dilmadubai-750x430.jpg","jetpack_sharing_enabled":true,"_links":{"self":[{"href":"https:\/\/www.paranapraia.com.br\/index.php\/wp-json\/wp\/v2\/posts\/23508"}],"collection":[{"href":"https:\/\/www.paranapraia.com.br\/index.php\/wp-json\/wp\/v2\/posts"}],"about":[{"href":"https:\/\/www.paranapraia.com.br\/index.php\/wp-json\/wp\/v2\/types\/post"}],"author":[{"embeddable":true,"href":"https:\/\/www.paranapraia.com.br\/index.php\/wp-json\/wp\/v2\/users\/2"}],"replies":[{"embeddable":true,"href":"https:\/\/www.paranapraia.com.br\/index.php\/wp-json\/wp\/v2\/comments?post=23508"}],"version-history":[{"count":1,"href":"https:\/\/www.paranapraia.com.br\/index.php\/wp-json\/wp\/v2\/posts\/23508\/revisions"}],"predecessor-version":[{"id":23510,"href":"https:\/\/www.paranapraia.com.br\/index.php\/wp-json\/wp\/v2\/posts\/23508\/revisions\/23510"}],"wp:featuredmedia":[{"embeddable":true,"href":"https:\/\/www.paranapraia.com.br\/index.php\/wp-json\/wp\/v2\/media\/23509"}],"wp:attachment":[{"href":"https:\/\/www.paranapraia.com.br\/index.php\/wp-json\/wp\/v2\/media?parent=23508"}],"wp:term":[{"taxonomy":"category","embeddable":true,"href":"https:\/\/www.paranapraia.com.br\/index.php\/wp-json\/wp\/v2\/categories?post=23508"},{"taxonomy":"post_tag","embeddable":true,"href":"https:\/\/www.paranapraia.com.br\/index.php\/wp-json\/wp\/v2\/tags?post=23508"}],"curies":[{"name":"wp","href":"https:\/\/api.w.org\/{rel}","templated":true}]}}