{"id":23500,"date":"2019-11-26T13:37:15","date_gmt":"2019-11-26T16:37:15","guid":{"rendered":"https:\/\/www.paranapraia.com.br\/?p=23500"},"modified":"2019-11-26T13:56:35","modified_gmt":"2019-11-26T16:56:35","slug":"rudao-gimenes-representa-mdb-de-pontal-do-parana-na-posse-da-fundacao-ulysses-guimaraes","status":"publish","type":"post","link":"https:\/\/www.paranapraia.com.br\/index.php\/2019\/11\/26\/rudao-gimenes-representa-mdb-de-pontal-do-parana-na-posse-da-fundacao-ulysses-guimaraes\/","title":{"rendered":"Rud\u00e3o Gimenes representa MDB de Pontal do Paran\u00e1 na posse da Funda\u00e7\u00e3o Ulysses Guimar\u00e3es"},"content":{"rendered":"\n<p>A Assembleia Legislativa do Paran\u00e1 foi palco, nesta segunda-feira (25), da posse da nova diretoria da Funda\u00e7\u00e3o Ulysses Guimar\u00e3es no Paran\u00e1. O ex-deputado Nereu Moura assume o lugar do deputado Requi\u00e3o Filho (MDB) que estava \u00e0 frente da entidade desde 2015. O evento teve a proposi\u00e7\u00e3o do deputado Anibelli Neto (MDB).<\/p>\n\n\n\n<p><br> O pr\u00e9-candidato a prefeito pelo MDB em Pontal do Paran\u00e1, Rud\u00e3o Gimenes, estava presente representando o partido. Gimenes relatou que Nereu Moura declarou que foi criado politicamente sob a condu\u00e7\u00e3o de Ulysses Guimar\u00e3es.<\/p>\n\n\n\n<figure class=\"wp-block-image\"><img loading=\"lazy\" decoding=\"async\" width=\"1024\" height=\"768\" src=\"https:\/\/www.paranapraia.com.br\/wp-content\/uploads\/2019\/11\/WhatsApp-Image-2019-11-25-at-13.41.57-1-1024x768.jpeg\" alt=\"\" class=\"wp-image-23501\" srcset=\"https:\/\/www.paranapraia.com.br\/wp-content\/uploads\/2019\/11\/WhatsApp-Image-2019-11-25-at-13.41.57-1-1024x768.jpeg 1024w, https:\/\/www.paranapraia.com.br\/wp-content\/uploads\/2019\/11\/WhatsApp-Image-2019-11-25-at-13.41.57-1-300x225.jpeg 300w, https:\/\/www.paranapraia.com.br\/wp-content\/uploads\/2019\/11\/WhatsApp-Image-2019-11-25-at-13.41.57-1-768x576.jpeg 768w, https:\/\/www.paranapraia.com.br\/wp-content\/uploads\/2019\/11\/WhatsApp-Image-2019-11-25-at-13.41.57-1-80x60.jpeg 80w, https:\/\/www.paranapraia.com.br\/wp-content\/uploads\/2019\/11\/WhatsApp-Image-2019-11-25-at-13.41.57-1-265x198.jpeg 265w, https:\/\/www.paranapraia.com.br\/wp-content\/uploads\/2019\/11\/WhatsApp-Image-2019-11-25-at-13.41.57-1-696x522.jpeg 696w, https:\/\/www.paranapraia.com.br\/wp-content\/uploads\/2019\/11\/WhatsApp-Image-2019-11-25-at-13.41.57-1-1068x801.jpeg 1068w, https:\/\/www.paranapraia.com.br\/wp-content\/uploads\/2019\/11\/WhatsApp-Image-2019-11-25-at-13.41.57-1-560x420.jpeg 560w, https:\/\/www.paranapraia.com.br\/wp-content\/uploads\/2019\/11\/WhatsApp-Image-2019-11-25-at-13.41.57-1.jpeg 1280w\" sizes=\"(max-width: 1024px) 100vw, 1024px\" \/><\/figure>\n\n\n\n<p><br> \u201cEu estava presente representando o MDB de Pontal do Paran\u00e1, somando for\u00e7as para a nova empreitada do amigo Nereu Moura, que disse se sentir lisonjeado em conduzir os trabalhos de uma funda\u00e7\u00e3o com o nome de Ulysses Guimar\u00e3es, um homem \u00edntegro que sempre dizia que navegar \u00e9 preciso\u201d, completou Rud\u00e3o Gimenes.<\/p>\n\n\n\n<p><br> O ex-deputado Nereu Moura disse ainda que hoje os pol\u00edticos precisam se renovar e buscar ter uma qualifica\u00e7\u00e3o para poder exercer, caso eleitos, seus mandatos com dignidade, honra, palavra e convic\u00e7\u00e3o, e a Funda\u00e7\u00e3o promove diversas a\u00e7\u00f5es para que todos os candidatos possam estudar para melhorar sua atua\u00e7\u00e3o pol\u00edtica.<\/p>\n\n\n\n<p><br> \u201cA pol\u00edtica precisa de renova\u00e7\u00e3o, de jovens interessados em mudan\u00e7as reais para a qualidade de vida das pessoas, e n\u00e3o posso deixar de destacar esse garoto que vi pequeno junto com seu pai ex-prefeito de Pontal, Rudisney Gimenes. O Rud\u00e3o Gimenes \u00e9 uma renova\u00e7\u00e3o, pois \u00e9 preparado e tem vontade pol\u00edtica para ser e formar l\u00edderes\u201d, disse Nereu.<\/p>\n\n\n\n<p><br> Na oportunidade Rud\u00e3o Gimenes, pr\u00e9-candidato a prefeito de Pontal do Paran\u00e1, solicitou a nova diretoria cursos de capacita\u00e7\u00e3o gratuitos que s\u00e3o ofertados pela Funda\u00e7\u00e3o.<\/p>\n\n\n\n<p><br> \u201cSabemos que hoje o mais importante \u00e9 todos crescerem juntos, e por isso vou buscar cursos junto a Funda\u00e7\u00e3o para quem quer estudar e fazer pol\u00edtica com efici\u00eancia e resultados para a popula\u00e7\u00e3o que mais precisa\u201d, finalizou Gimenes.<\/p>\n\n\n\n<p><br> A Funda\u00e7\u00e3o Ulysses Guimar\u00e3es \u00e9 uma institui\u00e7\u00e3o de direito privado, sem finalidade lucrativa, criada para desenvolver projetos de pesquisa aplicada, doutrina\u00e7\u00e3o program\u00e1tica e educa\u00e7\u00e3o pol\u00edtica para o exerc\u00edcio pleno da democracia, al\u00e9m de outras atividades que guardem rela\u00e7\u00e3o direta com essas premissas.<\/p>\n\n\n\n<p>Assessoria<\/p>\n","protected":false},"excerpt":{"rendered":"<p>A Assembleia Legislativa do Paran\u00e1 foi palco, nesta segunda-feira (25), da posse da nova diretoria da Funda\u00e7\u00e3o Ulysses Guimar\u00e3es no Paran\u00e1. O ex-deputado Nereu Moura assume o lugar do deputado Requi\u00e3o Filho (MDB) que estava \u00e0 frente da entidade desde 2015. O evento teve a proposi\u00e7\u00e3o do deputado Anibelli Neto (MDB). O pr\u00e9-candidato a prefeito [&hellip;]<\/p>\n","protected":false},"author":2,"featured_media":23502,"comment_status":"open","ping_status":"open","sticky":false,"template":"","format":"standard","meta":{"advanced_seo_description":"","jetpack_seo_html_title":"","jetpack_seo_noindex":false,"_jetpack_memberships_contains_paid_content":false,"footnotes":""},"categories":[32],"tags":[],"class_list":{"0":"post-23500","1":"post","2":"type-post","3":"status-publish","4":"format-standard","5":"has-post-thumbnail","7":"category-politica"},"jetpack_featured_media_url":"https:\/\/www.paranapraia.com.br\/wp-content\/uploads\/2019\/11\/WhatsApp-Image-2019-11-25-at-13.42.19-1.jpeg","jetpack_sharing_enabled":true,"_links":{"self":[{"href":"https:\/\/www.paranapraia.com.br\/index.php\/wp-json\/wp\/v2\/posts\/23500"}],"collection":[{"href":"https:\/\/www.paranapraia.com.br\/index.php\/wp-json\/wp\/v2\/posts"}],"about":[{"href":"https:\/\/www.paranapraia.com.br\/index.php\/wp-json\/wp\/v2\/types\/post"}],"author":[{"embeddable":true,"href":"https:\/\/www.paranapraia.com.br\/index.php\/wp-json\/wp\/v2\/users\/2"}],"replies":[{"embeddable":true,"href":"https:\/\/www.paranapraia.com.br\/index.php\/wp-json\/wp\/v2\/comments?post=23500"}],"version-history":[{"count":2,"href":"https:\/\/www.paranapraia.com.br\/index.php\/wp-json\/wp\/v2\/posts\/23500\/revisions"}],"predecessor-version":[{"id":23504,"href":"https:\/\/www.paranapraia.com.br\/index.php\/wp-json\/wp\/v2\/posts\/23500\/revisions\/23504"}],"wp:featuredmedia":[{"embeddable":true,"href":"https:\/\/www.paranapraia.com.br\/index.php\/wp-json\/wp\/v2\/media\/23502"}],"wp:attachment":[{"href":"https:\/\/www.paranapraia.com.br\/index.php\/wp-json\/wp\/v2\/media?parent=23500"}],"wp:term":[{"taxonomy":"category","embeddable":true,"href":"https:\/\/www.paranapraia.com.br\/index.php\/wp-json\/wp\/v2\/categories?post=23500"},{"taxonomy":"post_tag","embeddable":true,"href":"https:\/\/www.paranapraia.com.br\/index.php\/wp-json\/wp\/v2\/tags?post=23500"}],"curies":[{"name":"wp","href":"https:\/\/api.w.org\/{rel}","templated":true}]}}