{"id":23497,"date":"2019-11-26T13:30:43","date_gmt":"2019-11-26T16:30:43","guid":{"rendered":"https:\/\/www.paranapraia.com.br\/?p=23497"},"modified":"2019-11-26T13:30:44","modified_gmt":"2019-11-26T16:30:44","slug":"menino-defende-amigo-negro-em-situacao-de-bullying-e-caso-viraliza-nas-redes-sociais","status":"publish","type":"post","link":"https:\/\/www.paranapraia.com.br\/index.php\/2019\/11\/26\/menino-defende-amigo-negro-em-situacao-de-bullying-e-caso-viraliza-nas-redes-sociais\/","title":{"rendered":"Menino defende amigo negro em situa\u00e7\u00e3o de bullying e caso viraliza nas Redes Sociais"},"content":{"rendered":"\n<p>\n\nUma conversa entre pai e filho, por meio do aplicativo WhatsApp, sobre uma situa\u00e7\u00e3o de bullying em uma festa de crian\u00e7as, viralizou nas redes sociais no fim de semana.<\/p>\n\n\n\n<p>No relato, o menino conta ao pai que seu melhor amigo, negro, estava sofrendo ataques de outras crian\u00e7as e que saiu em defesa dele. O caso ocorreu na cidade de Mar\u00edlia (SP) na noite de s\u00e1bado (23).<\/p>\n\n\n\n<p>O pai do menino, Mateus Barboza de 25 anos,&nbsp; conta que encontrou os dois garotos chateados quando foi busc\u00e1-los para irem embora.<\/p>\n\n\n\n<p>&#8220;<em>Nunca vi meu filho e o amigo reclamarem de bullying, para mim foi a primeira vez. Cheguei na festa e conversei com o pai do aniversariante e ele disse que &#8216;era coisa de crian\u00e7a&#8217;. Eu disse que algo assim n\u00e3o pode ser levado na brincadeira<\/em>&#8220;, conta.<\/p>\n\n\n\n<p>Contudo, Mateus disse que a crian\u00e7a negra parecia chateada com a situa\u00e7\u00e3o e tamb\u00e9m conversou com ela, assim como aconselhou o filho.<\/p>\n\n\n\n<p>&#8220;<em>Falei que o problema n\u00e3o era com ele, que as pessoas aprendem com o tempo e que ele \u00e9 uma pessoa incr\u00edvel. Meu filho \u00e9 uma crian\u00e7a tranquila e, mesmo se eu n\u00e3o tivesse falado com ele sobre essas situa\u00e7\u00f5es, eu tenho certeza que a atitude seria a mesma. \u00c9 errado xingar algu\u00e9m, ainda mais por etnia ou classe social<\/em>&#8220;, diz Mateus.<\/p>\n\n\n\n<p><strong>Repercuss\u00e3o\u00a0<\/strong><br>A conversa entre os dois foi publicada no Facebook, no s\u00e1bado (23), e at\u00e9 a noite de segunda-feira (25) teve mais de 120 mil compartilhamentos e mais de 150 mil curtidas.<\/p>\n\n\n\n<p><br>\u201cExtremamente triste com a situa\u00e7\u00e3o, mas, por outro lado, feliz pela atitude do meu filho em n\u00e3o se juntar aos outros meninos. Mas fica a reflex\u00e3o: nenhuma crian\u00e7a nasce preconceituosa e muito menos agressiva, ou seja, ela aprende isso de alguma forma e na maioria das vezes \u00e9 em casa, com se na educa\u00e7\u00e3o que os pais d\u00e3o e principalmente no comportamento deles. Ent\u00e3o, pensem bem no tipo de exemplo que voc\u00eas pais d\u00e3o a seus filhos\u201d, publicou o pai em seu perfil no Facebook.<\/p>\n\n\n\n<p><br>A atitude do pai gerou cerca de 18 mil coment\u00e1rios na publica\u00e7\u00e3o, que foi aprovada pela maioria dos internautas.<\/p>\n\n\n\n<p><strong>&#8220;<em>Que filho lindo e aben\u00e7oado que tem. Que ele cres\u00e7a e te d\u00ea muito mais orgulho, tudo que seu filho faz \u00e9 resultado da educa\u00e7\u00e3o que recebe. Parab\u00e9ns<\/em>&#8220;<\/strong>, comentou uma pessoa.<\/p>\n\n\n\n<p><br>Vale lembrar:\u00a0Crian\u00e7as n\u00e3o nascem preconceituosas, a culpa \u00e9 do ambiente onde elas vivem e da educa\u00e7\u00e3o que recebem!<\/p>\n\n\n\n<p>Reprodu\u00e7\u00e3o<br><\/p>\n","protected":false},"excerpt":{"rendered":"<p>Uma conversa entre pai e filho, por meio do aplicativo WhatsApp, sobre uma situa\u00e7\u00e3o de bullying em uma festa de crian\u00e7as, viralizou nas redes sociais no fim de semana. No relato, o menino conta ao pai que seu melhor amigo, negro, estava sofrendo ataques de outras crian\u00e7as e que saiu em defesa dele. O caso [&hellip;]<\/p>\n","protected":false},"author":2,"featured_media":23498,"comment_status":"open","ping_status":"open","sticky":false,"template":"","format":"standard","meta":{"advanced_seo_description":"","jetpack_seo_html_title":"","jetpack_seo_noindex":false,"_jetpack_memberships_contains_paid_content":false,"footnotes":""},"categories":[35],"tags":[],"class_list":{"0":"post-23497","1":"post","2":"type-post","3":"status-publish","4":"format-standard","5":"has-post-thumbnail","7":"category-economia"},"jetpack_featured_media_url":"https:\/\/www.paranapraia.com.br\/wp-content\/uploads\/2019\/11\/capa.jpg","jetpack_sharing_enabled":true,"_links":{"self":[{"href":"https:\/\/www.paranapraia.com.br\/index.php\/wp-json\/wp\/v2\/posts\/23497"}],"collection":[{"href":"https:\/\/www.paranapraia.com.br\/index.php\/wp-json\/wp\/v2\/posts"}],"about":[{"href":"https:\/\/www.paranapraia.com.br\/index.php\/wp-json\/wp\/v2\/types\/post"}],"author":[{"embeddable":true,"href":"https:\/\/www.paranapraia.com.br\/index.php\/wp-json\/wp\/v2\/users\/2"}],"replies":[{"embeddable":true,"href":"https:\/\/www.paranapraia.com.br\/index.php\/wp-json\/wp\/v2\/comments?post=23497"}],"version-history":[{"count":1,"href":"https:\/\/www.paranapraia.com.br\/index.php\/wp-json\/wp\/v2\/posts\/23497\/revisions"}],"predecessor-version":[{"id":23499,"href":"https:\/\/www.paranapraia.com.br\/index.php\/wp-json\/wp\/v2\/posts\/23497\/revisions\/23499"}],"wp:featuredmedia":[{"embeddable":true,"href":"https:\/\/www.paranapraia.com.br\/index.php\/wp-json\/wp\/v2\/media\/23498"}],"wp:attachment":[{"href":"https:\/\/www.paranapraia.com.br\/index.php\/wp-json\/wp\/v2\/media?parent=23497"}],"wp:term":[{"taxonomy":"category","embeddable":true,"href":"https:\/\/www.paranapraia.com.br\/index.php\/wp-json\/wp\/v2\/categories?post=23497"},{"taxonomy":"post_tag","embeddable":true,"href":"https:\/\/www.paranapraia.com.br\/index.php\/wp-json\/wp\/v2\/tags?post=23497"}],"curies":[{"name":"wp","href":"https:\/\/api.w.org\/{rel}","templated":true}]}}