{"id":23494,"date":"2019-11-26T13:22:25","date_gmt":"2019-11-26T16:22:25","guid":{"rendered":"https:\/\/www.paranapraia.com.br\/?p=23494"},"modified":"2019-11-26T13:22:27","modified_gmt":"2019-11-26T16:22:27","slug":"programa-de-desenvolvimento-economico-realizara-nova-palestra","status":"publish","type":"post","link":"https:\/\/www.paranapraia.com.br\/index.php\/2019\/11\/26\/programa-de-desenvolvimento-economico-realizara-nova-palestra\/","title":{"rendered":"Programa de Desenvolvimento Econ\u00f4mico realizar\u00e1 nova palestra"},"content":{"rendered":"\n<p>O Comit\u00ea Gestor Organizador do Programa de Desenvolvimento Econ\u00f4mico de Pontal do Paran\u00e1, convida a popula\u00e7\u00e3o para participar do Primeiro Di\u00e1logo pelo Desenvolvimento( Desenvolvimento Econ\u00f4mico &#8211; Do Relativismo ao Protagonismo).<\/p>\n\n\n\n<p>Ser\u00e1 na pr\u00f3xima quinta (28) \u00e0s 19h00 no Mini Audit\u00f3rio Primavera, tendo como palestrante o Professor Alexandre Florindo Alves, Doutor em Economia Aplicada.<\/p>\n\n\n\n<p>&#8220;Ser\u00e1 mais uma oportunidade de aprendermos sobre desenvolvimento e come\u00e7armos a trilhar um novo caminho com o Prodec em Pontal.&#8221; Destacou o prefeito Marcos Fioravante.<\/p>\n\n\n\n<p>Assessoria<br><\/p>\n","protected":false},"excerpt":{"rendered":"<p>O Comit\u00ea Gestor Organizador do Programa de Desenvolvimento Econ\u00f4mico de Pontal do Paran\u00e1, convida a popula\u00e7\u00e3o para participar do Primeiro Di\u00e1logo pelo Desenvolvimento( Desenvolvimento Econ\u00f4mico &#8211; Do Relativismo ao Protagonismo). Ser\u00e1 na pr\u00f3xima quinta (28) \u00e0s 19h00 no Mini Audit\u00f3rio Primavera, tendo como palestrante o Professor Alexandre Florindo Alves, Doutor em Economia Aplicada. &#8220;Ser\u00e1 mais [&hellip;]<\/p>\n","protected":false},"author":2,"featured_media":23495,"comment_status":"open","ping_status":"open","sticky":false,"template":"","format":"standard","meta":{"advanced_seo_description":"","jetpack_seo_html_title":"","jetpack_seo_noindex":false,"_jetpack_memberships_contains_paid_content":false,"footnotes":""},"categories":[42],"tags":[],"class_list":{"0":"post-23494","1":"post","2":"type-post","3":"status-publish","4":"format-standard","5":"has-post-thumbnail","7":"category-cidades"},"jetpack_featured_media_url":"https:\/\/www.paranapraia.com.br\/wp-content\/uploads\/2019\/11\/WhatsApp-Image-2019-11-25-at-09.34.37.jpeg","jetpack_sharing_enabled":true,"_links":{"self":[{"href":"https:\/\/www.paranapraia.com.br\/index.php\/wp-json\/wp\/v2\/posts\/23494"}],"collection":[{"href":"https:\/\/www.paranapraia.com.br\/index.php\/wp-json\/wp\/v2\/posts"}],"about":[{"href":"https:\/\/www.paranapraia.com.br\/index.php\/wp-json\/wp\/v2\/types\/post"}],"author":[{"embeddable":true,"href":"https:\/\/www.paranapraia.com.br\/index.php\/wp-json\/wp\/v2\/users\/2"}],"replies":[{"embeddable":true,"href":"https:\/\/www.paranapraia.com.br\/index.php\/wp-json\/wp\/v2\/comments?post=23494"}],"version-history":[{"count":1,"href":"https:\/\/www.paranapraia.com.br\/index.php\/wp-json\/wp\/v2\/posts\/23494\/revisions"}],"predecessor-version":[{"id":23496,"href":"https:\/\/www.paranapraia.com.br\/index.php\/wp-json\/wp\/v2\/posts\/23494\/revisions\/23496"}],"wp:featuredmedia":[{"embeddable":true,"href":"https:\/\/www.paranapraia.com.br\/index.php\/wp-json\/wp\/v2\/media\/23495"}],"wp:attachment":[{"href":"https:\/\/www.paranapraia.com.br\/index.php\/wp-json\/wp\/v2\/media?parent=23494"}],"wp:term":[{"taxonomy":"category","embeddable":true,"href":"https:\/\/www.paranapraia.com.br\/index.php\/wp-json\/wp\/v2\/categories?post=23494"},{"taxonomy":"post_tag","embeddable":true,"href":"https:\/\/www.paranapraia.com.br\/index.php\/wp-json\/wp\/v2\/tags?post=23494"}],"curies":[{"name":"wp","href":"https:\/\/api.w.org\/{rel}","templated":true}]}}