{"id":23491,"date":"2019-11-26T12:59:24","date_gmt":"2019-11-26T15:59:24","guid":{"rendered":"https:\/\/www.paranapraia.com.br\/?p=23491"},"modified":"2019-11-26T12:59:25","modified_gmt":"2019-11-26T15:59:25","slug":"dupla-e-presa-suspeita-de-roubar-carros-a-mao-armada-e-levar-ate-3-no-mesmo-dia","status":"publish","type":"post","link":"https:\/\/www.paranapraia.com.br\/index.php\/2019\/11\/26\/dupla-e-presa-suspeita-de-roubar-carros-a-mao-armada-e-levar-ate-3-no-mesmo-dia\/","title":{"rendered":"Dupla \u00e9 presa suspeita de roubar carros \u00e0 m\u00e3o armada e levar at\u00e9 3 no mesmo dia"},"content":{"rendered":"\n<h4 class=\"wp-block-heading\">Tr\u00eas carros foram roubados no \u00faltimo s\u00e1bado (23)<\/h4>\n\n\n\n<p>A Pol\u00edcia Civil do Paran\u00e1 (PCPR) prendeu um homem e uma mulher, de 31 e 32 anos, suspeitos de roubarem tr\u00eas carros no \u00faltimo s\u00e1bado (23), em locais diferentes da Regi\u00e3o Metropolitana de Curitiba (RMC). Outro suspeito, que tamb\u00e9m participou dos roubos, ainda n\u00e3o foi identificado. \u00c0 PCPR, as v\u00edtimas relataram que os suspeitos agiram com extrema viol\u00eancia.<\/p>\n\n\n\n<p>\u201cTodos acabaram amea\u00e7ando, de forma muito violenta, as v\u00edtimas, que tamb\u00e9m relataram uso de arma de fogo. Inclusive, no momento da pris\u00e3o, a Pol\u00edcia Militar (PM) localizou na resid\u00eancia do suspeito um simulacro de arma de fogo. Ela pode ter sido utilizada ou pode ter sido usada uma arma de fogo de verdade\u201d, disse o delegado Reinaldo Zequin\u00e3o, da Delegacia de Furtos e Roubos de Ve\u00edculos (DFRV).<\/p>\n\n\n\n<p>Nos roubos de s\u00e1bado, um carro com sistema antifurto foi levado. O ve\u00edculo foi bloqueado, ent\u00e3o os suspeitos abandonaram o autom\u00f3vel e roubaram outros dois. Entretanto, os boletins de ocorr\u00eancia mostram mais de 20 ve\u00edculos roubados.<\/p>\n\n\n\n<p>O destino dos carros n\u00e3o foi informado pela PCPR. Os presos preferiram permanecer em sil\u00eancio.<\/p>\n\n\n\n<p>O homem, conhecido como \u201cBigodinho\u201d j\u00e1 tinha dois mandados de pris\u00e3o expedidos contra ele. Segundo a PCPR, a inten\u00e7\u00e3o da divulga\u00e7\u00e3o da pris\u00e3o \u00e9 descobrir se ele fez outras v\u00edtimas.<\/p>\n\n\n\n<p>Den\u00fancias podem ser feitas atrav\u00e9s do disque-den\u00fancia 0800-6447144.<\/p>\n\n\n\n<p>BandaB<br><\/p>\n\n\n\n<p><br><br><\/p>\n","protected":false},"excerpt":{"rendered":"<p>Tr\u00eas carros foram roubados no \u00faltimo s\u00e1bado (23) A Pol\u00edcia Civil do Paran\u00e1 (PCPR) prendeu um homem e uma mulher, de 31 e 32 anos, suspeitos de roubarem tr\u00eas carros no \u00faltimo s\u00e1bado (23), em locais diferentes da Regi\u00e3o Metropolitana de Curitiba (RMC). Outro suspeito, que tamb\u00e9m participou dos roubos, ainda n\u00e3o foi identificado. \u00c0 [&hellip;]<\/p>\n","protected":false},"author":2,"featured_media":23492,"comment_status":"open","ping_status":"open","sticky":false,"template":"","format":"standard","meta":{"advanced_seo_description":"","jetpack_seo_html_title":"","jetpack_seo_noindex":false,"_jetpack_memberships_contains_paid_content":false,"footnotes":""},"categories":[33],"tags":[],"class_list":{"0":"post-23491","1":"post","2":"type-post","3":"status-publish","4":"format-standard","5":"has-post-thumbnail","7":"category-policia"},"jetpack_featured_media_url":"https:\/\/www.paranapraia.com.br\/wp-content\/uploads\/2019\/11\/dupla.jpg","jetpack_sharing_enabled":true,"_links":{"self":[{"href":"https:\/\/www.paranapraia.com.br\/index.php\/wp-json\/wp\/v2\/posts\/23491"}],"collection":[{"href":"https:\/\/www.paranapraia.com.br\/index.php\/wp-json\/wp\/v2\/posts"}],"about":[{"href":"https:\/\/www.paranapraia.com.br\/index.php\/wp-json\/wp\/v2\/types\/post"}],"author":[{"embeddable":true,"href":"https:\/\/www.paranapraia.com.br\/index.php\/wp-json\/wp\/v2\/users\/2"}],"replies":[{"embeddable":true,"href":"https:\/\/www.paranapraia.com.br\/index.php\/wp-json\/wp\/v2\/comments?post=23491"}],"version-history":[{"count":1,"href":"https:\/\/www.paranapraia.com.br\/index.php\/wp-json\/wp\/v2\/posts\/23491\/revisions"}],"predecessor-version":[{"id":23493,"href":"https:\/\/www.paranapraia.com.br\/index.php\/wp-json\/wp\/v2\/posts\/23491\/revisions\/23493"}],"wp:featuredmedia":[{"embeddable":true,"href":"https:\/\/www.paranapraia.com.br\/index.php\/wp-json\/wp\/v2\/media\/23492"}],"wp:attachment":[{"href":"https:\/\/www.paranapraia.com.br\/index.php\/wp-json\/wp\/v2\/media?parent=23491"}],"wp:term":[{"taxonomy":"category","embeddable":true,"href":"https:\/\/www.paranapraia.com.br\/index.php\/wp-json\/wp\/v2\/categories?post=23491"},{"taxonomy":"post_tag","embeddable":true,"href":"https:\/\/www.paranapraia.com.br\/index.php\/wp-json\/wp\/v2\/tags?post=23491"}],"curies":[{"name":"wp","href":"https:\/\/api.w.org\/{rel}","templated":true}]}}