{"id":23487,"date":"2019-11-26T12:28:14","date_gmt":"2019-11-26T15:28:14","guid":{"rendered":"https:\/\/www.paranapraia.com.br\/?p=23487"},"modified":"2019-11-26T12:28:39","modified_gmt":"2019-11-26T15:28:39","slug":"damares-convoca-imprensa-fica-em-silencio-finge-emocao-e-depois-revela-encenacao","status":"publish","type":"post","link":"https:\/\/www.paranapraia.com.br\/index.php\/2019\/11\/26\/damares-convoca-imprensa-fica-em-silencio-finge-emocao-e-depois-revela-encenacao\/","title":{"rendered":"Damares convoca imprensa, fica em sil\u00eancio, finge emo\u00e7\u00e3o e depois revela encena\u00e7\u00e3o."},"content":{"rendered":"\n<p>A ministra Damares Alves, da Mulher, da Fam\u00edlia e dos Direitos Humanos, convocou uma entrevista coletiva&nbsp;para tarde desta segunda (25), mas n\u00e3o respondeu nenhuma pergunta feita pelos jornalistas e se retirou do local, fingindo estar emocionada. Os jornalistas at\u00e9 chegaram a perguntar se ela estava emocionada e se iria deixar o governo Bolsonaro.&nbsp;<\/p>\n\n\n\n<p>Depois da cena, a assessoria de imprensa informou que Damares encenou. O objetivo era mostrar que o sil\u00eancio da mulher incomoda, de acordo com a rep\u00f3rter Luciana Amaral, da UOL. O `flash mob` das avessas era para lembrar o Dia do Enfrentamento \u00e0 Viol\u00eancia Contra a Mulher, promovido pela Presid\u00eancia no Planalto.<\/p>\n\n\n\n<p>Bem Paran\u00e1<br><\/p>\n","protected":false},"excerpt":{"rendered":"<p>A ministra Damares Alves, da Mulher, da Fam\u00edlia e dos Direitos Humanos, convocou uma entrevista coletiva&nbsp;para tarde desta segunda (25), mas n\u00e3o respondeu nenhuma pergunta feita pelos jornalistas e se retirou do local, fingindo estar emocionada. Os jornalistas at\u00e9 chegaram a perguntar se ela estava emocionada e se iria deixar o governo Bolsonaro.&nbsp; Depois da [&hellip;]<\/p>\n","protected":false},"author":2,"featured_media":23488,"comment_status":"open","ping_status":"open","sticky":false,"template":"","format":"standard","meta":{"advanced_seo_description":"","jetpack_seo_html_title":"","jetpack_seo_noindex":false,"_jetpack_memberships_contains_paid_content":false,"footnotes":""},"categories":[32],"tags":[],"class_list":{"0":"post-23487","1":"post","2":"type-post","3":"status-publish","4":"format-standard","5":"has-post-thumbnail","7":"category-politica"},"jetpack_featured_media_url":"https:\/\/www.paranapraia.com.br\/wp-content\/uploads\/2019\/11\/damares.jpg","jetpack_sharing_enabled":true,"_links":{"self":[{"href":"https:\/\/www.paranapraia.com.br\/index.php\/wp-json\/wp\/v2\/posts\/23487"}],"collection":[{"href":"https:\/\/www.paranapraia.com.br\/index.php\/wp-json\/wp\/v2\/posts"}],"about":[{"href":"https:\/\/www.paranapraia.com.br\/index.php\/wp-json\/wp\/v2\/types\/post"}],"author":[{"embeddable":true,"href":"https:\/\/www.paranapraia.com.br\/index.php\/wp-json\/wp\/v2\/users\/2"}],"replies":[{"embeddable":true,"href":"https:\/\/www.paranapraia.com.br\/index.php\/wp-json\/wp\/v2\/comments?post=23487"}],"version-history":[{"count":2,"href":"https:\/\/www.paranapraia.com.br\/index.php\/wp-json\/wp\/v2\/posts\/23487\/revisions"}],"predecessor-version":[{"id":23490,"href":"https:\/\/www.paranapraia.com.br\/index.php\/wp-json\/wp\/v2\/posts\/23487\/revisions\/23490"}],"wp:featuredmedia":[{"embeddable":true,"href":"https:\/\/www.paranapraia.com.br\/index.php\/wp-json\/wp\/v2\/media\/23488"}],"wp:attachment":[{"href":"https:\/\/www.paranapraia.com.br\/index.php\/wp-json\/wp\/v2\/media?parent=23487"}],"wp:term":[{"taxonomy":"category","embeddable":true,"href":"https:\/\/www.paranapraia.com.br\/index.php\/wp-json\/wp\/v2\/categories?post=23487"},{"taxonomy":"post_tag","embeddable":true,"href":"https:\/\/www.paranapraia.com.br\/index.php\/wp-json\/wp\/v2\/tags?post=23487"}],"curies":[{"name":"wp","href":"https:\/\/api.w.org\/{rel}","templated":true}]}}