{"id":23481,"date":"2019-11-26T12:17:15","date_gmt":"2019-11-26T15:17:15","guid":{"rendered":"https:\/\/www.paranapraia.com.br\/?p=23481"},"modified":"2019-11-26T12:17:16","modified_gmt":"2019-11-26T15:17:16","slug":"guedes-critica-discurso-de-lula-e-diz-nao-se-assustem-se-alguem-pedir-o-ai-5","status":"publish","type":"post","link":"https:\/\/www.paranapraia.com.br\/index.php\/2019\/11\/26\/guedes-critica-discurso-de-lula-e-diz-nao-se-assustem-se-alguem-pedir-o-ai-5\/","title":{"rendered":"Guedes critica discurso de Lula e diz: &#8216;N\u00e3o se assustem se algu\u00e9m pedir o AI-5&#8217;"},"content":{"rendered":"\n<p>O ministro da Economia, Paulo Guedes, disse nesta segunda-feira, 25, que \u00e9 &#8220;uma insanidade&#8221; que o ex-presidente Luiz In\u00e1cio Lula da Silva pe\u00e7a a presen\u00e7a do povo em manifesta\u00e7\u00f5es na rua e sugeriu que o pedido por &#8220;um AI-5&#8221; \u00e9 uma consequ\u00eancia do discurso do petista. &#8220;Quando o outro lado ganha, com dez meses voc\u00ea j\u00e1 chama todo mundo pra quebrar a rua? Que responsabilidade \u00e9 essa? N\u00e3o se assustem ent\u00e3o se algu\u00e9m pedir o AI-5&#8221;, afirmou o ministro, em visita a Washington (EUA).<\/p>\n\n\n\n<p>Guedes falava que o presidente Jair Bolsonaro se preocupou com o &#8220;timing pol\u00edtico&#8221; do envio das reformas administrativa e tribut\u00e1ria ao Congresso, levando em conta as manifesta\u00e7\u00f5es de rua em outros pa\u00edses da Am\u00e9rica Latina, como o Chile. Questionado por um rep\u00f3rter se a preocupa\u00e7\u00e3o era gerada por algum medo de Lula, o ministro come\u00e7ou a falar sobre o ex-presidente e criticou manifesta\u00e7\u00f5es feitas ap\u00f3s sua soltura. Ao deixar a pris\u00e3o, o ex-presidente convocou a juventude a ir \u00e0s ruas e seguir o exemplo do Chile e da Bol\u00edvia.<\/p>\n\n\n\n<p>&#8220;Chamar povo para rua \u00e9 de uma irresponsabilidade&#8230; Chamar o povo para rua pra dizer que tem o poder, para tomar. Tomar como? A\u00ed o filho do presidente fala em AI-5, a\u00ed todo mundo assusta, fala &#8216;o que que \u00e9?&#8217; (&#8230;) A\u00ed bate mais no outro. \u00c9 isso o jogo? \u00c9 isso o que a gente quer? Eu acho uma insanidade chamar o povo pra rua pra fazer bagun\u00e7a. Acho uma insanidade.&#8221;<\/p>\n\n\n\n<p>H\u00e1 pouco menos de um m\u00eas, o deputado Eduardo Bolsonaro, um dos filhos do presidente Jair Bolsonaro, defendeu medidas como &#8220;um novo AI-5&#8221; para conter manifesta\u00e7\u00f5es de rua caso &#8220;a esquerda radicalizasse&#8221;. O Ato Institucional n\u00ba 5 foi a mais dura medida institu\u00edda pela ditadura militar, em 1968, ao revogar direitos fundamentais e delegar ao presidente da Rep\u00fablica o direito de cassar mandatos de parlamentares, intervir nos munic\u00edpios e Estados, esvaziar garantias constitucionais como o direito a habeas corpus e suspens\u00e3o de direitos civis. A fala de Eduardo Bolsonaro foi repreendida nacionalmente por lideran\u00e7as como o presidente da C\u00e2mara, Rodrigo Maia, e ministros do Supremo Tribunal Federal.<\/p>\n\n\n\n<p>Guedes afirmou que &#8220;assim que ele (Lula) chamou para a confus\u00e3o, veio logo o outro lado e disse &#8216;\u00e9, saia para a rua, vamos botar um excludente de ilicitude, vamos botar o AI-5, vamos fazer isso, vamos fazer aquilo. Que coisa boa, n\u00e9? Que clima bom&#8221;, criticou o ministro.<\/p>\n\n\n\n<p>O ministro tamb\u00e9m sugeriu que o projeto de lei que prev\u00ea o excludente de ilicitude para militares e agentes de seguran\u00e7a p\u00fablica em opera\u00e7\u00f5es de Garantia da Lei e da Ordem (GLO) \u00e9 uma resposta ao discurso de Lula.<\/p>\n\n\n\n<p>&#8220;Aparentemente digo que n\u00e3o (Bolsonaro n\u00e3o est\u00e1 com medo do Lula). Ele s\u00f3 pediu o excludente de ilicitude. N\u00e3o est\u00e1 com medo nenhum, coloca um excludente de ilicitude. Vambora&#8221;, disse o ministro. Bolsonaro disse na semana passada que enviou ao Congresso projeto de lei que beneficia militares e agentes de seguran\u00e7a p\u00fablica para que possam agir sem ter de responder criminalmente em opera\u00e7\u00f5es de Garantia da Lei e da Ordem (GLO).<\/p>\n\n\n\n<p>Bolsonaro disse que agora &#8220;cabe ao Parlamento&#8221; a an\u00e1lise do projeto, que chamou de marco importante na luta contra a criminalidade no Brasil. O presidente tamb\u00e9m disse que &#8220;ladr\u00e3o de celular tem que ir pro pau&#8221;, numa refer\u00eancia a uma fala do ex-presidente Lula. Uma semana atr\u00e1s, o petista disse que &#8220;n\u00e3o aguenta mais um jovem ser morto porque roubou um celular&#8221;.<\/p>\n\n\n\n<p>Depois de mais de 1h30 de coletiva de imprensa em Washington, Guedes tentou pedir que o conte\u00fado de suas declara\u00e7\u00f5es fossem mantidas &#8220;off the records&#8221; &#8211; pr\u00e1tica jornal\u00edstica na qual uma fonte pede que a informa\u00e7\u00e3o n\u00e3o seja divulgada pelos rep\u00f3rteres. Ele foi avisado de que ag\u00eancias de not\u00edcias de transmiss\u00e3o em tempo real e televis\u00f5es acompanhavam a coletiva de imprensa, que \u00e9, por defini\u00e7\u00e3o, o momento em que autoridades prestam esclarecimentos p\u00fablicos.<\/p>\n\n\n\n<p>Diante disso, o ministro continuou: &#8220;\u00c9 irrespons\u00e1vel chamar algu\u00e9m pra rua agora pra fazer quebradeira. Pra dizer que tem que tomar o poder. Se voc\u00ea acredita numa democracia, quem acredita numa democracia espera vencer e ser eleito. N\u00e3o chama ningu\u00e9m pra quebrar nada na rua. Este \u00e9 o recado para quem est\u00e1 ao vivo no Brasil inteiro. Sejam respons\u00e1veis, pratiquem a democracia. Ou democracia \u00e9 s\u00f3 quando o seu lado ganha? Quando o outro lado ganha, com dez meses voc\u00ea j\u00e1 chama todo mundo pra quebrar a rua? Que responsabilidade \u00e9 essa? N\u00e3o se assustem ent\u00e3o se algu\u00e9m pedir o AI-5. J\u00e1 n\u00e3o aconteceu uma vez? Ou foi diferente? Levando o povo pra rua pra quebrar tudo. Isso \u00e9 est\u00fapido, \u00e9 burro, n\u00e3o est\u00e1 \u00e0 altura da nossa tradi\u00e7\u00e3o democr\u00e1tica.&#8221;<\/p>\n\n\n\n<p>Guedes afirmava a todo momento que fazia as declara\u00e7\u00f5es como &#8220;pessoa f\u00edsica&#8221; e n\u00e3o como ministro da Economia. Segundo ele, n\u00e3o caberia ao ministro da economia discutir com Lula.<\/p>\n\n\n\n<p>O ministro foi questionado por uma rep\u00f3rter se acredita ser conceb\u00edvel, em qualquer circunst\u00e2ncia, ter a ado\u00e7\u00e3o de uma medida como o AI-5. Guedes simulou uma voz empostada e falou: &#8220;\u00c9 inconceb\u00edvel, a democracia brasileira jamais admitiria, mesmo que a esquerda pegue as armas, invada tudo, quebre e derrube \u00e0 for\u00e7a o Pal\u00e1cio do Planalto, jamais apoiaria o AI-5, isso \u00e9 inconceb\u00edvel. N\u00e3o aceitaria jamais isso. Est\u00e1 satisfeita?&#8221;. Ele foi questionado, ent\u00e3o, se usava de ironia na sua resposta. Com a simula\u00e7\u00e3o da mesma voz, ele afirmou: &#8220;Isso \u00e9 uma ironia, ministro? O senhor est\u00e1 nos ironizando? De forma alguma.&#8221;<\/p>\n\n\n\n<p><strong>Reformas<\/strong><\/p>\n\n\n\n<p>O ministro admitiu que as reformas desaceleraram com receio a manifesta\u00e7\u00f5es como as vistas em outros pa\u00edses da regi\u00e3o. &#8220;\u00c9 verdade que desacelerou. Quando come\u00e7a todo mundo a ir pra rua por &#8216;no apparent reason&#8217;, voc\u00ea n\u00e3o sabe qual \u00e9 a raz\u00e3o, voc\u00ea fala: &#8216;N\u00e3o, para tudo pra gente n\u00e3o dar nenhum pretexto, vamos ver o que est\u00e1 acontecendo primeiro. Vamos entender o que est\u00e1 acontecendo&#8221;, disse. Segundo ele, Bolsonaro est\u00e1 comprometido com as reformas, mas tem preocupa\u00e7\u00e3o com o que aconteceu nos demais pa\u00edses da regi\u00e3o.<\/p>\n\n\n\n<p>Estad\u00e3o <br><\/p>\n","protected":false},"excerpt":{"rendered":"<p>O ministro da Economia, Paulo Guedes, disse nesta segunda-feira, 25, que \u00e9 &#8220;uma insanidade&#8221; que o ex-presidente Luiz In\u00e1cio Lula da Silva pe\u00e7a a presen\u00e7a do povo em manifesta\u00e7\u00f5es na rua e sugeriu que o pedido por &#8220;um AI-5&#8221; \u00e9 uma consequ\u00eancia do discurso do petista. &#8220;Quando o outro lado ganha, com dez meses voc\u00ea [&hellip;]<\/p>\n","protected":false},"author":2,"featured_media":23482,"comment_status":"open","ping_status":"open","sticky":false,"template":"","format":"standard","meta":{"advanced_seo_description":"","jetpack_seo_html_title":"","jetpack_seo_noindex":false,"_jetpack_memberships_contains_paid_content":false,"footnotes":""},"categories":[32],"tags":[],"class_list":{"0":"post-23481","1":"post","2":"type-post","3":"status-publish","4":"format-standard","5":"has-post-thumbnail","7":"category-politica"},"jetpack_featured_media_url":"https:\/\/www.paranapraia.com.br\/wp-content\/uploads\/2019\/11\/guedes.jpg","jetpack_sharing_enabled":true,"_links":{"self":[{"href":"https:\/\/www.paranapraia.com.br\/index.php\/wp-json\/wp\/v2\/posts\/23481"}],"collection":[{"href":"https:\/\/www.paranapraia.com.br\/index.php\/wp-json\/wp\/v2\/posts"}],"about":[{"href":"https:\/\/www.paranapraia.com.br\/index.php\/wp-json\/wp\/v2\/types\/post"}],"author":[{"embeddable":true,"href":"https:\/\/www.paranapraia.com.br\/index.php\/wp-json\/wp\/v2\/users\/2"}],"replies":[{"embeddable":true,"href":"https:\/\/www.paranapraia.com.br\/index.php\/wp-json\/wp\/v2\/comments?post=23481"}],"version-history":[{"count":1,"href":"https:\/\/www.paranapraia.com.br\/index.php\/wp-json\/wp\/v2\/posts\/23481\/revisions"}],"predecessor-version":[{"id":23483,"href":"https:\/\/www.paranapraia.com.br\/index.php\/wp-json\/wp\/v2\/posts\/23481\/revisions\/23483"}],"wp:featuredmedia":[{"embeddable":true,"href":"https:\/\/www.paranapraia.com.br\/index.php\/wp-json\/wp\/v2\/media\/23482"}],"wp:attachment":[{"href":"https:\/\/www.paranapraia.com.br\/index.php\/wp-json\/wp\/v2\/media?parent=23481"}],"wp:term":[{"taxonomy":"category","embeddable":true,"href":"https:\/\/www.paranapraia.com.br\/index.php\/wp-json\/wp\/v2\/categories?post=23481"},{"taxonomy":"post_tag","embeddable":true,"href":"https:\/\/www.paranapraia.com.br\/index.php\/wp-json\/wp\/v2\/tags?post=23481"}],"curies":[{"name":"wp","href":"https:\/\/api.w.org\/{rel}","templated":true}]}}