{"id":23475,"date":"2019-11-26T12:08:49","date_gmt":"2019-11-26T15:08:49","guid":{"rendered":"https:\/\/www.paranapraia.com.br\/?p=23475"},"modified":"2019-11-26T12:08:51","modified_gmt":"2019-11-26T15:08:51","slug":"homem-morre-atropelado-na-br-376-e-motorista-foge-do-local-diz-prf","status":"publish","type":"post","link":"https:\/\/www.paranapraia.com.br\/index.php\/2019\/11\/26\/homem-morre-atropelado-na-br-376-e-motorista-foge-do-local-diz-prf\/","title":{"rendered":"Homem morre atropelado na BR-376, e motorista foge do local, diz PRF"},"content":{"rendered":"\n<h4 class=\"wp-block-heading\">Atropelamento foi registrado no fim da noite desta segunda-feira (25), no trecho da rodovia em Ponta Grossa, nos Campos Gerais do Paran\u00e1.<\/h4>\n\n\n\n<p>Um homem morreu ap\u00f3s ser atropelado no fim da noite desta segunda-feira (25), na BR-376, em Ponta Grossa, na regi\u00e3o dos Campos Gerais do Paran\u00e1.<\/p>\n\n\n\n<p>Segundo a Pol\u00edcia Rodovi\u00e1ria Federal (PRF) o motorista do ve\u00edculo envolvido no atropelamento fugiu do local.<\/p>\n\n\n\n<p>A ocorr\u00eancia foi registrada no km 490 da rodovia por volta das 23h40, de acordo com a pol\u00edcia.<\/p>\n\n\n\n<p>A v\u00edtima tinha 38 anos, segundo a pol\u00edcia. O corpo do homem foi encaminhado para o Instituto M\u00e9dico-Legal (IML) de Ponta Grossa.<\/p>\n\n\n\n<p>A PRF informou que o caso \u00e9 investigado pela Pol\u00edcia Civil.<\/p>\n\n\n\n<p>G1PR<br><\/p>\n","protected":false},"excerpt":{"rendered":"<p>Atropelamento foi registrado no fim da noite desta segunda-feira (25), no trecho da rodovia em Ponta Grossa, nos Campos Gerais do Paran\u00e1. Um homem morreu ap\u00f3s ser atropelado no fim da noite desta segunda-feira (25), na BR-376, em Ponta Grossa, na regi\u00e3o dos Campos Gerais do Paran\u00e1. Segundo a Pol\u00edcia Rodovi\u00e1ria Federal (PRF) o motorista [&hellip;]<\/p>\n","protected":false},"author":2,"featured_media":23476,"comment_status":"open","ping_status":"open","sticky":false,"template":"","format":"standard","meta":{"advanced_seo_description":"","jetpack_seo_html_title":"","jetpack_seo_noindex":false,"_jetpack_memberships_contains_paid_content":false,"footnotes":""},"categories":[33],"tags":[],"class_list":{"0":"post-23475","1":"post","2":"type-post","3":"status-publish","4":"format-standard","5":"has-post-thumbnail","7":"category-policia"},"jetpack_featured_media_url":"https:\/\/www.paranapraia.com.br\/wp-content\/uploads\/2019\/11\/atrop.jpeg","jetpack_sharing_enabled":true,"_links":{"self":[{"href":"https:\/\/www.paranapraia.com.br\/index.php\/wp-json\/wp\/v2\/posts\/23475"}],"collection":[{"href":"https:\/\/www.paranapraia.com.br\/index.php\/wp-json\/wp\/v2\/posts"}],"about":[{"href":"https:\/\/www.paranapraia.com.br\/index.php\/wp-json\/wp\/v2\/types\/post"}],"author":[{"embeddable":true,"href":"https:\/\/www.paranapraia.com.br\/index.php\/wp-json\/wp\/v2\/users\/2"}],"replies":[{"embeddable":true,"href":"https:\/\/www.paranapraia.com.br\/index.php\/wp-json\/wp\/v2\/comments?post=23475"}],"version-history":[{"count":1,"href":"https:\/\/www.paranapraia.com.br\/index.php\/wp-json\/wp\/v2\/posts\/23475\/revisions"}],"predecessor-version":[{"id":23477,"href":"https:\/\/www.paranapraia.com.br\/index.php\/wp-json\/wp\/v2\/posts\/23475\/revisions\/23477"}],"wp:featuredmedia":[{"embeddable":true,"href":"https:\/\/www.paranapraia.com.br\/index.php\/wp-json\/wp\/v2\/media\/23476"}],"wp:attachment":[{"href":"https:\/\/www.paranapraia.com.br\/index.php\/wp-json\/wp\/v2\/media?parent=23475"}],"wp:term":[{"taxonomy":"category","embeddable":true,"href":"https:\/\/www.paranapraia.com.br\/index.php\/wp-json\/wp\/v2\/categories?post=23475"},{"taxonomy":"post_tag","embeddable":true,"href":"https:\/\/www.paranapraia.com.br\/index.php\/wp-json\/wp\/v2\/tags?post=23475"}],"curies":[{"name":"wp","href":"https:\/\/api.w.org\/{rel}","templated":true}]}}