{"id":23469,"date":"2019-11-26T11:18:07","date_gmt":"2019-11-26T14:18:07","guid":{"rendered":"https:\/\/www.paranapraia.com.br\/?p=23469"},"modified":"2019-11-26T11:18:08","modified_gmt":"2019-11-26T14:18:08","slug":"numero-de-idosos-trabalhando-com-carteira-assinada-quase-dobra-em-sete-anos-no-parana","status":"publish","type":"post","link":"https:\/\/www.paranapraia.com.br\/index.php\/2019\/11\/26\/numero-de-idosos-trabalhando-com-carteira-assinada-quase-dobra-em-sete-anos-no-parana\/","title":{"rendered":"N\u00famero de idosos trabalhando com carteira assinada quase dobra em sete anos, no Paran\u00e1"},"content":{"rendered":"\n<h4 class=\"wp-block-heading\">Dados do Minist\u00e9rio da Economia revelam aumento de 99% no n\u00famero de pessoas com mais de 65 anos ativas no mercado formal, entre 2010 e 2017.<\/h4>\n\n\n\n<p>O n\u00famero de idosos ativos no mercado de trabalho no Paran\u00e1 quase dobrou em sete anos, de acordo com dados do Minist\u00e9rio da Economia, disponibilizados pela Rela\u00e7\u00e3o Anual de Informa\u00e7\u00f5es Sociais (Rais).<\/p>\n\n\n\n<p>Os dados consideram os registros de trabalhadores com mais de 65 anos em empregos formais, entre 2010 e 2017, \u00faltimo ano de levantamento divulgado.<\/p>\n\n\n\n<p>Conforme os dados, em 2010, eram 18.323 idosos trabalhando com carteira assinada. Em 2017, o n\u00famero passou para 36.532, um aumento de 99%.<\/p>\n\n\n\n<p>Na faixa et\u00e1ria entre 50 e 64 anos, conforme os dados do Minist\u00e9rio da Economia, eram 353.314 trabalhadores com emprego formal em 2010 e passaram a ser 503.412 em 2017, um aumento de 42,4%.<\/p>\n\n\n\n<p>Oriovaldo Albino, de 69 anos, \u00e9 servidor p\u00fablico aposentado e decidiu n\u00e3o parar de trabalhar. Ele retomou as atividades mesmo ap\u00f3s a aposentadoria, atuando em um supermercado.<\/p>\n\n\n\n<blockquote class=\"wp-block-quote is-layout-flow wp-block-quote-is-layout-flow\"><p>&#8220;Eu n\u00e3o sei ficar parado. Se eu parar, sei que vou adoecer, ent\u00e3o eu prefiro trabalhar. A gente \u00e9 um serrote, se voc\u00ea deixa ele parado, ele enferruja. A gente \u00e9 a mesma coisa&#8221;, ressalta.<\/p><\/blockquote>\n\n\n\n<p>Vanderlei Trindade, diretor de uma rede de supermercados de Curitiba, conta que a empresa concentra oportunidades para estes profissionais. Nas unidades da rede, em cada 10 funcion\u00e1rios, um \u00e9 idoso.<\/p>\n\n\n\n<p>&#8220;A vantagem \u00e9 a dedica\u00e7\u00e3o, a vontade, o carisma com que eles atendem nossos clientes. Tudo isso facilita pra gente&#8221;, conta o diretor.<\/p>\n\n\n\n<p>A consultora de carreiras Carla Virmond afirma que os n\u00fameros do estado revelam uma tend\u00eancia do mercado ligada ao envelhecimento da popula\u00e7\u00e3o e ao perfil da economia do Brasil.<\/p>\n\n\n\n<p>&#8220;O Pa\u00eds ficou velho antes de ficar rico, diferentes de outros pa\u00edses mais desenvolvidos no mundo. Muita gente continua trabalhando por necessidade&#8221;, afirma.<\/p>\n\n\n\n<p>G1PR<br><\/p>\n","protected":false},"excerpt":{"rendered":"<p>Dados do Minist\u00e9rio da Economia revelam aumento de 99% no n\u00famero de pessoas com mais de 65 anos ativas no mercado formal, entre 2010 e 2017. O n\u00famero de idosos ativos no mercado de trabalho no Paran\u00e1 quase dobrou em sete anos, de acordo com dados do Minist\u00e9rio da Economia, disponibilizados pela Rela\u00e7\u00e3o Anual de [&hellip;]<\/p>\n","protected":false},"author":2,"featured_media":23470,"comment_status":"open","ping_status":"open","sticky":false,"template":"","format":"standard","meta":{"advanced_seo_description":"","jetpack_seo_html_title":"","jetpack_seo_noindex":false,"_jetpack_memberships_contains_paid_content":false,"footnotes":""},"categories":[35],"tags":[],"class_list":{"0":"post-23469","1":"post","2":"type-post","3":"status-publish","4":"format-standard","5":"has-post-thumbnail","7":"category-economia"},"jetpack_featured_media_url":"https:\/\/www.paranapraia.com.br\/wp-content\/uploads\/2019\/11\/idosos.jpg","jetpack_sharing_enabled":true,"_links":{"self":[{"href":"https:\/\/www.paranapraia.com.br\/index.php\/wp-json\/wp\/v2\/posts\/23469"}],"collection":[{"href":"https:\/\/www.paranapraia.com.br\/index.php\/wp-json\/wp\/v2\/posts"}],"about":[{"href":"https:\/\/www.paranapraia.com.br\/index.php\/wp-json\/wp\/v2\/types\/post"}],"author":[{"embeddable":true,"href":"https:\/\/www.paranapraia.com.br\/index.php\/wp-json\/wp\/v2\/users\/2"}],"replies":[{"embeddable":true,"href":"https:\/\/www.paranapraia.com.br\/index.php\/wp-json\/wp\/v2\/comments?post=23469"}],"version-history":[{"count":1,"href":"https:\/\/www.paranapraia.com.br\/index.php\/wp-json\/wp\/v2\/posts\/23469\/revisions"}],"predecessor-version":[{"id":23471,"href":"https:\/\/www.paranapraia.com.br\/index.php\/wp-json\/wp\/v2\/posts\/23469\/revisions\/23471"}],"wp:featuredmedia":[{"embeddable":true,"href":"https:\/\/www.paranapraia.com.br\/index.php\/wp-json\/wp\/v2\/media\/23470"}],"wp:attachment":[{"href":"https:\/\/www.paranapraia.com.br\/index.php\/wp-json\/wp\/v2\/media?parent=23469"}],"wp:term":[{"taxonomy":"category","embeddable":true,"href":"https:\/\/www.paranapraia.com.br\/index.php\/wp-json\/wp\/v2\/categories?post=23469"},{"taxonomy":"post_tag","embeddable":true,"href":"https:\/\/www.paranapraia.com.br\/index.php\/wp-json\/wp\/v2\/tags?post=23469"}],"curies":[{"name":"wp","href":"https:\/\/api.w.org\/{rel}","templated":true}]}}