{"id":23466,"date":"2019-11-26T11:14:23","date_gmt":"2019-11-26T14:14:23","guid":{"rendered":"https:\/\/www.paranapraia.com.br\/?p=23466"},"modified":"2019-11-26T11:14:24","modified_gmt":"2019-11-26T14:14:24","slug":"saia-e-a-moda-da-vez-saia-de-perto-de-tudo-o-que-faz-mal","status":"publish","type":"post","link":"https:\/\/www.paranapraia.com.br\/index.php\/2019\/11\/26\/saia-e-a-moda-da-vez-saia-de-perto-de-tudo-o-que-faz-mal\/","title":{"rendered":"Saia \u00e9 a moda da vez: saia de perto de tudo o que faz mal"},"content":{"rendered":"\n<p>A gente vai ficando mais velho e acumula muitas perdas. A gente perde amigos, pai, m\u00e3e, cachorro e gato. A gente perde juventude, for\u00e7a, forma f\u00edsica e cabelo. A gente perde emprego, dinheiro, objetos. Tudo envelhece, l\u00e1 fora e aqui dentro de n\u00f3s.<\/p>\n\n\n\n<p>Saudades se amontoam, recorda\u00e7\u00f5es emocionam, m\u00fasicas, livros e filmes nos remontam ao tempo bom que ficou l\u00e1 atr\u00e1s. Sobram arrependimentos, inevit\u00e1veis e doloridos. Restam fotos envelhecidas, roupas que n\u00e3o cabem mais, bicicleta enferrujada, Sapatos mofados, cartinhas da namorada, dos filhos, v\u00eddeos de outrora.<\/p>\n\n\n\n<blockquote class=\"wp-block-quote is-layout-flow wp-block-quote-is-layout-flow\"><p>O TEMPO TRAZ A CONSCI\u00caNCIA DE QUE DESPEDIDAS, T\u00c9RMINOS E FINS S\u00c3O INEVIT\u00c1VEIS.<\/p><\/blockquote>\n\n\n\n<p>A morte j\u00e1 n\u00e3o fica distante e essa consci\u00eancia nos for\u00e7a a entender que \u00e9 necess\u00e1rio guardar no cora\u00e7\u00e3o lembran\u00e7as doces e especiais, para que elas nos ajudem nos momentos de ang\u00fastia e de saudade. Nossa mem\u00f3ria nos ampara na travessia da vida, enquanto enfrentamos tudo o que tiver de ser, o bom e o ruim.<\/p>\n\n\n\n<p>O tempo traz conhecimentos, levando-nos a novas vis\u00f5es sobre o outro, sobre a vida, sobre o mundo. A gente vai saindo cada vez mais do nosso eu, em dire\u00e7\u00e3o a verdadeiros encontros com tudo o que tem de bom longe do nosso pr\u00f3prio umbigo. Paramos de focar somente no que queremos ter e come\u00e7amos a nutrir mais gratid\u00e3o por tudo o que j\u00e1 temos.<\/p>\n\n\n\n<p>E, quanto mais cedo pudermos entender tudo isso, quanto mais cedo pudermos nos libertar do que faz mal, do que emperra e de pessoas que n\u00e3o nos acrescentam absolutamente nada de bom, mais e mais lembran\u00e7as boas e sentimentos gostosos guardaremos em nossa alma. E isso tudo ser\u00e1 essencial, para que ela n\u00e3o se perca, quando da escurid\u00e3o das noites sem fim que ainda enfrentaremos.<\/p>\n\n\n\n<blockquote class=\"wp-block-quote is-layout-flow wp-block-quote-is-layout-flow\"><p>DESAPEGUE DO QUE \u00c9 PESADO E TRISTE, AGARRE-SE AO QUE D\u00c1 PRAZER E A QUEM CHEGA JUNTO COM VERDADE.<\/p><\/blockquote>\n\n\n\n<p>N\u00e3o se prenda, n\u00e3o se deixe prender, sai, saia muito. At\u00e9 mesmo saia do s\u00e9rio. Saia \u00e9 a moda do momento. Saia de ambientes pesados, de relacionamentos t\u00f3xicos, saia de perto de gente chata. Saia por a\u00ed e se divirta. N\u00e3o tem erro. Vai ser feliz. Vai ser feliz agora!<\/p>\n\n\n\n<p>Autor:\u00a0Prof. Marcel Camargo<br><\/p>\n\n\n\n<p><ins><br> <\/ins><\/p>\n","protected":false},"excerpt":{"rendered":"<p>A gente vai ficando mais velho e acumula muitas perdas. A gente perde amigos, pai, m\u00e3e, cachorro e gato. A gente perde juventude, for\u00e7a, forma f\u00edsica e cabelo. A gente perde emprego, dinheiro, objetos. Tudo envelhece, l\u00e1 fora e aqui dentro de n\u00f3s. Saudades se amontoam, recorda\u00e7\u00f5es emocionam, m\u00fasicas, livros e filmes nos remontam ao [&hellip;]<\/p>\n","protected":false},"author":2,"featured_media":23467,"comment_status":"open","ping_status":"open","sticky":false,"template":"","format":"standard","meta":{"advanced_seo_description":"","jetpack_seo_html_title":"","jetpack_seo_noindex":false,"_jetpack_memberships_contains_paid_content":false,"footnotes":""},"categories":[45],"tags":[],"class_list":{"0":"post-23466","1":"post","2":"type-post","3":"status-publish","4":"format-standard","5":"has-post-thumbnail","7":"category-qualidade-de-vida"},"jetpack_featured_media_url":"https:\/\/www.paranapraia.com.br\/wp-content\/uploads\/2019\/11\/saia.png","jetpack_sharing_enabled":true,"_links":{"self":[{"href":"https:\/\/www.paranapraia.com.br\/index.php\/wp-json\/wp\/v2\/posts\/23466"}],"collection":[{"href":"https:\/\/www.paranapraia.com.br\/index.php\/wp-json\/wp\/v2\/posts"}],"about":[{"href":"https:\/\/www.paranapraia.com.br\/index.php\/wp-json\/wp\/v2\/types\/post"}],"author":[{"embeddable":true,"href":"https:\/\/www.paranapraia.com.br\/index.php\/wp-json\/wp\/v2\/users\/2"}],"replies":[{"embeddable":true,"href":"https:\/\/www.paranapraia.com.br\/index.php\/wp-json\/wp\/v2\/comments?post=23466"}],"version-history":[{"count":1,"href":"https:\/\/www.paranapraia.com.br\/index.php\/wp-json\/wp\/v2\/posts\/23466\/revisions"}],"predecessor-version":[{"id":23468,"href":"https:\/\/www.paranapraia.com.br\/index.php\/wp-json\/wp\/v2\/posts\/23466\/revisions\/23468"}],"wp:featuredmedia":[{"embeddable":true,"href":"https:\/\/www.paranapraia.com.br\/index.php\/wp-json\/wp\/v2\/media\/23467"}],"wp:attachment":[{"href":"https:\/\/www.paranapraia.com.br\/index.php\/wp-json\/wp\/v2\/media?parent=23466"}],"wp:term":[{"taxonomy":"category","embeddable":true,"href":"https:\/\/www.paranapraia.com.br\/index.php\/wp-json\/wp\/v2\/categories?post=23466"},{"taxonomy":"post_tag","embeddable":true,"href":"https:\/\/www.paranapraia.com.br\/index.php\/wp-json\/wp\/v2\/tags?post=23466"}],"curies":[{"name":"wp","href":"https:\/\/api.w.org\/{rel}","templated":true}]}}