{"id":23283,"date":"2019-11-23T18:02:18","date_gmt":"2019-11-23T21:02:18","guid":{"rendered":"https:\/\/www.paranapraia.com.br\/?p=23283"},"modified":"2019-11-23T18:02:20","modified_gmt":"2019-11-23T21:02:20","slug":"estava-super-tranquilo-lendo-umas-revistas-diz-curitibano-que-fotografou-gugu-em-aeroporto-horas-antes-do-acidente","status":"publish","type":"post","link":"https:\/\/www.paranapraia.com.br\/index.php\/2019\/11\/23\/estava-super-tranquilo-lendo-umas-revistas-diz-curitibano-que-fotografou-gugu-em-aeroporto-horas-antes-do-acidente\/","title":{"rendered":"&#8216;Estava super tranquilo lendo umas revistas&#8217;, diz curitibano que fotografou Gugu em aeroporto horas antes do acidente"},"content":{"rendered":"\n<h4 class=\"wp-block-heading\">Paranaense flagrou Gugu no Aeroporto Internacional de Guarulhos, em S\u00e3o Paulo, antes de ele viajar para os Estados Unidos.<\/h4>\n\n\n\n<p>O curitibano Luan Jofre tirou uma foto do apresentador Gugu Liberato,\u00a0<a href=\"https:\/\/g1.globo.com\/pop-arte\/noticia\/2019\/11\/22\/gugu-liberato-morre-nos-estados-unidos.ghtml\">que teve a morte confirmada nesta sexta<\/a>&#8211;<a href=\"https:\/\/g1.globo.com\/pop-arte\/noticia\/2019\/11\/22\/gugu-liberato-morre-nos-estados-unidos.ghtml\">feira (22) em Orlando,<\/a>\u00a0nos Estados Unidos, horas antes de ele embarcar para o pa\u00eds americano e no mesmo dia em que\u00a0sofreu o acidente na casa da fam\u00edlia, na quarta-feira (20).<\/p>\n\n\n\n<p>Luan contou que passou para tomar um caf\u00e9 em uma sala do Aeroporto Internacional de Guarulhos, em S\u00e3o Paulo, e que Gugu estava na frente dele, lendo revistas.<\/p>\n\n\n\n<blockquote class=\"wp-block-quote is-layout-flow wp-block-quote-is-layout-flow\"><p>&#8220;Eu tamb\u00e9m estava embarcando para os Estados Unidos e sentei pra tomar um caf\u00e9. Ele estava quase que na minha frente, em uma mesa grudada na minha, lendo umas revistas e super tranquilo. Ele ficou uns tr\u00eas, quatro minutos ali, levantou e foi embora. Foi quando eu tirei as fotos&#8221;, contou o curitibano.<\/p><\/blockquote>\n\n\n\n<figure class=\"wp-block-image\"><img decoding=\"async\" src=\"https:\/\/s2.glbimg.com\/38IicYWgqhJ4eoEWu3FFVs4pOr0=\/0x231:774x1032\/984x0\/smart\/filters:strip_icc()\/i.s3.glbimg.com\/v1\/AUTH_59edd422c0c84a879bd37670ae4f538a\/internal_photos\/bs\/2019\/X\/a\/Lb6hf8RCu4PuRufI20mQ\/gugu-2.jpg\" alt=\"Gugu estava de bon\u00e9 e aguardando para viajar para os Estados Unidos  \u2014 Foto: Luan Jofre\/Arquivo pessoal \"\/><\/figure>\n\n\n\n<p>Gugu estava de bon\u00e9 e aguardando para viajar para os Estados Unidos \u2014 Foto: Luan Jofre\/Arquivo pessoal<\/p>\n\n\n\n<p>O paranaense disse que Gugu marcou a inf\u00e2ncia dele, assim como a de muitos brasileiros. &#8220;Foi um sentimento muito estranho saber do que aconteceu no mesmo dia. Muito triste&#8221;, acrescentou. Luan disse ainda que percebeu que ele estava em um momento dele e que n\u00e3o se aproximou para n\u00e3o tirar a privacidade dele.<\/p>\n\n\n\n<p>De acordo com a assessoria de imprensa, o vel\u00f3rio do apresentador ser\u00e1 aberto ao p\u00fablico que tanto o prestigiou e acontecer\u00e1 em um sal\u00e3o da Assembleia Legislativa de S\u00e3o Paulo (Alesp), na regi\u00e3o do Ibirapuera, Zona Sul da capital.<\/p>\n\n\n\n<p>O enterro ocorrer\u00e1 no Cemit\u00e9rio Gets\u00eamani, no Morumbi, tamb\u00e9m Zona Sul da cidade.<\/p>\n\n\n\n<h2 class=\"wp-block-heading\">Doador de \u00f3rg\u00e3os<\/h2>\n\n\n\n<figure class=\"wp-block-image\"><img decoding=\"async\" src=\"https:\/\/s2.glbimg.com\/qcfoytk3LuJM4GC3O2DISPyU_-E=\/0x0:1400x927\/1008x0\/smart\/filters:strip_icc()\/i.s3.glbimg.com\/v1\/AUTH_59edd422c0c84a879bd37670ae4f538a\/internal_photos\/bs\/2019\/z\/m\/OF2WhTQlukNmBCDiTR9g\/gugu-liberato11.jpg\" alt=\"Gugu Liberato teve a morte confirmada nesta sexta-feira (22)  \u2014 Foto: F\u00e1bio Guinalz\/Fotoarena\/Estad\u00e3o Conte\u00fado\"\/><\/figure>\n\n\n\n<p>Gugu Liberato teve a morte confirmada nesta sexta-feira (22) \u2014 Foto: F\u00e1bio Guinalz\/Fotoarena\/Estad\u00e3o Conte\u00fado<\/p>\n\n\n\n<p>Um dos motivos para a demora no traslado \u00e9 que, segundo a fam\u00edlia, Gugu expressou em vida o desejo de ser doador de \u00f3rg\u00e3os. S\u00f3 depois desse processo que o corpo ser\u00e1 levado para o Brasil.<\/p>\n\n\n\n<p>Ainda de acordo com a assessoria, a equipe m\u00e9dica americana informou que a doa\u00e7\u00e3o dos \u00f3rg\u00e3os de Gugu poder\u00e1 beneficiar at\u00e9 50 pessoas.<\/p>\n\n\n\n<p>G1PR<br><\/p>\n","protected":false},"excerpt":{"rendered":"<p>Paranaense flagrou Gugu no Aeroporto Internacional de Guarulhos, em S\u00e3o Paulo, antes de ele viajar para os Estados Unidos. O curitibano Luan Jofre tirou uma foto do apresentador Gugu Liberato,\u00a0que teve a morte confirmada nesta sexta&#8211;feira (22) em Orlando,\u00a0nos Estados Unidos, horas antes de ele embarcar para o pa\u00eds americano e no mesmo dia em [&hellip;]<\/p>\n","protected":false},"author":2,"featured_media":23286,"comment_status":"open","ping_status":"open","sticky":false,"template":"","format":"standard","meta":{"advanced_seo_description":"","jetpack_seo_html_title":"","jetpack_seo_noindex":false,"_jetpack_memberships_contains_paid_content":false,"footnotes":""},"categories":[40],"tags":[],"class_list":{"0":"post-23283","1":"post","2":"type-post","3":"status-publish","4":"format-standard","5":"has-post-thumbnail","7":"category-destaques"},"jetpack_featured_media_url":"https:\/\/www.paranapraia.com.br\/wp-content\/uploads\/2019\/11\/gugu-1.jpg","jetpack_sharing_enabled":true,"_links":{"self":[{"href":"https:\/\/www.paranapraia.com.br\/index.php\/wp-json\/wp\/v2\/posts\/23283"}],"collection":[{"href":"https:\/\/www.paranapraia.com.br\/index.php\/wp-json\/wp\/v2\/posts"}],"about":[{"href":"https:\/\/www.paranapraia.com.br\/index.php\/wp-json\/wp\/v2\/types\/post"}],"author":[{"embeddable":true,"href":"https:\/\/www.paranapraia.com.br\/index.php\/wp-json\/wp\/v2\/users\/2"}],"replies":[{"embeddable":true,"href":"https:\/\/www.paranapraia.com.br\/index.php\/wp-json\/wp\/v2\/comments?post=23283"}],"version-history":[{"count":1,"href":"https:\/\/www.paranapraia.com.br\/index.php\/wp-json\/wp\/v2\/posts\/23283\/revisions"}],"predecessor-version":[{"id":23287,"href":"https:\/\/www.paranapraia.com.br\/index.php\/wp-json\/wp\/v2\/posts\/23283\/revisions\/23287"}],"wp:featuredmedia":[{"embeddable":true,"href":"https:\/\/www.paranapraia.com.br\/index.php\/wp-json\/wp\/v2\/media\/23286"}],"wp:attachment":[{"href":"https:\/\/www.paranapraia.com.br\/index.php\/wp-json\/wp\/v2\/media?parent=23283"}],"wp:term":[{"taxonomy":"category","embeddable":true,"href":"https:\/\/www.paranapraia.com.br\/index.php\/wp-json\/wp\/v2\/categories?post=23283"},{"taxonomy":"post_tag","embeddable":true,"href":"https:\/\/www.paranapraia.com.br\/index.php\/wp-json\/wp\/v2\/tags?post=23283"}],"curies":[{"name":"wp","href":"https:\/\/api.w.org\/{rel}","templated":true}]}}