{"id":23275,"date":"2019-11-21T17:11:52","date_gmt":"2019-11-21T20:11:52","guid":{"rendered":"https:\/\/www.paranapraia.com.br\/?p=23275"},"modified":"2019-11-21T17:11:52","modified_gmt":"2019-11-21T20:11:52","slug":"filho-e-preso-suspeito-de-matar-mae-estrangulada-em-cianorte-diz-policia","status":"publish","type":"post","link":"https:\/\/www.paranapraia.com.br\/index.php\/2019\/11\/21\/filho-e-preso-suspeito-de-matar-mae-estrangulada-em-cianorte-diz-policia\/","title":{"rendered":"Filho \u00e9 preso suspeito de matar m\u00e3e estrangulada em Cianorte, diz pol\u00edcia"},"content":{"rendered":"\n<h4 class=\"wp-block-heading\">Segundo a Pol\u00edcia Civil, v\u00edtima era amea\u00e7ada constantemente pelo rapaz de 21 anos. Crime ocorreu por causa de uma d\u00edvida de um financiamento de uma moto.<\/h4>\n\n\n\n<p>Um rapaz, de 21 anos, foi preso, na quarta-feira (20), suspeito de estrangular e matar a m\u00e3e em Cianorte, no noroeste do Paran\u00e1. A namorada dele, uma mulher de 23 anos, tamb\u00e9m foi presa suspeita de participa\u00e7\u00e3o no crime.<\/p>\n\n\n\n<p>O corpo de Maura Monteiro, que tinha 48 anos, foi encontrado no dia 14 de agosto na sala de casa por policiais militares. Um cord\u00e3o de roup\u00e3o foi encontrado amarrado no pesco\u00e7o da v\u00edtima.<\/p>\n\n\n\n<p>O Instituto M\u00e9dico Legal (IML) informou que Maura Monteiro foi morta seis dias antes do corpo ser encontrado pela pol\u00edcia.<\/p>\n\n\n\n<p>Para a Pol\u00edcia Civil, Maura foi morta durante uma discuss\u00e3o com o filho por causa de uma d\u00edvida. Ela comprou uma moto financiada para o filho trabalhar, mas ele n\u00e3o pagou as parcelas do financiamento e o nome de Maura ficou negativado.<\/p>\n\n\n\n<p>O delegado Carlos Gabriel Stecca diz que as brigas entre os dois ocorriam h\u00e1 cinco anos. Os dois moravam em casas separadas, mas no mesmo terreno. Os dois im\u00f3veis tinham entradas separadas e eram divididos por um muro.<\/p>\n\n\n\n<p>\u201cA v\u00edtima relatou para v\u00e1rias pessoas o medo, o pavor do pr\u00f3prio filho, o medo de realmente ser morta. Foi amea\u00e7ada de morte pelo filho v\u00e1rias vezes. Ele subia na casa da v\u00edtima pelo telhado e acessava o im\u00f3vel pelo s\u00f3t\u00e3o, isso de madrugada. Essa atitude maximizava o medo que a v\u00edtima tinha do filho\u201d, disse o delegado.<\/p>\n\n\n\n<h2 class=\"wp-block-heading\">\u00c1udios investigados<\/h2>\n\n\n\n<p>Durante as investiga\u00e7\u00f5es, a Pol\u00edcia Civil teve acesso a \u00e1udios que Maura mandou para uma amiga.<\/p>\n\n\n\n<p>Nas conversas, a v\u00edtima dizia que era amea\u00e7ada e tinha inten\u00e7\u00e3o de sair da casa, de ir para outra cidade. Mas, como estava com o nome negativado n\u00e3o tinha como alugar um apartamento.<\/p>\n\n\n\n<blockquote class=\"wp-block-quote is-layout-flow wp-block-quote-is-layout-flow\"><p>\u201cViu porque que eu n\u00e3o vou amiga, tenho que tirar as minhas coisas aqui de casa, estou sendo amea\u00e7ada. Isso \u00e9 uma amea\u00e7a de morte. Eu n\u00e3o posso sair daqui, se eu sair daqui ele entra e pega as minhas coisas amiga\u201d, disse a v\u00edtima em um dos \u00e1udios divulgados pela Pol\u00edcia Civil.<\/p><\/blockquote>\n\n\n\n<p>A Pol\u00edcia Civil tamb\u00e9m divulgou um \u00e1udio que foi enviado pelo rapaz para a m\u00e3e.<\/p>\n\n\n\n<blockquote class=\"wp-block-quote is-layout-flow wp-block-quote-is-layout-flow\"><p>\u201cSe voc\u00ea for na minha casa para querer tocar o terror na minha esposa de novo, eu vou matar voc\u00ea\u201d<\/p><\/blockquote>\n\n\n\n<p>Em depoimento \u00e0 pol\u00edcia, os dois suspeitos negaram o crime e afirmaram que s\u00e3o usu\u00e1rios de drogas. Dois celulares da v\u00edtima foram encontrados na casa dos suspeitos.<\/p>\n\n\n\n<p>O delegado Gabriel Stecca informou que vai pedir \u00e0 Justi\u00e7a a pris\u00e3o preventiva, que \u00e9 por tempo indeterminado, dos dois investigados.<\/p>\n\n\n\n<figure class=\"wp-block-image\"><img decoding=\"async\" src=\"https:\/\/s2.glbimg.com\/RvumrzOombuy0JpKolpa-IVsWI0=\/0x0:745x421\/984x0\/smart\/filters:strip_icc()\/i.s3.glbimg.com\/v1\/AUTH_59edd422c0c84a879bd37670ae4f538a\/internal_photos\/bs\/2019\/O\/b\/U8VYHOQkKvRog8WQkwRQ\/vitima-cianorte-2.jpg\" alt=\"Filho amea\u00e7a a m\u00e3e em um \u00e1udio \u2014 Foto: Reprodu\u00e7\u00e3o\/RPC\"\/><\/figure>\n\n\n\n<p>Filho amea\u00e7a a m\u00e3e em um \u00e1udio \u2014 Foto: Reprodu\u00e7\u00e3o\/RPC<\/p>\n\n\n\n<figure class=\"wp-block-image\"><img decoding=\"async\" src=\"https:\/\/s03.video.glbimg.com\/x720\/8105498.jpg\" alt=\"Filho \u00e9 preso suspeito de ter matado a pr\u00f3pria m\u00e3e em Cianorte\"\/><\/figure>\n\n\n\n<p>Filho \u00e9 preso suspeito de ter matado a pr\u00f3pria m\u00e3e em Cianorte<\/p>\n\n\n\n<p>G1PR<br><\/p>\n","protected":false},"excerpt":{"rendered":"<p>Segundo a Pol\u00edcia Civil, v\u00edtima era amea\u00e7ada constantemente pelo rapaz de 21 anos. Crime ocorreu por causa de uma d\u00edvida de um financiamento de uma moto. Um rapaz, de 21 anos, foi preso, na quarta-feira (20), suspeito de estrangular e matar a m\u00e3e em Cianorte, no noroeste do Paran\u00e1. A namorada dele, uma mulher de [&hellip;]<\/p>\n","protected":false},"author":2,"featured_media":23277,"comment_status":"open","ping_status":"open","sticky":false,"template":"","format":"standard","meta":{"advanced_seo_description":"","jetpack_seo_html_title":"","jetpack_seo_noindex":false,"_jetpack_memberships_contains_paid_content":false,"footnotes":""},"categories":[33],"tags":[],"class_list":{"0":"post-23275","1":"post","2":"type-post","3":"status-publish","4":"format-standard","5":"has-post-thumbnail","7":"category-policia"},"jetpack_featured_media_url":"https:\/\/www.paranapraia.com.br\/wp-content\/uploads\/2019\/11\/mami.jpg","jetpack_sharing_enabled":true,"_links":{"self":[{"href":"https:\/\/www.paranapraia.com.br\/index.php\/wp-json\/wp\/v2\/posts\/23275"}],"collection":[{"href":"https:\/\/www.paranapraia.com.br\/index.php\/wp-json\/wp\/v2\/posts"}],"about":[{"href":"https:\/\/www.paranapraia.com.br\/index.php\/wp-json\/wp\/v2\/types\/post"}],"author":[{"embeddable":true,"href":"https:\/\/www.paranapraia.com.br\/index.php\/wp-json\/wp\/v2\/users\/2"}],"replies":[{"embeddable":true,"href":"https:\/\/www.paranapraia.com.br\/index.php\/wp-json\/wp\/v2\/comments?post=23275"}],"version-history":[{"count":1,"href":"https:\/\/www.paranapraia.com.br\/index.php\/wp-json\/wp\/v2\/posts\/23275\/revisions"}],"predecessor-version":[{"id":23278,"href":"https:\/\/www.paranapraia.com.br\/index.php\/wp-json\/wp\/v2\/posts\/23275\/revisions\/23278"}],"wp:featuredmedia":[{"embeddable":true,"href":"https:\/\/www.paranapraia.com.br\/index.php\/wp-json\/wp\/v2\/media\/23277"}],"wp:attachment":[{"href":"https:\/\/www.paranapraia.com.br\/index.php\/wp-json\/wp\/v2\/media?parent=23275"}],"wp:term":[{"taxonomy":"category","embeddable":true,"href":"https:\/\/www.paranapraia.com.br\/index.php\/wp-json\/wp\/v2\/categories?post=23275"},{"taxonomy":"post_tag","embeddable":true,"href":"https:\/\/www.paranapraia.com.br\/index.php\/wp-json\/wp\/v2\/tags?post=23275"}],"curies":[{"name":"wp","href":"https:\/\/api.w.org\/{rel}","templated":true}]}}