{"id":23272,"date":"2019-11-21T17:07:18","date_gmt":"2019-11-21T20:07:18","guid":{"rendered":"https:\/\/www.paranapraia.com.br\/?p=23272"},"modified":"2019-11-21T17:15:18","modified_gmt":"2019-11-21T20:15:18","slug":"programa-de-desenvolvimento-economico-de-pontal-do-parana-e-lancado","status":"publish","type":"post","link":"https:\/\/www.paranapraia.com.br\/index.php\/2019\/11\/21\/programa-de-desenvolvimento-economico-de-pontal-do-parana-e-lancado\/","title":{"rendered":"Programa de Desenvolvimento Econ\u00f4mico de Pontal do Paran\u00e1 \u00e9 lan\u00e7ado"},"content":{"rendered":"\n<p>Nesta \u00faltima quarta (20), autoridades, lideran\u00e7as empresariais, representantes de sindicatos e entidades de classe e de diversas esferas da sociedade pontalense participaram do lan\u00e7amento do Prodec &#8211; Programa de Desenvolvimento Econ\u00f4mico de Pontal do Paran\u00e1. O evento aconteceu no Audit\u00f3rio Primavera, e contou com a participa\u00e7\u00e3o e palestra do governador em exerc\u00edcio, Darci Piana.<\/p>\n\n\n\n<p>O Prodec \u00e9 uma das etapas que antecede a cria\u00e7\u00e3o do Conselho de Desenvolvimento Econ\u00f4mico da cidade, que ser\u00e1 formado por membros da sociedade civil organizada, Prefeitura, C\u00e2mara Municipal, Associa\u00e7\u00e3o Comercial (Aciapar) e dar\u00e1 ao munic\u00edpio uma gest\u00e3o mais participativa.<\/p>\n\n\n\n<figure class=\"wp-block-image\"><img loading=\"lazy\" decoding=\"async\" width=\"1024\" height=\"683\" src=\"https:\/\/www.paranapraia.com.br\/wp-content\/uploads\/2019\/11\/IMG_9841-1024x683.jpg\" alt=\"\" class=\"wp-image-23280\" srcset=\"https:\/\/www.paranapraia.com.br\/wp-content\/uploads\/2019\/11\/IMG_9841-1024x683.jpg 1024w, https:\/\/www.paranapraia.com.br\/wp-content\/uploads\/2019\/11\/IMG_9841-300x200.jpg 300w, https:\/\/www.paranapraia.com.br\/wp-content\/uploads\/2019\/11\/IMG_9841-768x512.jpg 768w, https:\/\/www.paranapraia.com.br\/wp-content\/uploads\/2019\/11\/IMG_9841-696x464.jpg 696w, https:\/\/www.paranapraia.com.br\/wp-content\/uploads\/2019\/11\/IMG_9841-1068x712.jpg 1068w, https:\/\/www.paranapraia.com.br\/wp-content\/uploads\/2019\/11\/IMG_9841-630x420.jpg 630w\" sizes=\"(max-width: 1024px) 100vw, 1024px\" \/><\/figure>\n\n\n\n<p>Nesta primeira fase, foi criado um Comit\u00ea Gestor Organizador, formado por t\u00e9cnicos da Prefeitura Municipal, C\u00e2mara de Vereadores e Aciapar, para avaliar o atual cen\u00e1rio, segundo a vis\u00e3o de seus moradores, e planejar as a\u00e7\u00f5es priorit\u00e1rias.<\/p>\n\n\n\n<p>\u201cJunto com este diagn\u00f3stico, ser\u00e3o avaliados v\u00e1rios indicadores e definido o planejamento estrat\u00e9gico. Ele facilitar\u00e1 o trabalho da administra\u00e7\u00e3o municipal e dar\u00e1 ingredientes para que toda a cidade trilhe um mesmo objetivo\u201d, explica Vinicius Milani, coordenador de Ambiente de Neg\u00f3cios do Sebrae\/PR. \u201cO Sebrae foi contratado para implantar o conselho e dar estrutura para que, a partir de sua forma\u00e7\u00e3o, ele tenha vida pr\u00f3pria e sustentabilidade\u201d, refor\u00e7a Milani.<\/p>\n\n\n\n<p>\u201cCom a sociedade unida, com certeza teremos grandes avan\u00e7os, Pontal deve ganhar muito mais com a cria\u00e7\u00e3o do Prodec, desde j\u00e1 agradecemos mais uma vez ao Sebrae, nosso longo parceiro e que acredita em nossos projetos por uma cidade melhor.\u201d Ressaltou o secret\u00e1rio de desenvolvimento, Jaime Cousseau.<\/p>\n\n\n\n<p>O prefeito Marcos Casquinha destacou que a instala\u00e7\u00e3o do programa inclui uma gest\u00e3o participativa. \u201c\u00c9 de suma import\u00e2ncia a popula\u00e7\u00e3o se envolver e ajudar a prefeitura a conduzir a administra\u00e7\u00e3o, temos expectativa de uma grande participa\u00e7\u00e3o da sociedade na gest\u00e3o p\u00fablica para planejar uma cidade melhor nos pr\u00f3ximos anos\u201d, resumiu.<\/p>\n\n\n\n<p>Assessoria<br><\/p>\n","protected":false},"excerpt":{"rendered":"<p>Nesta \u00faltima quarta (20), autoridades, lideran\u00e7as empresariais, representantes de sindicatos e entidades de classe e de diversas esferas da sociedade pontalense participaram do lan\u00e7amento do Prodec &#8211; Programa de Desenvolvimento Econ\u00f4mico de Pontal do Paran\u00e1. O evento aconteceu no Audit\u00f3rio Primavera, e contou com a participa\u00e7\u00e3o e palestra do governador em exerc\u00edcio, Darci Piana. O [&hellip;]<\/p>\n","protected":false},"author":2,"featured_media":23273,"comment_status":"open","ping_status":"open","sticky":false,"template":"","format":"standard","meta":{"advanced_seo_description":"","jetpack_seo_html_title":"","jetpack_seo_noindex":false,"_jetpack_memberships_contains_paid_content":false,"footnotes":""},"categories":[40],"tags":[],"class_list":{"0":"post-23272","1":"post","2":"type-post","3":"status-publish","4":"format-standard","5":"has-post-thumbnail","7":"category-destaques"},"jetpack_featured_media_url":"https:\/\/www.paranapraia.com.br\/wp-content\/uploads\/2019\/11\/piana1.jpg","jetpack_sharing_enabled":true,"_links":{"self":[{"href":"https:\/\/www.paranapraia.com.br\/index.php\/wp-json\/wp\/v2\/posts\/23272"}],"collection":[{"href":"https:\/\/www.paranapraia.com.br\/index.php\/wp-json\/wp\/v2\/posts"}],"about":[{"href":"https:\/\/www.paranapraia.com.br\/index.php\/wp-json\/wp\/v2\/types\/post"}],"author":[{"embeddable":true,"href":"https:\/\/www.paranapraia.com.br\/index.php\/wp-json\/wp\/v2\/users\/2"}],"replies":[{"embeddable":true,"href":"https:\/\/www.paranapraia.com.br\/index.php\/wp-json\/wp\/v2\/comments?post=23272"}],"version-history":[{"count":2,"href":"https:\/\/www.paranapraia.com.br\/index.php\/wp-json\/wp\/v2\/posts\/23272\/revisions"}],"predecessor-version":[{"id":23281,"href":"https:\/\/www.paranapraia.com.br\/index.php\/wp-json\/wp\/v2\/posts\/23272\/revisions\/23281"}],"wp:featuredmedia":[{"embeddable":true,"href":"https:\/\/www.paranapraia.com.br\/index.php\/wp-json\/wp\/v2\/media\/23273"}],"wp:attachment":[{"href":"https:\/\/www.paranapraia.com.br\/index.php\/wp-json\/wp\/v2\/media?parent=23272"}],"wp:term":[{"taxonomy":"category","embeddable":true,"href":"https:\/\/www.paranapraia.com.br\/index.php\/wp-json\/wp\/v2\/categories?post=23272"},{"taxonomy":"post_tag","embeddable":true,"href":"https:\/\/www.paranapraia.com.br\/index.php\/wp-json\/wp\/v2\/tags?post=23272"}],"curies":[{"name":"wp","href":"https:\/\/api.w.org\/{rel}","templated":true}]}}