{"id":23267,"date":"2019-11-21T14:24:36","date_gmt":"2019-11-21T17:24:36","guid":{"rendered":"https:\/\/www.paranapraia.com.br\/?p=23267"},"modified":"2019-11-21T14:24:37","modified_gmt":"2019-11-21T17:24:37","slug":"juiz-manda-soltar-motorista-que-atropelou-tres-pessoas-alegando-que-caso-nao-gerou-comocao-social","status":"publish","type":"post","link":"https:\/\/www.paranapraia.com.br\/index.php\/2019\/11\/21\/juiz-manda-soltar-motorista-que-atropelou-tres-pessoas-alegando-que-caso-nao-gerou-comocao-social\/","title":{"rendered":"Juiz manda soltar motorista que atropelou tr\u00eas pessoas alegando que caso &#8216;n\u00e3o gerou como\u00e7\u00e3o social&#8217;"},"content":{"rendered":"\n<h4 class=\"wp-block-heading\">Acidente aconteceu em 2 de novembro, em Santa Terezinha de Itaipu, no oeste do Paran\u00e1. Uma das v\u00edtimas ficou em estado grave.<\/h4>\n\n\n\n<p>A Justi\u00e7a mandou soltar um\u00a0motorista que havia sido preso em flagrante depois de atropelar duas mulheres e uma menina, no come\u00e7o deste m\u00eas, em Santa Terezinha de Itaipu, no oeste do Paran\u00e1. Uma das v\u00edtimas ficou em estado grave.<\/p>\n\n\n\n<p>Na decis\u00e3o de 11 de novembro, o juiz decidiu pela liberdade do homem, levando em considera\u00e7\u00e3o a situa\u00e7\u00e3o de baixa renda dele e que o &#8220;delito n\u00e3o gerou como\u00e7\u00e3o social ou gravame al\u00e9m do normal&#8221;.<\/p>\n\n\n\n<p>O acidente aconteceu em 2 de novembro. A av\u00f3, a filha dela e uma neta estavam sentadas na cal\u00e7ada de casa, na Rua S\u00e3o Jo\u00e3o, quando foram atingidas pelo motorista que perdeu o controle do ve\u00edculo. A not\u00edcia da liberdade provis\u00f3ria para o motorista surpreendeu a fam\u00edlia das v\u00edtimas.<\/p>\n\n\n\n<blockquote class=\"wp-block-quote is-layout-flow wp-block-quote-is-layout-flow\"><p>&#8220;A revolta nossa \u00e9 que ele saiu assim, f\u00e1cil. Ele deveria ficar mais tempo para ele pensar, ver o que fez. Ele n\u00e3o vai voltar para a pris\u00e3o. S\u00f3 se acontecer algum fato novo, se ele atropelar outra pessoa. Quem sabe a\u00ed possa comover outra fam\u00edlia, ou comover o juiz&#8221;, disse o filho de uma das v\u00edtimas, C\u00e9sar Oliveira.<\/p><\/blockquote>\n\n\n\n<p>De acordo com a PM, o carro que ele dirigia derrubou o muro e invadiu o quintal. O teste do baf\u00f4metro apontou que o motorista havia consumido bebida alco\u00f3lica antes de dirigir. Al\u00e9m disso, o homem n\u00e3o tinha carteira de habilita\u00e7\u00e3o.<\/p>\n\n\n\n<p>A av\u00f3 ficou levemente ferida e foi liberada no mesmo dia da Unidade de Pronto-Atendimento (UPA). A filha, de 32 anos, e a neta, de 11, foram levadas para o Hospital Municipal de Foz do Igua\u00e7u, no oeste do estado.<\/p>\n\n\n\n<p>A menina teve escoria\u00e7\u00f5es e hematomas, e recebeu alta no dia seguinte. A filha da senhora fraturou a bacia e teve hemorragia no intestino. Ela chegou a ficar em coma na Unidade de Terapia Intensiva (UTI) e precisou ser operada.<\/p>\n\n\n\n<p>A mulher recebeu alta na tarde desta quarta-feira e vai continuar se recuperando em casa. Ela ter\u00e1 de passar por tr\u00eas meses de fisioterapia at\u00e9 voltar a andar.<br><\/p>\n\n\n\n<p>G1PR<\/p>\n\n\n\n<p><br><\/p>\n","protected":false},"excerpt":{"rendered":"<p>Acidente aconteceu em 2 de novembro, em Santa Terezinha de Itaipu, no oeste do Paran\u00e1. Uma das v\u00edtimas ficou em estado grave. A Justi\u00e7a mandou soltar um\u00a0motorista que havia sido preso em flagrante depois de atropelar duas mulheres e uma menina, no come\u00e7o deste m\u00eas, em Santa Terezinha de Itaipu, no oeste do Paran\u00e1. Uma [&hellip;]<\/p>\n","protected":false},"author":2,"featured_media":23268,"comment_status":"open","ping_status":"open","sticky":false,"template":"","format":"standard","meta":{"advanced_seo_description":"","jetpack_seo_html_title":"","jetpack_seo_noindex":false,"_jetpack_memberships_contains_paid_content":false,"footnotes":""},"categories":[52],"tags":[],"class_list":{"0":"post-23267","1":"post","2":"type-post","3":"status-publish","4":"format-standard","5":"has-post-thumbnail","7":"category-acidentes"},"jetpack_featured_media_url":"https:\/\/www.paranapraia.com.br\/wp-content\/uploads\/2019\/11\/cadeira.jpg","jetpack_sharing_enabled":true,"_links":{"self":[{"href":"https:\/\/www.paranapraia.com.br\/index.php\/wp-json\/wp\/v2\/posts\/23267"}],"collection":[{"href":"https:\/\/www.paranapraia.com.br\/index.php\/wp-json\/wp\/v2\/posts"}],"about":[{"href":"https:\/\/www.paranapraia.com.br\/index.php\/wp-json\/wp\/v2\/types\/post"}],"author":[{"embeddable":true,"href":"https:\/\/www.paranapraia.com.br\/index.php\/wp-json\/wp\/v2\/users\/2"}],"replies":[{"embeddable":true,"href":"https:\/\/www.paranapraia.com.br\/index.php\/wp-json\/wp\/v2\/comments?post=23267"}],"version-history":[{"count":1,"href":"https:\/\/www.paranapraia.com.br\/index.php\/wp-json\/wp\/v2\/posts\/23267\/revisions"}],"predecessor-version":[{"id":23269,"href":"https:\/\/www.paranapraia.com.br\/index.php\/wp-json\/wp\/v2\/posts\/23267\/revisions\/23269"}],"wp:featuredmedia":[{"embeddable":true,"href":"https:\/\/www.paranapraia.com.br\/index.php\/wp-json\/wp\/v2\/media\/23268"}],"wp:attachment":[{"href":"https:\/\/www.paranapraia.com.br\/index.php\/wp-json\/wp\/v2\/media?parent=23267"}],"wp:term":[{"taxonomy":"category","embeddable":true,"href":"https:\/\/www.paranapraia.com.br\/index.php\/wp-json\/wp\/v2\/categories?post=23267"},{"taxonomy":"post_tag","embeddable":true,"href":"https:\/\/www.paranapraia.com.br\/index.php\/wp-json\/wp\/v2\/tags?post=23267"}],"curies":[{"name":"wp","href":"https:\/\/api.w.org\/{rel}","templated":true}]}}