{"id":23264,"date":"2019-11-21T14:21:42","date_gmt":"2019-11-21T17:21:42","guid":{"rendered":"https:\/\/www.paranapraia.com.br\/?p=23264"},"modified":"2019-11-21T14:21:44","modified_gmt":"2019-11-21T17:21:44","slug":"adolescente-tenta-atirar-contra-gerente-de-loterica-que-reagiu-a-assalto-em-curitiba-e-mata-comparsa-por-engano-diz-policia","status":"publish","type":"post","link":"https:\/\/www.paranapraia.com.br\/index.php\/2019\/11\/21\/adolescente-tenta-atirar-contra-gerente-de-loterica-que-reagiu-a-assalto-em-curitiba-e-mata-comparsa-por-engano-diz-policia\/","title":{"rendered":"Adolescente tenta atirar contra gerente de lot\u00e9rica que reagiu a assalto em Curitiba e mata comparsa por engano, diz pol\u00edcia"},"content":{"rendered":"\n<h4 class=\"wp-block-heading\">Caso ocorreu em Curitiba, nesta ter\u00e7a-feira (19), e a adolescente fugiu com o dinheiro ap\u00f3s a a\u00e7\u00e3o; assista ao v\u00eddeo.<\/h4>\n\n\n\n<p>A Pol\u00edcia Civil informou, nesta quinta-feira (21), que a\u00a0suspeita de balear o gerente de uma lot\u00e9rica e matar o comparsa por engano durante um assalto\u00a0nesta ter\u00e7a-feira (19), em Santa Felicidade, em Curitiba, tem 17 anos. A adolescente fugiu com o dinheiro do roubo e at\u00e9 a manh\u00e3 desta quinta-feira (21) estava foragida.<\/p>\n\n\n\n<p>O caso aconteceu por volta das 12h. Segundo o delegado da Delegacia de Furtos e Roubos de Curitiba Victor Loureiro, o gerente da lot\u00e9rica reagiu ap\u00f3s o roubo e tentou agredir a suspeita com uma faca. Ela estava com a arma na m\u00e3o, ainda conforme o delegado, e revidou disparando pelo menos tr\u00eas disparos.<\/p>\n\n\n\n<p>Um dos tiros acertou o outro assaltante, que morreu na hora. O gerente est\u00e1 internado em estado grave na Unidade de Terapia Intensiva (UTI) do Hospital Cajuru.<\/p>\n\n\n\n<p>&#8220;Ela atirou pra matar o gerente, mas errou e acabou matando o comparsa&#8221;, disse o delegado Victor.<\/p>\n\n\n\n<p>G1PR<br><\/p>\n","protected":false},"excerpt":{"rendered":"<p>Caso ocorreu em Curitiba, nesta ter\u00e7a-feira (19), e a adolescente fugiu com o dinheiro ap\u00f3s a a\u00e7\u00e3o; assista ao v\u00eddeo. A Pol\u00edcia Civil informou, nesta quinta-feira (21), que a\u00a0suspeita de balear o gerente de uma lot\u00e9rica e matar o comparsa por engano durante um assalto\u00a0nesta ter\u00e7a-feira (19), em Santa Felicidade, em Curitiba, tem 17 anos. [&hellip;]<\/p>\n","protected":false},"author":2,"featured_media":23265,"comment_status":"open","ping_status":"open","sticky":false,"template":"","format":"standard","meta":{"advanced_seo_description":"","jetpack_seo_html_title":"","jetpack_seo_noindex":false,"_jetpack_memberships_contains_paid_content":false,"footnotes":""},"categories":[33],"tags":[],"class_list":{"0":"post-23264","1":"post","2":"type-post","3":"status-publish","4":"format-standard","5":"has-post-thumbnail","7":"category-policia"},"jetpack_featured_media_url":"https:\/\/www.paranapraia.com.br\/wp-content\/uploads\/2019\/11\/roubo-.jpg","jetpack_sharing_enabled":true,"_links":{"self":[{"href":"https:\/\/www.paranapraia.com.br\/index.php\/wp-json\/wp\/v2\/posts\/23264"}],"collection":[{"href":"https:\/\/www.paranapraia.com.br\/index.php\/wp-json\/wp\/v2\/posts"}],"about":[{"href":"https:\/\/www.paranapraia.com.br\/index.php\/wp-json\/wp\/v2\/types\/post"}],"author":[{"embeddable":true,"href":"https:\/\/www.paranapraia.com.br\/index.php\/wp-json\/wp\/v2\/users\/2"}],"replies":[{"embeddable":true,"href":"https:\/\/www.paranapraia.com.br\/index.php\/wp-json\/wp\/v2\/comments?post=23264"}],"version-history":[{"count":1,"href":"https:\/\/www.paranapraia.com.br\/index.php\/wp-json\/wp\/v2\/posts\/23264\/revisions"}],"predecessor-version":[{"id":23266,"href":"https:\/\/www.paranapraia.com.br\/index.php\/wp-json\/wp\/v2\/posts\/23264\/revisions\/23266"}],"wp:featuredmedia":[{"embeddable":true,"href":"https:\/\/www.paranapraia.com.br\/index.php\/wp-json\/wp\/v2\/media\/23265"}],"wp:attachment":[{"href":"https:\/\/www.paranapraia.com.br\/index.php\/wp-json\/wp\/v2\/media?parent=23264"}],"wp:term":[{"taxonomy":"category","embeddable":true,"href":"https:\/\/www.paranapraia.com.br\/index.php\/wp-json\/wp\/v2\/categories?post=23264"},{"taxonomy":"post_tag","embeddable":true,"href":"https:\/\/www.paranapraia.com.br\/index.php\/wp-json\/wp\/v2\/tags?post=23264"}],"curies":[{"name":"wp","href":"https:\/\/api.w.org\/{rel}","templated":true}]}}