{"id":23252,"date":"2019-11-20T17:16:31","date_gmt":"2019-11-20T20:16:31","guid":{"rendered":"https:\/\/www.paranapraia.com.br\/?p=23252"},"modified":"2019-11-20T17:16:32","modified_gmt":"2019-11-20T20:16:32","slug":"taxa-do-detran-pr-passou-de-r-143-para-r-350-sem-justificativa-diz-gaeco-apos-prisoes","status":"publish","type":"post","link":"https:\/\/www.paranapraia.com.br\/index.php\/2019\/11\/20\/taxa-do-detran-pr-passou-de-r-143-para-r-350-sem-justificativa-diz-gaeco-apos-prisoes\/","title":{"rendered":"Taxa do Detran-PR passou de R$ 143 para R$ 350 sem justificativa, diz Gaeco ap\u00f3s pris\u00f5es"},"content":{"rendered":"\n<h4 class=\"wp-block-heading\">Quatro mandados de pris\u00e3o foram cumpridos e uma quinta pessoa est\u00e1 sendo procurada<\/h4>\n\n\n\n<p>O pre\u00e7o atualmente cobrado pelo Detran-PR para ve\u00edculos financiados, que hoje \u00e9 de R$ 350, poderia ser de, no m\u00ednimo R$ 143, valor cobrado antes do processo de licita\u00e7\u00e3o que colocou a empresa Infosolo como a respons\u00e1vel por 90% nos contratos no Paran\u00e1. A informa\u00e7\u00e3o foi dada pelo coordenador do Grupo de Atua\u00e7\u00e3o Especial de Combate ao Crime Organizado (Gaeco), Leonir Batisti, em entrevista coletiva na manh\u00e3 desta quarta-feira (20), logo ap\u00f3s a deflagra\u00e7\u00e3o da Opera\u00e7\u00e3o Taxa Alta, que apura suposto direcionamento da licita\u00e7\u00e3o feita em 2018 pelo Detran-PR.<\/p>\n\n\n\n<p>\u201cUm conjunto de comportamentos indica que o edital da licita\u00e7\u00e3o veio de fora do Detran. Todas as sugest\u00f5es dos funcion\u00e1rios do \u00f3rg\u00e3o n\u00e3o foram acatadas e houve press\u00e3o para que mudassem de vis\u00e3o e cumprissem as novas regras que favoreceram a empresa que det\u00e9m 90% dos contratos hoje. A licita\u00e7\u00e3o acabou encarecendo o servi\u00e7o de 143 para 350 reais, ou seja, esta empresa investigada recebeu de novembro a junho cerca de 77 milh\u00f5es de reais e pelo menos 60% disso foi cobrado idnevidamente j\u00e1 que o custo acabou ficando muito acima do valor considerado necess\u00e1rio\u201d, afirmou Batisti.<\/p>\n\n\n\n<p>A opera\u00e7\u00e3o \u00e9 para investigar irregularidades em um edital do Detran para credenciar empresas respons\u00e1veis pelo registro de financiamentos de ve\u00edculos no estado.<\/p>\n\n\n\n<figure class=\"wp-block-image\"><img decoding=\"async\" src=\"https:\/\/www.bandab.com.br\/wp-content\/uploads\/2019\/11\/apreesnao.jpg\" alt=\"\" class=\"wp-image-512808\"\/><\/figure>\n\n\n\n<p>Material apreendido nesta quarta-feira \u2013 Foto MP-PR<\/p>\n\n\n\n<p>Segundo Batisti, o ex-diretor-geral do Detran, Marcello Panizzi, tinha total conhecimento do esquema. \u201cO ex-diretor-geral tinha total conhecimento do esquema para favorecer a empresa vencedora, tanto que o juiz decretou a pris\u00e3o preventiva. Temos tamb\u00e9m ind\u00edcios de que o ex-assessor do Governo elaborou o edital ou opinou e trouxe para dentro do Detran\u201d, completou.<\/p>\n\n\n\n<p>O coordenador ressaltou que, at\u00e9 o momento, n\u00e3o h\u00e1 como afirmar que os suspeitos tenham recebido valores financeiros pelo esquema.<\/p>\n\n\n\n<h1 class=\"wp-block-heading\">O esquema<\/h1>\n\n\n\n<p>A Opera\u00e7\u00e3o Taxa Alta apura suposto direcionamento de procedimento efetivado em 2018 pelo Departamento de Tr\u00e2nsito (Detran) do Paran\u00e1. O processo destinava-se ao credenciamento de empresas respons\u00e1veis pelo registro eletr\u00f4nico de contratos de financiamentos de ve\u00edculos com cl\u00e1usulas restritivas \u00e0 venda (anota\u00e7\u00f5es de aliena\u00e7\u00e3o fiduci\u00e1ria, arrendamento, reserva de dom\u00ednio ou penhor).<\/p>\n\n\n\n<p>As investiga\u00e7\u00f5es referem-se ao procedimento de credenciamento 001\/2018 do Detran, que foi concretizado em agosto de 2018. Segundo as investiga\u00e7\u00f5es do Gaeco, o processo foi manipulado de modo a beneficiar a Infosolo, uma das empresas vencedoras \u2013 um dos servidores com mandado de pris\u00e3o expedido j\u00e1 havia sido, inclusive, preposto de outra firma pertencente ao s\u00f3cio-diretor da empresa beneficiada.A empresa investigada faturou, entre novembro de 2018 e junho de 2019, cerca de R$ 77 milh\u00f5es. Ela realizou pedido de credenciamento para o servi\u00e7o 24 horas ap\u00f3s a publica\u00e7\u00e3o do edital e, por um per\u00edodo, praticamente monopolizou a atividade, em raz\u00e3o de ter sido beneficiada no in\u00edcio e ter atuado de modo exclusivo.<\/p>\n\n\n\n<figure><iframe loading=\"lazy\" src=\"https:\/\/tpc.googlesyndication.com\/safeframe\/1-0-36\/html\/container.html\" width=\"1\" height=\"1\"><\/iframe><\/figure>\n\n\n\n<p><strong>Defesa Marcelo Panizzi<\/strong><\/p>\n\n\n\n<p>A defesa de Marcelo Panizzi foi procurada e o advogado Ygor Salmen enviou nota para a reportagem: \u201cA defesa de Marcello Panizzi manifesta profunda irresigna\u00e7\u00e3o com a opera\u00e7\u00e3o ocorrida na data de hoje, destaca que o ex-diretor do DETRAN sempre esteve \u00e0 disposi\u00e7\u00e3o e que a pris\u00e3o foi totalmente extempor\u00e2nea. Por fim, a defesa destaca que todos os atos do ex-diretor foram de acordo com os princ\u00edpios da administra\u00e7\u00e3o publica e que Marcello provar\u00e1 sua inoc\u00eancia.\u201d<\/p>\n\n\n\n<p><strong>Empresas de ve\u00edculos<\/strong><\/p>\n\n\n\n<p>O advogado Igor Jos\u00e9 Ogar, que representa as lojas de autom\u00f3veis de Curitiba, disse que a categoria v\u00ea como positiva a opera\u00e7\u00e3o. \u201cEstas fraudes j\u00e1 foram evidenciadas pelo Tribunal de Contas e por den\u00fancias que fizemos. Vimos com estranheza a forma com que o edital foi manipulado para que esta empresa ficasse praticamente sozinha no servi\u00e7o. Ficamos 15 dias sem um financiamento sequer aprovado em fun\u00e7\u00e3o da inefici\u00eancia ap\u00f3s a mudan\u00e7a. Esperamos que tudo seja apurado\u201d, afirmou o advogado.<\/p>\n\n\n\n<p><strong>Nota Assembleia Legislativa do Paran\u00e1<\/strong><\/p>\n\n\n\n<p><em>\u201cA Assembleia Legislativa do Paran\u00e1 informa que o diretor-geral da Casa pediu exonera\u00e7\u00e3o do seu cargo, at\u00e9 a apura\u00e7\u00e3o dos fatos pret\u00e9ritos, alheios a atual fun\u00e7\u00e3o que atualmente desempenhava no legislativo.&nbsp;<\/em><\/p>\n\n\n\n<p><em>Reitera-se que as investiga\u00e7\u00f5es em curso pelo Gaeco n\u00e3o t\u00eam rela\u00e7\u00e3o alguma com a Assembleia Legislativa<\/em>\u201c, diz a nota divulgada na manh\u00e3 desta quarta-feira.<\/p>\n\n\n\n<p><strong>Detran<\/strong><\/p>\n\n\n\n<p>A reportagem da Banda B tamb\u00e9m entrou em contato com a assessoria do Detran, que divulgou a seguinte nota:<\/p>\n\n\n\n<p><em>O Departamento de Tr\u00e2nsito do Paran\u00e1 (Detran-PR) informa que, desde o in\u00edcio de 2019, como j\u00e1 \u00e9 de conhecimento p\u00fablico, vem buscando sistematicamente, diminuir o valor do Registro Eletr\u00f4nico de Contratos de Financiamento de Ve\u00edculos, al\u00e9m de adequar o fluxo financeiro conforme com as normas financeiras e cont\u00e1beis, e de acordo com os contratos existentes. Reitera tamb\u00e9m que j\u00e1 vem colaborando com o Minist\u00e9rio P\u00fablico em decorr\u00eancia de Inqu\u00e9rito Civil instaurado para apurar quest\u00f5es de improbidade e est\u00e1 \u00e0 disposi\u00e7\u00e3o do GAECO, fornecendo todas as informa\u00e7\u00f5es para que os fatos sejam apurados com transpar\u00eancia e legalidade.<\/em><\/p>\n\n\n\n<p><em>Atenciosamente,<\/em><br><em>Departamento de Tr\u00e2nsito do Paran\u00e1 \u2013 Detran-PR<\/em><\/p>\n\n\n\n<p><strong>Nota Infosolo<\/strong><\/p>\n\n\n\n<p><em>\u201cA Infosolo sempre pautou sua atua\u00e7\u00e3o pela transpar\u00eancia e r\u00edgidos princ\u00edpios de \u00e9tica e corre\u00e7\u00e3o. Sua posi\u00e7\u00e3o de lideran\u00e7a no setor de registro de contratos adv\u00e9m, acima de tudo, da forma s\u00e9ria e comprometida com que sempre norteou suas iniciativas.<\/em><\/p>\n\n\n\n<p><em>A empresa jamais desrespeitou qualquer norma relativa aos procedimentos p\u00fablicos dos quais participa e tem plena convic\u00e7\u00e3o de que esclarecer\u00e1 os fatos junto ao Poder Judici\u00e1rio. Todos os esclarecimentos, bem como a disponibiliza\u00e7\u00e3o de informa\u00e7\u00f5es e documentos ao Minist\u00e9rio P\u00fablico foi feita com absoluta tranquilidade, diante da plena convic\u00e7\u00e3o de que nenhum ato ilegal tenha sido realizado no processo de credenciamento junto ao Detran-PR.<\/em><\/p>\n\n\n\n<p><em>A Infosolo ressalta que, em raz\u00e3o de o processo tramitar em segredo de justi\u00e7a, ainda n\u00e3o teve acesso aos autos. Mas reafirma sua confian\u00e7a no Poder Judici\u00e1rio e nas institui\u00e7\u00f5es\u201d.<\/em><\/p>\n\n\n\n<p>Banda B<br><\/p>\n\n\n\n<p><br><br><\/p>\n","protected":false},"excerpt":{"rendered":"<p>Quatro mandados de pris\u00e3o foram cumpridos e uma quinta pessoa est\u00e1 sendo procurada O pre\u00e7o atualmente cobrado pelo Detran-PR para ve\u00edculos financiados, que hoje \u00e9 de R$ 350, poderia ser de, no m\u00ednimo R$ 143, valor cobrado antes do processo de licita\u00e7\u00e3o que colocou a empresa Infosolo como a respons\u00e1vel por 90% nos contratos no [&hellip;]<\/p>\n","protected":false},"author":2,"featured_media":23253,"comment_status":"open","ping_status":"open","sticky":false,"template":"","format":"standard","meta":{"advanced_seo_description":"","jetpack_seo_html_title":"","jetpack_seo_noindex":false,"_jetpack_memberships_contains_paid_content":false,"footnotes":""},"categories":[33],"tags":[],"class_list":{"0":"post-23252","1":"post","2":"type-post","3":"status-publish","4":"format-standard","5":"has-post-thumbnail","7":"category-policia"},"jetpack_featured_media_url":"https:\/\/www.paranapraia.com.br\/wp-content\/uploads\/2019\/11\/batisti.jpg","jetpack_sharing_enabled":true,"_links":{"self":[{"href":"https:\/\/www.paranapraia.com.br\/index.php\/wp-json\/wp\/v2\/posts\/23252"}],"collection":[{"href":"https:\/\/www.paranapraia.com.br\/index.php\/wp-json\/wp\/v2\/posts"}],"about":[{"href":"https:\/\/www.paranapraia.com.br\/index.php\/wp-json\/wp\/v2\/types\/post"}],"author":[{"embeddable":true,"href":"https:\/\/www.paranapraia.com.br\/index.php\/wp-json\/wp\/v2\/users\/2"}],"replies":[{"embeddable":true,"href":"https:\/\/www.paranapraia.com.br\/index.php\/wp-json\/wp\/v2\/comments?post=23252"}],"version-history":[{"count":1,"href":"https:\/\/www.paranapraia.com.br\/index.php\/wp-json\/wp\/v2\/posts\/23252\/revisions"}],"predecessor-version":[{"id":23254,"href":"https:\/\/www.paranapraia.com.br\/index.php\/wp-json\/wp\/v2\/posts\/23252\/revisions\/23254"}],"wp:featuredmedia":[{"embeddable":true,"href":"https:\/\/www.paranapraia.com.br\/index.php\/wp-json\/wp\/v2\/media\/23253"}],"wp:attachment":[{"href":"https:\/\/www.paranapraia.com.br\/index.php\/wp-json\/wp\/v2\/media?parent=23252"}],"wp:term":[{"taxonomy":"category","embeddable":true,"href":"https:\/\/www.paranapraia.com.br\/index.php\/wp-json\/wp\/v2\/categories?post=23252"},{"taxonomy":"post_tag","embeddable":true,"href":"https:\/\/www.paranapraia.com.br\/index.php\/wp-json\/wp\/v2\/tags?post=23252"}],"curies":[{"name":"wp","href":"https:\/\/api.w.org\/{rel}","templated":true}]}}