{"id":23245,"date":"2019-11-20T17:10:46","date_gmt":"2019-11-20T20:10:46","guid":{"rendered":"https:\/\/www.paranapraia.com.br\/?p=23245"},"modified":"2019-11-20T17:10:48","modified_gmt":"2019-11-20T20:10:48","slug":"adolescente-de-15-anos-morre-baleado-por-pm","status":"publish","type":"post","link":"https:\/\/www.paranapraia.com.br\/index.php\/2019\/11\/20\/adolescente-de-15-anos-morre-baleado-por-pm\/","title":{"rendered":"Adolescente de 15 anos morre baleado por PM"},"content":{"rendered":"\n<h4 class=\"wp-block-heading\">Segundo a PM, garoto dirigia uma motocicleta e fugiu da abordagem dos policiais. De acordo com o pai, a v\u00edtima estava indo treinar para uma competi\u00e7\u00e3o de motocross.<\/h4>\n\n\n\n<p>Um adolescente de 15 anos morreu baleado por um policial militar em Tr\u00eas Barras do Paran\u00e1, no oeste do estado, na noite desta quinta-feira (14).<\/p>\n\n\n\n<p>De acordo com o pai da v\u00edtima, Alisson de Ara\u00fajo estava andando de motocicleta em uma trilha quando foi baleado nas costas por uma equipe da Pol\u00edcia Militar (PM).<\/p>\n\n\n\n<p>Segundo a PM, o garoto fugiu de uma abordagem policial minutos antes, e a equipe atirou contra ele ap\u00f3s o adolescente dar a partida com a moto e colocar a m\u00e3o na cintura.<\/p>\n\n\n\n<p>Alisson chegou a ser socorrido com vida. Ele foi levado para o pronto socorro de Tr\u00eas Barras do Paran\u00e1 e depois encaminhado para o Hospital Universit\u00e1rio de Cascavel, onde n\u00e3o resistiu aos ferimentos e morreu.<\/p>\n\n\n\n<p>Segundo Cleiton de Ara\u00fajo, pai do garoto, Alisson e um amigo estavam indo para uma pista de motocross para treinar para uma competi\u00e7\u00e3o.<\/p>\n\n\n\n<p>&#8220;Essa abordagem poderia ter sido de forma diferente. Ele n\u00e3o deu um tiro de obstru\u00e7\u00e3o, ele deu um tiro fatal, tirando a vida do meu filho&#8221;, afirmou o pai.<\/p>\n\n\n\n<p>O outro jovem que estava com Alisson n\u00e3o ficou ferido.<\/p>\n\n\n\n<p>De acordo com a PM, os policiais envolvidos na abordagem foram afastados das atividades operacionais, e um inqu\u00e9rito policial militar ser\u00e1 instaurado para apurar a a\u00e7\u00e3o.<\/p>\n\n\n\n<p>A PM informou tamb\u00e9m que a ocorr\u00eancia foi levada para a Corregedoria da PM.<\/p>\n\n\n\n<p>&#8220;O Comando do 6\u00ba Batalh\u00e3o reitera a preocupa\u00e7\u00e3o da Institui\u00e7\u00e3o com ocorr\u00eancias de disparo de arma de fogo, raz\u00e3o esta que n\u00e3o s\u00f3 o efetivo da Unidade como de toda a Corpora\u00e7\u00e3o passa regularmente por instru\u00e7\u00f5es de gerenciamento de crises, uso progressivo da for\u00e7a, tiro policial, entre outras&#8221;, afirmou a pol\u00edcia.<\/p>\n\n\n\n<p>G1PR<br><\/p>\n","protected":false},"excerpt":{"rendered":"<p>Segundo a PM, garoto dirigia uma motocicleta e fugiu da abordagem dos policiais. De acordo com o pai, a v\u00edtima estava indo treinar para uma competi\u00e7\u00e3o de motocross. Um adolescente de 15 anos morreu baleado por um policial militar em Tr\u00eas Barras do Paran\u00e1, no oeste do estado, na noite desta quinta-feira (14). De acordo [&hellip;]<\/p>\n","protected":false},"author":2,"featured_media":23246,"comment_status":"open","ping_status":"open","sticky":false,"template":"","format":"standard","meta":{"advanced_seo_description":"","jetpack_seo_html_title":"","jetpack_seo_noindex":false,"_jetpack_memberships_contains_paid_content":false,"footnotes":""},"categories":[33],"tags":[],"class_list":{"0":"post-23245","1":"post","2":"type-post","3":"status-publish","4":"format-standard","5":"has-post-thumbnail","7":"category-policia"},"jetpack_featured_media_url":"https:\/\/www.paranapraia.com.br\/wp-content\/uploads\/2019\/11\/mottop.jpeg","jetpack_sharing_enabled":true,"_links":{"self":[{"href":"https:\/\/www.paranapraia.com.br\/index.php\/wp-json\/wp\/v2\/posts\/23245"}],"collection":[{"href":"https:\/\/www.paranapraia.com.br\/index.php\/wp-json\/wp\/v2\/posts"}],"about":[{"href":"https:\/\/www.paranapraia.com.br\/index.php\/wp-json\/wp\/v2\/types\/post"}],"author":[{"embeddable":true,"href":"https:\/\/www.paranapraia.com.br\/index.php\/wp-json\/wp\/v2\/users\/2"}],"replies":[{"embeddable":true,"href":"https:\/\/www.paranapraia.com.br\/index.php\/wp-json\/wp\/v2\/comments?post=23245"}],"version-history":[{"count":1,"href":"https:\/\/www.paranapraia.com.br\/index.php\/wp-json\/wp\/v2\/posts\/23245\/revisions"}],"predecessor-version":[{"id":23247,"href":"https:\/\/www.paranapraia.com.br\/index.php\/wp-json\/wp\/v2\/posts\/23245\/revisions\/23247"}],"wp:featuredmedia":[{"embeddable":true,"href":"https:\/\/www.paranapraia.com.br\/index.php\/wp-json\/wp\/v2\/media\/23246"}],"wp:attachment":[{"href":"https:\/\/www.paranapraia.com.br\/index.php\/wp-json\/wp\/v2\/media?parent=23245"}],"wp:term":[{"taxonomy":"category","embeddable":true,"href":"https:\/\/www.paranapraia.com.br\/index.php\/wp-json\/wp\/v2\/categories?post=23245"},{"taxonomy":"post_tag","embeddable":true,"href":"https:\/\/www.paranapraia.com.br\/index.php\/wp-json\/wp\/v2\/tags?post=23245"}],"curies":[{"name":"wp","href":"https:\/\/api.w.org\/{rel}","templated":true}]}}