{"id":23236,"date":"2019-11-20T10:19:34","date_gmt":"2019-11-20T13:19:34","guid":{"rendered":"https:\/\/www.paranapraia.com.br\/?p=23236"},"modified":"2019-11-20T10:19:35","modified_gmt":"2019-11-20T13:19:35","slug":"pf-prende-28-pessoas-em-operacao-contra-quadrilha-que-recrutava-mulheres-para-trafico-internacional-de-drogas","status":"publish","type":"post","link":"https:\/\/www.paranapraia.com.br\/index.php\/2019\/11\/20\/pf-prende-28-pessoas-em-operacao-contra-quadrilha-que-recrutava-mulheres-para-trafico-internacional-de-drogas\/","title":{"rendered":"PF prende 28 pessoas em opera\u00e7\u00e3o contra quadrilha que recrutava mulheres para tr\u00e1fico internacional de drogas"},"content":{"rendered":"\n<h4 class=\"wp-block-heading\">Elas eram recrutadas em v\u00e1rios estados no pa\u00eds para levar coca\u00edna para a Europa, segundo a corpora\u00e7\u00e3o. Medidas s\u00e3o cumpridas no Rio Grande do Sul, em Santa Catarina, no Paran\u00e1, em S\u00e3o Paulo, no Rio de Janeiro, em Minas Gerais, no Mato Grosso, na Para\u00edba, no Amazonas e no Distrito Federal.<\/h4>\n\n\n\n<p>A Pol\u00edcia Federal realiza uma opera\u00e7\u00e3o contra um grupo investigado por envio de coca\u00edna para a Europa e por recrutar mulheres em diversos estados do pa\u00eds para atuar como &#8220;mulas&#8221; no transporte da droga. At\u00e9 as 8h, 28 pessoas haviam sido presas \u2013 nove no Rio Grande do Sul, duas em Santa Catarina, seis no Paran\u00e1, duas em Minas Gerais, uma no Distrito Federal, quatro na Para\u00edba, duas no Rio de Janeiro e duas em S\u00e3o Paulo.<\/p>\n\n\n\n<p>Est\u00e3o sendo cumpridos 40 mandados de pris\u00e3o e 40 de busca e apreens\u00e3o. Al\u00e9m dos estados citados acima, a opera\u00e7\u00e3o ocorre tamb\u00e9m em Mato Grosso e Amazonas.<\/p>\n\n\n\n<p>Tamb\u00e9m s\u00e3o executadas ordens judiciais para apreens\u00e3o de 40 ve\u00edculos (embarca\u00e7\u00f5es, caminh\u00f5es, autom\u00f3veis e motocicletas) e o sequestro de bens com valor estimado em mais de R$ 10 milh\u00f5es.<\/p>\n\n\n\n<p>O grupo \u00e9 investigado tamb\u00e9m por tr\u00e1fico de haxixe para o Brasil.<\/p>\n\n\n\n<figure class=\"wp-block-image\"><img decoding=\"async\" src=\"https:\/\/s2.glbimg.com\/ti6hYMB2Q4Vl4WJdTlZEY8EY4tk=\/0x0:626x330\/984x0\/smart\/filters:strip_icc()\/i.s3.glbimg.com\/v1\/AUTH_59edd422c0c84a879bd37670ae4f538a\/internal_photos\/bs\/2019\/P\/9\/Yo2PSaTBKlIRelfQY1bw\/pf-operacao-.png\" alt=\"Apreens\u00f5es de droga feitas em aeroportos internacionais durante as investiga\u00e7\u00f5es \u2014 Foto: Divulga\u00e7\u00e3o\/PF\"\/><\/figure>\n\n\n\n<p>Apreens\u00f5es de droga feitas em aeroportos internacionais durante as investiga\u00e7\u00f5es \u2014 Foto: Divulga\u00e7\u00e3o\/PF<\/p>\n\n\n\n<p>As investiga\u00e7\u00f5es iniciaram em mar\u00e7o de 2019. Segundo a PF, a organiza\u00e7\u00e3o criminosa recrutava as mulheres a partir de Caxias do Sul (RS) e de Curitiba (PR).<\/p>\n\n\n\n<p>No decorrer do inqu\u00e9rito policial, foram realizados diversos flagrantes em aeroportos brasileiros e no exterior, com 25 pessoas presas em flagrante \u2013 seis delas em Lisboa (Portugal), e quase duas toneladas de drogas foram apreendidas.<\/p>\n\n\n\n<p>Em uma das a\u00e7\u00f5es, a Pol\u00edcia Federal interceptou em Jo\u00e3o Pessoa (PB) uma carga de 1,6 tonelada de haxixe em um veleiro que havia partido do Marrocos, na \u00c1frica.<\/p>\n\n\n\n<p>A Opera\u00e7\u00e3o contou com o apoio da Adid\u00e2ncia da Pol\u00edcia Federal em Portugal e com acordos de Coopera\u00e7\u00e3o Policial Internacional com diversos pa\u00edses para levantamento de informa\u00e7\u00f5es e dilig\u00eancias no exterior.<\/p>\n\n\n\n<figure class=\"wp-block-image\"><img decoding=\"async\" src=\"https:\/\/s2.glbimg.com\/F5kPHSkPYCHLEcZHc-f_geanAMA=\/0x0:821x444\/984x0\/smart\/filters:strip_icc()\/i.s3.glbimg.com\/v1\/AUTH_59edd422c0c84a879bd37670ae4f538a\/internal_photos\/bs\/2019\/0\/M\/EiyRHYSMyB73ev1GEuxg\/operacao-pf-.jpg\" alt=\"Empresa de sucata investigada por fazer parte do esquema em Caxias do Sul \u2014 Foto: Divulga\u00e7\u00e3o\/PF\"\/><\/figure>\n\n\n\n<p>Empresa de sucata investigada por fazer parte do esquema em Caxias do Sul \u2014 Foto: Divulga\u00e7\u00e3o\/PF<\/p>\n\n\n\n<p>G1PR<br><\/p>\n\n\n\n<p><br><\/p>\n\n\n\n<p><br><\/p>\n","protected":false},"excerpt":{"rendered":"<p>Elas eram recrutadas em v\u00e1rios estados no pa\u00eds para levar coca\u00edna para a Europa, segundo a corpora\u00e7\u00e3o. Medidas s\u00e3o cumpridas no Rio Grande do Sul, em Santa Catarina, no Paran\u00e1, em S\u00e3o Paulo, no Rio de Janeiro, em Minas Gerais, no Mato Grosso, na Para\u00edba, no Amazonas e no Distrito Federal. A Pol\u00edcia Federal realiza [&hellip;]<\/p>\n","protected":false},"author":2,"featured_media":23240,"comment_status":"open","ping_status":"open","sticky":false,"template":"","format":"standard","meta":{"advanced_seo_description":"","jetpack_seo_html_title":"","jetpack_seo_noindex":false,"_jetpack_memberships_contains_paid_content":false,"footnotes":""},"categories":[33],"tags":[],"class_list":{"0":"post-23236","1":"post","2":"type-post","3":"status-publish","4":"format-standard","5":"has-post-thumbnail","7":"category-policia"},"jetpack_featured_media_url":"https:\/\/www.paranapraia.com.br\/wp-content\/uploads\/2019\/11\/traff.jpg","jetpack_sharing_enabled":true,"_links":{"self":[{"href":"https:\/\/www.paranapraia.com.br\/index.php\/wp-json\/wp\/v2\/posts\/23236"}],"collection":[{"href":"https:\/\/www.paranapraia.com.br\/index.php\/wp-json\/wp\/v2\/posts"}],"about":[{"href":"https:\/\/www.paranapraia.com.br\/index.php\/wp-json\/wp\/v2\/types\/post"}],"author":[{"embeddable":true,"href":"https:\/\/www.paranapraia.com.br\/index.php\/wp-json\/wp\/v2\/users\/2"}],"replies":[{"embeddable":true,"href":"https:\/\/www.paranapraia.com.br\/index.php\/wp-json\/wp\/v2\/comments?post=23236"}],"version-history":[{"count":1,"href":"https:\/\/www.paranapraia.com.br\/index.php\/wp-json\/wp\/v2\/posts\/23236\/revisions"}],"predecessor-version":[{"id":23241,"href":"https:\/\/www.paranapraia.com.br\/index.php\/wp-json\/wp\/v2\/posts\/23236\/revisions\/23241"}],"wp:featuredmedia":[{"embeddable":true,"href":"https:\/\/www.paranapraia.com.br\/index.php\/wp-json\/wp\/v2\/media\/23240"}],"wp:attachment":[{"href":"https:\/\/www.paranapraia.com.br\/index.php\/wp-json\/wp\/v2\/media?parent=23236"}],"wp:term":[{"taxonomy":"category","embeddable":true,"href":"https:\/\/www.paranapraia.com.br\/index.php\/wp-json\/wp\/v2\/categories?post=23236"},{"taxonomy":"post_tag","embeddable":true,"href":"https:\/\/www.paranapraia.com.br\/index.php\/wp-json\/wp\/v2\/tags?post=23236"}],"curies":[{"name":"wp","href":"https:\/\/api.w.org\/{rel}","templated":true}]}}