{"id":23230,"date":"2019-11-20T10:12:49","date_gmt":"2019-11-20T13:12:49","guid":{"rendered":"https:\/\/www.paranapraia.com.br\/?p=23230"},"modified":"2019-11-20T10:12:50","modified_gmt":"2019-11-20T13:12:50","slug":"jovem-e-morto-a-tiros-por-pai-de-adolescente-mantida-em-carcere-privado-diz-policia","status":"publish","type":"post","link":"https:\/\/www.paranapraia.com.br\/index.php\/2019\/11\/20\/jovem-e-morto-a-tiros-por-pai-de-adolescente-mantida-em-carcere-privado-diz-policia\/","title":{"rendered":"Jovem \u00e9 morto a tiros por pai de adolescente mantida em c\u00e1rcere privado, diz pol\u00edcia"},"content":{"rendered":"\n<h4 class=\"wp-block-heading\">Caso aconteceu na Rua Nilo Proc\u00f3pio, em Campo Largo, na Regi\u00e3o Metropolitana de Curitiba, na noite desta ter\u00e7a-feira (19).<\/h4>\n\n\n\n<p>Um jovem, de 19 anos, foi morto a tiros pelo pai de uma adolescente, de 13 anos, que estava mantida em c\u00e1rcere privado, na Rua Nilo Proc\u00f3pio, em Campo Largo, na Regi\u00e3o Metropolitana de Curitiba, na noite desta ter\u00e7a-feira (19).<\/p>\n\n\n\n<p>De acordo com a investigadora da Pol\u00edcia Civil Loriane Plath, a menina e o rapaz namoravam h\u00e1 quatro meses, e ela j\u00e1 havia tentado terminar o relacionamento com o jovem diversas vezes.<\/p>\n\n\n\n<p>Nesta ter\u00e7a-feira, ele foi at\u00e9 a casa dela e, com um faca, come\u00e7ou a agredi-la.<\/p>\n\n\n\n<p>&#8220;Ela passou a ser esfaqueada nas m\u00e3os na tentativa de se defender. A m\u00e3e viu a situa\u00e7\u00e3o e ligou para o pai, que perseguiu o rapaz em fuga e atirou contra ele. Quatro tiros atingiram o corpo&#8221;, contou a investigadora.<\/p>\n\n\n\n<figure><iframe loading=\"lazy\" src=\"https:\/\/tpc.googlesyndication.com\/safeframe\/1-0-36\/html\/container.html\" width=\"970\" height=\"250\"><\/iframe><\/figure>\n\n\n\n<p>Ap\u00f3s os disparos, o pai fugiu e, at\u00e9 a publica\u00e7\u00e3o desta reportagem, n\u00e3o havia sido localizado.<\/p>\n\n\n\n<p>&#8220;A situa\u00e7\u00e3o est\u00e1 sendo considerada como c\u00e1rcere privado porque o jovem estava privando tanto ela [namorada] quanto a m\u00e3e dela de sair da casa. Ele s\u00f3 saiu depois porque o pai estava vindo&#8221;, explicou Loriane.<\/p>\n\n\n\n<p>A adolescente sofreu ferimentos na regi\u00e3o dos bra\u00e7os e m\u00e3os, e tamb\u00e9m teve um sinal de sufocamento no pesco\u00e7o, segundo a pol\u00edcia. Ela foi encaminhada para o Hospital do Rocio.<\/p>\n\n\n\n<p>O corpo do rapaz foi levado para o Instituto M\u00e9dico-Legal (IML).<\/p>\n\n\n\n<p>G1PR<br><\/p>\n","protected":false},"excerpt":{"rendered":"<p>Caso aconteceu na Rua Nilo Proc\u00f3pio, em Campo Largo, na Regi\u00e3o Metropolitana de Curitiba, na noite desta ter\u00e7a-feira (19). Um jovem, de 19 anos, foi morto a tiros pelo pai de uma adolescente, de 13 anos, que estava mantida em c\u00e1rcere privado, na Rua Nilo Proc\u00f3pio, em Campo Largo, na Regi\u00e3o Metropolitana de Curitiba, na [&hellip;]<\/p>\n","protected":false},"author":2,"featured_media":23231,"comment_status":"open","ping_status":"open","sticky":false,"template":"","format":"standard","meta":{"advanced_seo_description":"","jetpack_seo_html_title":"","jetpack_seo_noindex":false,"_jetpack_memberships_contains_paid_content":false,"footnotes":""},"categories":[33],"tags":[],"class_list":{"0":"post-23230","1":"post","2":"type-post","3":"status-publish","4":"format-standard","5":"has-post-thumbnail","7":"category-policia"},"jetpack_featured_media_url":"https:\/\/www.paranapraia.com.br\/wp-content\/uploads\/2019\/11\/campol.jpg","jetpack_sharing_enabled":true,"_links":{"self":[{"href":"https:\/\/www.paranapraia.com.br\/index.php\/wp-json\/wp\/v2\/posts\/23230"}],"collection":[{"href":"https:\/\/www.paranapraia.com.br\/index.php\/wp-json\/wp\/v2\/posts"}],"about":[{"href":"https:\/\/www.paranapraia.com.br\/index.php\/wp-json\/wp\/v2\/types\/post"}],"author":[{"embeddable":true,"href":"https:\/\/www.paranapraia.com.br\/index.php\/wp-json\/wp\/v2\/users\/2"}],"replies":[{"embeddable":true,"href":"https:\/\/www.paranapraia.com.br\/index.php\/wp-json\/wp\/v2\/comments?post=23230"}],"version-history":[{"count":1,"href":"https:\/\/www.paranapraia.com.br\/index.php\/wp-json\/wp\/v2\/posts\/23230\/revisions"}],"predecessor-version":[{"id":23232,"href":"https:\/\/www.paranapraia.com.br\/index.php\/wp-json\/wp\/v2\/posts\/23230\/revisions\/23232"}],"wp:featuredmedia":[{"embeddable":true,"href":"https:\/\/www.paranapraia.com.br\/index.php\/wp-json\/wp\/v2\/media\/23231"}],"wp:attachment":[{"href":"https:\/\/www.paranapraia.com.br\/index.php\/wp-json\/wp\/v2\/media?parent=23230"}],"wp:term":[{"taxonomy":"category","embeddable":true,"href":"https:\/\/www.paranapraia.com.br\/index.php\/wp-json\/wp\/v2\/categories?post=23230"},{"taxonomy":"post_tag","embeddable":true,"href":"https:\/\/www.paranapraia.com.br\/index.php\/wp-json\/wp\/v2\/tags?post=23230"}],"curies":[{"name":"wp","href":"https:\/\/api.w.org\/{rel}","templated":true}]}}