{"id":23227,"date":"2019-11-20T10:09:40","date_gmt":"2019-11-20T13:09:40","guid":{"rendered":"https:\/\/www.paranapraia.com.br\/?p=23227"},"modified":"2019-11-20T10:09:42","modified_gmt":"2019-11-20T13:09:42","slug":"voces-roubaram-este-bebe-familia-sofre-preconceito-diario-por-ter-adotado-bebe-branco","status":"publish","type":"post","link":"https:\/\/www.paranapraia.com.br\/index.php\/2019\/11\/20\/voces-roubaram-este-bebe-familia-sofre-preconceito-diario-por-ter-adotado-bebe-branco\/","title":{"rendered":"\u2018Voc\u00eas roubaram este beb\u00ea\u2019: fam\u00edlia sofre preconceito di\u00e1rio por ter adotado beb\u00ea branco"},"content":{"rendered":"\n<p>O pr\u00f3prio fato da hist\u00f3ria da fam\u00edlia de Keila e Richardo Baldwin ser incomum j\u00e1 aponta para o\u00a0racismo\u00a0estrutural que media todas as nossas rela\u00e7\u00f5es. Desde que o casal\u00a0adotou\u00a0o pequeno Princeton, em absoluto contraste \u00e0 alegria imensa que o filho trouxe \u00e0 fam\u00edlia, vieram uma s\u00e9rie de constrangimentos e at\u00e9 acusa\u00e7\u00f5es \u2013 por um motivo que denuncia praticamente esse racismo em toda a sociedade: Princeton era um\u00a0beb\u00ea\u00a0branco, e a fam\u00edlia Baldwin \u00e9 negra. \u201cTivemos a pol\u00edcia chamada contra n\u00f3s diversas vezes quando ele era um beb\u00ea por pensarem que hav\u00edamos o sequestrado\u201d, conta Keila.<\/p>\n\n\n\n<p>Casados h\u00e1 quase 10 anos, Keila e Richardo tentaram por bastante tempo ter um filho natural para acompanhar Zariyah, de 16 anos, filha do primeiro casamento de Keila \u2013 mas depois de algum tempo e alguns problemas m\u00e9dicos, decidiram pela ado\u00e7\u00e3o. Depois de adotarem Ayden e Karleigh, um dia receberam a liga\u00e7\u00e3o de um pequeno beb\u00ea que precisava de um lar \u2013 com esse desimportante por\u00e9m inclemente detalhe: o beb\u00ea era branco.<br><\/p>\n\n\n\n<p>O casal n\u00e3o viu problema nem hesitou \u2013 mas, pelo visto, o mundo ao seu redor, que tanto se acostumou com fam\u00edlias brancas viajando o mundo e adotando crian\u00e7as negras, n\u00e3o se conformou.<\/p>\n\n\n\n<figure class=\"wp-block-image\"><img decoding=\"async\" src=\"https:\/\/www.hypeness.com.br\/wp-content\/uploads\/2019\/11\/Princeton_adoc%CC%A7a%CC%83o_5.jpg\" alt=\"\" class=\"wp-image-435067\"\/><\/figure>\n\n\n\n<p><em>Os irm\u00e3os reunidos<\/em><\/p>\n\n\n\n<p>\u201cPara n\u00f3s, nunca importou que ele era um menino branco, mas importa para os outros! Nunca imaginei que o fato do meu filho ser branco poderia causar tanto julgamento, rea\u00e7\u00e3o, \u00f3dio e racismo\u201d, diz a m\u00e3e. Keyla conta que por diversas vezes seu filho Princeton foi fotografado como provas de um prov\u00e1vel sequestro, al\u00e9m do constante julgamento por pessoas nas ruas, restaurantes e at\u00e9 mesmo na escola do pequeno.<\/p>\n\n\n\n<figure class=\"wp-block-image\"><img decoding=\"async\" src=\"https:\/\/www.hypeness.com.br\/wp-content\/uploads\/2019\/11\/Princeton_adoc%CC%A7a%CC%83o_6.jpg\" alt=\"\" class=\"wp-image-435068\"\/><\/figure>\n\n\n\n<p>\u201cAs pessoas pensam que eu sou a bab\u00e1. J\u00e1 fomos quase mantidos ref\u00e9m em restaurantes sem nos deixarem ir embora por pensarem que Princeton havia sido sequestrado\u201d.<\/p>\n\n\n\n<figure class=\"wp-block-image\"><img decoding=\"async\" src=\"https:\/\/www.hypeness.com.br\/wp-content\/uploads\/2019\/11\/Princeton_adoc%CC%A7a%CC%83o_3.jpg\" alt=\"\" class=\"wp-image-435065\"\/><\/figure>\n\n\n\n<p>Apesar desses dolorosos contratempos, o pequeno Princeton, assim como toda a fam\u00edlia, s\u00e3o motivos de maior alegria para Keyla e Richardo. \u201cTornar-se sua m\u00e3e foi uma de minhas melhores decis\u00f5es. Estou mais fote, s\u00e1bia, generosa \u2013 e definitivamente mais paciente\u201d, ela diz. \u201cEduca\u00e7\u00e3o \u00e9 a chave para derrubar as barreiras do racismo, do preconceito, estere\u00f3tipos e segrega\u00e7\u00f5es. Nossa esperan\u00e7a \u00e9 que nossa hist\u00f3ria de amor diminua o medo de outras pessoas em adotar e limitar o amor. Todos n\u00f3s temos a capacidade de amar sem limites, temos que somente abrir nossos cora\u00e7\u00f5es pra isso\u201d, conclui.<\/p>\n\n\n\n<p>Hapynees<br><\/p>\n\n\n\n<p><br><\/p>\n","protected":false},"excerpt":{"rendered":"<p>O pr\u00f3prio fato da hist\u00f3ria da fam\u00edlia de Keila e Richardo Baldwin ser incomum j\u00e1 aponta para o\u00a0racismo\u00a0estrutural que media todas as nossas rela\u00e7\u00f5es. Desde que o casal\u00a0adotou\u00a0o pequeno Princeton, em absoluto contraste \u00e0 alegria imensa que o filho trouxe \u00e0 fam\u00edlia, vieram uma s\u00e9rie de constrangimentos e at\u00e9 acusa\u00e7\u00f5es \u2013 por um motivo que [&hellip;]<\/p>\n","protected":false},"author":2,"featured_media":23228,"comment_status":"open","ping_status":"open","sticky":false,"template":"","format":"standard","meta":{"advanced_seo_description":"","jetpack_seo_html_title":"","jetpack_seo_noindex":false,"_jetpack_memberships_contains_paid_content":false,"footnotes":""},"categories":[40],"tags":[],"class_list":{"0":"post-23227","1":"post","2":"type-post","3":"status-publish","4":"format-standard","5":"has-post-thumbnail","7":"category-destaques"},"jetpack_featured_media_url":"https:\/\/www.paranapraia.com.br\/wp-content\/uploads\/2019\/11\/bebeb.jpg","jetpack_sharing_enabled":true,"_links":{"self":[{"href":"https:\/\/www.paranapraia.com.br\/index.php\/wp-json\/wp\/v2\/posts\/23227"}],"collection":[{"href":"https:\/\/www.paranapraia.com.br\/index.php\/wp-json\/wp\/v2\/posts"}],"about":[{"href":"https:\/\/www.paranapraia.com.br\/index.php\/wp-json\/wp\/v2\/types\/post"}],"author":[{"embeddable":true,"href":"https:\/\/www.paranapraia.com.br\/index.php\/wp-json\/wp\/v2\/users\/2"}],"replies":[{"embeddable":true,"href":"https:\/\/www.paranapraia.com.br\/index.php\/wp-json\/wp\/v2\/comments?post=23227"}],"version-history":[{"count":1,"href":"https:\/\/www.paranapraia.com.br\/index.php\/wp-json\/wp\/v2\/posts\/23227\/revisions"}],"predecessor-version":[{"id":23229,"href":"https:\/\/www.paranapraia.com.br\/index.php\/wp-json\/wp\/v2\/posts\/23227\/revisions\/23229"}],"wp:featuredmedia":[{"embeddable":true,"href":"https:\/\/www.paranapraia.com.br\/index.php\/wp-json\/wp\/v2\/media\/23228"}],"wp:attachment":[{"href":"https:\/\/www.paranapraia.com.br\/index.php\/wp-json\/wp\/v2\/media?parent=23227"}],"wp:term":[{"taxonomy":"category","embeddable":true,"href":"https:\/\/www.paranapraia.com.br\/index.php\/wp-json\/wp\/v2\/categories?post=23227"},{"taxonomy":"post_tag","embeddable":true,"href":"https:\/\/www.paranapraia.com.br\/index.php\/wp-json\/wp\/v2\/tags?post=23227"}],"curies":[{"name":"wp","href":"https:\/\/api.w.org\/{rel}","templated":true}]}}