{"id":23216,"date":"2019-11-20T10:01:13","date_gmt":"2019-11-20T13:01:13","guid":{"rendered":"https:\/\/www.paranapraia.com.br\/?p=23216"},"modified":"2019-11-20T10:01:15","modified_gmt":"2019-11-20T13:01:15","slug":"pai-solteiro-adota-menina-com-sindrome-de-down-que-foi-rejeitada-por-20-familias","status":"publish","type":"post","link":"https:\/\/www.paranapraia.com.br\/index.php\/2019\/11\/20\/pai-solteiro-adota-menina-com-sindrome-de-down-que-foi-rejeitada-por-20-familias\/","title":{"rendered":"Pai Solteiro Adota Menina Com S\u00edndrome De Down Que Foi Rejeitada Por 20 Fam\u00edlias"},"content":{"rendered":"\n<p>Os her\u00f3is t\u00eam todas as formas e tamanhos. Esse pai solteiro que, em um conto verdadeiramente emocionante de amor e carinho, decidiu adotar e cuidar de uma garotinha com s\u00edndrome de Down depois que v\u00e1rias fam\u00edlias lamentavelmente a rejeitaram.<\/p>\n\n\n\n<p>Em todo o mundo existem in\u00fameras crian\u00e7as nos orfanatos esperando para encontrar seu \u00faltimo lar. Infelizmente, n\u00e3o h\u00e1 n\u00famero suficiente de pessoas interessadas em adotar. Com muita freq\u00fc\u00eancia, as crian\u00e7as n\u00e3o apenas permanecem em um orfanato at\u00e9 a idade avan\u00e7ada, mas tamb\u00e9m s\u00e3o deixadas para viver na fase adulta sem nenhuma fam\u00edlia ao seu lado. Sendo assim, parecia esse o destino de uma menina chamada Alba, que nasceu com s\u00edndrome de Down e foi rejeitada por sua m\u00e3e biol\u00f3gica e mais de 20 fam\u00edlias adotivas.<\/p>\n\n\n\n<h2 class=\"wp-block-heading\"><strong>Nem todos os her\u00f3is usam capas<\/strong><\/h2>\n\n\n\n<p>A sorte de Little Alba mudou drasticamente em 2017 quando Luca Trapanese, um homem na It\u00e1lia, assumiu a responsabilidade de se tornar seu pai quando ela tinha apenas 13 dias. Naquela \u00e9poca, ela j\u00e1 havia sido abandonada por sua m\u00e3e biol\u00f3gica e deixada por outras fam\u00edlias em potencial que n\u00e3o queriam ter nada a ver com seus problemas.<ins><\/ins><\/p>\n\n\n\n<p>No entanto, a hist\u00f3ria comovente da jornada de Trapanese para adotar o beb\u00ea Alba se tornou viral e cativou os cora\u00e7\u00f5es de milhares de pessoas na Internet por v\u00e1rias raz\u00f5es. O mais pol\u00eamico foi que os servi\u00e7os sociais inicialmente se recusaram a conceder a cust\u00f3dia porque ele era um homem homossexual.<\/p>\n\n\n\n<p>Infelizmente, o processo de ado\u00e7\u00e3o de crian\u00e7as na It\u00e1lia \u00e9 muito complicado para pais solteiros e homossexuais. Eventualmente, eles cederam aos pedidos dele e decidiram abrir uma exce\u00e7\u00e3o. Trapanese explicou que seu caso foi not\u00e1vel durante uma entrevista de r\u00e1dio porque \u201ddestr\u00f3i estere\u00f3tipos sobre paternidade, religi\u00e3o e fam\u00edlia \u201c.<\/p>\n\n\n\n<p>Trapanese, que havia trabalhado em v\u00e1rios centros de atendimento a pessoas com necessidades especiais, sempre quis ser pai. Foi por isso que ele decidiu avan\u00e7ar com a ado\u00e7\u00e3o da Alba, apesar de n\u00e3o ter um parceiro.<\/p>\n\n\n\n<p>O ator de 41 anos publicou um livro em que relata sua jornada para se tornar o pai adotivo de Alba. Segundo a BBC , Alba \u00e9 uma crian\u00e7a determinada que pode ser teimosa de vez em quando. Ela gosta de tocar e dan\u00e7ar e gosta da companhia de outras pessoas.<\/p>\n\n\n\n<h2 class=\"wp-block-heading\"><strong>Cuidar de uma crian\u00e7a com s\u00edndrome de Down<\/strong><\/h2>\n\n\n\n<p>Uma das raz\u00f5es importantes pelas quais Alba foi abandonada por tantas fam\u00edlias foi porque ela nasceu com s\u00edndrome de Down. Essa condi\u00e7\u00e3o gen\u00e9tica ocorre quando h\u00e1 divis\u00e3o celular anormal durante a concep\u00e7\u00e3o, resultando um cromossomo extra 21.<\/p>\n\n\n\n<p>Essa condi\u00e7\u00e3o afeta o crescimento f\u00edsico de uma pessoa, a capacidade cognitiva e pode causar uma s\u00e9rie de problemas de desenvolvimento \u00e0 medida que envelhecem. As crian\u00e7as nascidas com s\u00edndrome de Down tamb\u00e9m apresentam maior risco de desenvolver alguns problemas de sa\u00fade.<ins><\/ins><\/p>\n\n\n\n<p>Ser pai de uma crian\u00e7a com s\u00edndrome de Down pode ser dif\u00edcil, mas ajuda a saber como voc\u00ea pode apoiar seu filho nos momentos mais dif\u00edceis e tamb\u00e9m cuidar de si mesmo. Aqui est\u00e3o algumas id\u00e9ias:<\/p>\n\n\n\n<ul class=\"wp-block-list\"><li><strong>Construa uma rede de suporte<\/strong><br>Voc\u00ea n\u00e3o precisa fazer tudo sozinho, pois pode solicitar ajuda de seus amigos e familiares para participar do cuidado. Isso pode lhe dar um tempo para cuidar de ler um livro, passear, sair com os amigos ou apenas fazer uma pausa necess\u00e1ria.<\/li><li><strong>Fale sobre seus desafios com os outros<\/strong><br>Na maioria das vezes, as pessoas do seu grupo de apoio querem ajud\u00e1-lo, mas nem sempre sabem como. Voc\u00ea pode tentar fazer solicita\u00e7\u00f5es simples que podem dar ideias sobre o que podem fazer. Por exemplo, pedir a um amigo para ajudar a fazer um jantar saud\u00e1vel e dividir outras tarefas.<\/li><li><strong>Mantenha uma lista das coisas que voc\u00ea precisa<\/strong><br>Manter uma lista das coisas que voc\u00ea precisa fazer ajudar\u00e1 voc\u00ea a delegar tarefas com facilidade. Ent\u00e3o, da pr\u00f3xima vez que algu\u00e9m disser: \u201cdeixe-me saber como posso ajudar\u201d, voc\u00ea estar\u00e1 pronto.<\/li><li><strong>Encontre tempo para os amigos<\/strong><br>Embora seu filho possa ocupar um pouco do seu tempo, \u00e9 essencial reservar um tempo para si mesmo. Mesmo que sejam apenas alguns momentos em que voc\u00ea fica com os amigos depois que as crian\u00e7as v\u00e3o dormir, isso pode ajud\u00e1-lo a descomprimir e recarregar ap\u00f3s uma longa semana.<\/li><li><strong>V\u00e1 devagar com voc\u00ea mesmo<\/strong><br>Todo mundo precisa de uma pausa, e isso inclui voc\u00ea. Voc\u00ea pode procurar um terapeuta que possa orient\u00e1-lo a lidar com seus sentimentos e fornecer ferramentas para gerenciar seus estresses di\u00e1rios.<\/li><li><strong>Cuide da sua sa\u00fade<\/strong><br>Voc\u00ea s\u00f3 pode cuidar de uma crian\u00e7a com s\u00edndrome de Down se estiver de bem com a vida. Lembre-se de alimentar corretamente e exercitar-se regularmente, mesmo quando lhe faltar \u00e2nimo.<\/li><\/ul>\n\n\n\n<p>Portal Raizes<\/p>\n","protected":false},"excerpt":{"rendered":"<p>Os her\u00f3is t\u00eam todas as formas e tamanhos. Esse pai solteiro que, em um conto verdadeiramente emocionante de amor e carinho, decidiu adotar e cuidar de uma garotinha com s\u00edndrome de Down depois que v\u00e1rias fam\u00edlias lamentavelmente a rejeitaram. Em todo o mundo existem in\u00fameras crian\u00e7as nos orfanatos esperando para encontrar seu \u00faltimo lar. Infelizmente, [&hellip;]<\/p>\n","protected":false},"author":2,"featured_media":23217,"comment_status":"open","ping_status":"open","sticky":false,"template":"","format":"standard","meta":{"advanced_seo_description":"","jetpack_seo_html_title":"","jetpack_seo_noindex":false,"_jetpack_memberships_contains_paid_content":false,"footnotes":""},"categories":[40],"tags":[],"class_list":{"0":"post-23216","1":"post","2":"type-post","3":"status-publish","4":"format-standard","5":"has-post-thumbnail","7":"category-destaques"},"jetpack_featured_media_url":"https:\/\/www.paranapraia.com.br\/wp-content\/uploads\/2019\/11\/paii.jpg","jetpack_sharing_enabled":true,"_links":{"self":[{"href":"https:\/\/www.paranapraia.com.br\/index.php\/wp-json\/wp\/v2\/posts\/23216"}],"collection":[{"href":"https:\/\/www.paranapraia.com.br\/index.php\/wp-json\/wp\/v2\/posts"}],"about":[{"href":"https:\/\/www.paranapraia.com.br\/index.php\/wp-json\/wp\/v2\/types\/post"}],"author":[{"embeddable":true,"href":"https:\/\/www.paranapraia.com.br\/index.php\/wp-json\/wp\/v2\/users\/2"}],"replies":[{"embeddable":true,"href":"https:\/\/www.paranapraia.com.br\/index.php\/wp-json\/wp\/v2\/comments?post=23216"}],"version-history":[{"count":1,"href":"https:\/\/www.paranapraia.com.br\/index.php\/wp-json\/wp\/v2\/posts\/23216\/revisions"}],"predecessor-version":[{"id":23218,"href":"https:\/\/www.paranapraia.com.br\/index.php\/wp-json\/wp\/v2\/posts\/23216\/revisions\/23218"}],"wp:featuredmedia":[{"embeddable":true,"href":"https:\/\/www.paranapraia.com.br\/index.php\/wp-json\/wp\/v2\/media\/23217"}],"wp:attachment":[{"href":"https:\/\/www.paranapraia.com.br\/index.php\/wp-json\/wp\/v2\/media?parent=23216"}],"wp:term":[{"taxonomy":"category","embeddable":true,"href":"https:\/\/www.paranapraia.com.br\/index.php\/wp-json\/wp\/v2\/categories?post=23216"},{"taxonomy":"post_tag","embeddable":true,"href":"https:\/\/www.paranapraia.com.br\/index.php\/wp-json\/wp\/v2\/tags?post=23216"}],"curies":[{"name":"wp","href":"https:\/\/api.w.org\/{rel}","templated":true}]}}