{"id":23213,"date":"2019-11-19T16:01:45","date_gmt":"2019-11-19T19:01:45","guid":{"rendered":"https:\/\/www.paranapraia.com.br\/?p=23213"},"modified":"2019-11-19T16:01:46","modified_gmt":"2019-11-19T19:01:46","slug":"como-o-flamengo-se-tornou-instrumento-da-extrema-direita","status":"publish","type":"post","link":"https:\/\/www.paranapraia.com.br\/index.php\/2019\/11\/19\/como-o-flamengo-se-tornou-instrumento-da-extrema-direita\/","title":{"rendered":"Como o Flamengo se tornou instrumento da extrema direita"},"content":{"rendered":"\n<h4 class=\"wp-block-heading\">Afagados por dirigentes, Bolsonaro, Witzel e correligion\u00e1rios surfam na euforia em torno da boa fase do clube mais popular do pa\u00eds. Diretoria se diz apol\u00edtica, mas negou homenagem a v\u00edtima da ditadura<\/h4>\n\n\n\n<p>Embora seja comum chefes de Estado trocarem gentilezas em eventos diplom\u00e1ticos, a cena chamou aten\u00e7\u00e3o de quem acompanhava, no fim de outubro, o\u00a0encontro entre os presidentes de Brasil e China. No Grande Pal\u00e1cio do Povo, em Pequim, Jair Bolsonaro entregou um agasalho do Flamengo a\u00a0Xi Jinping, explicando se tratar do \u201cmelhor time do Brasil no momento\u201d.\u00a0Torcedor do Palmeiras, principal oponente do rubro-negro carioca pelo t\u00edtulo do Campeonato Brasileiro, Bolsonaro ainda disse ao anfitri\u00e3o que \u201c1,3 bilh\u00e3o de chineses tamb\u00e9m ser\u00e3o\u00a0Flamengo\u201d na final da Copa Libertadores, contra o River Plate. Do outro lado do planeta, a breve cerim\u00f4nia resumiu como o clube de maior torcida do pa\u00eds\u00a0se tornou um instrumento pol\u00edtico\u00a0para a diplomacia do presidente.<\/p>\n\n\n\n<p>Figura cativa em est\u00e1dios,\u00a0Bolsonaro tem utilizado o futebol\u00a0como trampolim de popularidade desde que se elegeu \u2013 uma carta j\u00e1 empregada por muitos que o antecederam no cargo, do cl\u00e1ssico ufanismo insuflado pela ditadura militar na campanha da Copa de 1970 ao lobby presidencial em prol da constru\u00e7\u00e3o da Arena Corinthians durante o Governo Lula, \u00e0s v\u00e9speras do \u00faltimo Mundial sediado pelo Brasil. Elevando a instrumentaliza\u00e7\u00e3o \u00e0 m\u00e1xima pot\u00eancia, incluindo o expediente de se convidar para grandes jogos como o\u00a0cl\u00e1ssico entre Santos e S\u00e3o Paulo, na Vila Belmiro, o presidente ultradireitista enxergou no Flamengo, que n\u00e3o vivia uma fase t\u00e3o empolgante desde\u00a0os tempos de Zico, nos anos 80, a plataforma de maior alcance para conquistar torcedores.<\/p>\n\n\n\n<p>Em abril, na mesma semana em que o time sagrou-se campe\u00e3o carioca, o mandat\u00e1rio recepcionou no Planalto a menina Yasmin Alves, que, supostamente, teria se recusado a cumpriment\u00e1-lo em visita a sua escola, e a presenteou com uma camisa do Flamengo. Em junho, Bolsonaro apareceu nas tribunas do Man\u00e9 Garrincha ao lado do ministro da Justi\u00e7a, Sergio Moro, para acompanhar o jogo dos rubro-negros contra o CSA. Ambos posaram para fotos vestindo camisas do time. A exibi\u00e7\u00e3o no est\u00e1dio aconteceu tr\u00eas dias depois do\u00a0<em>The Intercept<\/em>\u00a0revelar\u00a0mensagens vazadas de Moro, que colocaram em xeque a imparcialidade do ex-juiz da Lava Jato. Na semana passada, o presidente voltou a agradar flamenguistas durante uma solenidade em Campina Grande, na Para\u00edba, ao cravar que Gabigol\u00a0marcar\u00e1 o gol do t\u00edtulo\u00a0da Libertadores.<\/p>\n\n\n\n<p>Concorrentes pelo\u00a0protagonismo na direita\u00a0recorrem a estrat\u00e9gia similar. No Rio de Janeiro, o\u00a0governador Wilson Witzel (PSC), que venceu a elei\u00e7\u00e3o colado na imagem de Bolsonaro, mas agora\u00a0 se apresenta como\u00a0desafeto do presidente, \u00e9 outro chefe de governo a surfar na onda do Flamengo. Um dos primeiros compromissos oficiais como governador eleito foi receber o ent\u00e3o candidato a presidente rubro-negro, Rodolfo Landim, para discutir a concess\u00e3o do Maracan\u00e3. Em janeiro, Witzel esteve no est\u00e1dio para assistir a um jogo do time pelo Campeonato Carioca. Apesar de torcer para o Corinthians, ele entrou no gramado com uma camisa do Flamengo, pediu aut\u00f3grafos aos atletas e tirou selfies com torcedores. A partir dali, se dedicou a estreitar la\u00e7os com o clube.<\/p>\n\n\n\n<p>No in\u00edcio de abril, o governo estadual concedeu a Flamengo e Fluminense a gest\u00e3o provis\u00f3ria do Maracan\u00e3,\u00a0sob protestos do Vasco, que alegou falta de transpar\u00eancia no processo de escolha \u2013 nesta segunda, o governador anunciou parceria com o clube cruzmaltino para obras de melhorias no entorno de S\u00e3o Janu\u00e1rio. Witzel tem comparecido ocasionalmente aos camarotes do Maracan\u00e3 em partidas do time rubro-negro, j\u00e1 se reuniu com integrantes de torcidas organizadas do clube e chegou at\u00e9 a se dispor a convencer\u00a0o portugu\u00eas Jorge Jesus\u00a0a permanecer no Brasil ap\u00f3s rumores de que o treinador estaria preocupado com a viol\u00eancia no Rio. \u201cEle ter\u00e1 paz para fazer o melhor pelo Flamengo\u201d, garantiu o governador. O elo entre Witzel e o presidente Landim reside dentro do clube, chancelado por um cargo oficial.<\/p>\n\n\n\n<figure class=\"wp-block-image\"><img decoding=\"async\" src=\"https:\/\/brasil.elpais.com\/resizer\/eW6WYR_rG7QM35QqOFLUx41IdRk=\/1500x0\/smart\/arc-anglerfish-eu-central-1-prod-prisa.s3.amazonaws.com\/public\/PTUCPBGUAYTPUE3UCSCNDVECSA.jpg\" alt=\"Bolsonaro entrega agasalho do Flamengo ao presidente chin\u00eas.\"\/><figcaption>Bolsonaro entrega agasalho do Flamengo ao presidente chin\u00eas.<\/figcaption><\/figure>\n\n\n\n<p>Aleksander Santos exerce o papel de rela\u00e7\u00f5es p\u00fablicas do Flamengo na pol\u00edtica. Membro da executiva estadual do Solidariedade, ele j\u00e1 foi filiado ao MDB e PSC e chefiou secretarias em cidades como Itabora\u00ed e Maric\u00e1. Inicialmente como colaborador informal, cuidou da intermedia\u00e7\u00e3o de\u00a0contatos de Landim com autoridades\u00a0antes mesmo de ele assumir a presid\u00eancia do clube. Amigo do vice-governador Cl\u00e1udio Castro, a quem conheceu ao longo de sua milit\u00e2ncia no PSC, Santos estabeleceu liga\u00e7\u00e3o direta com o Pal\u00e1cio Guanabara. Castro esteve na posse de Landim, na G\u00e1vea, onde recebeu uma camisa personalizada e, assim como em outras duas solenidades, representou o governador.<\/p>\n\n\n\n<p>Mas foi o empenho do conselheiro em obter as licen\u00e7as com \u00f3rg\u00e3os municipais e estaduais para\u00a0desinterditar o Ninho do Urubu, ap\u00f3s o\u00a0inc\u00eandio que matou 10 garotos da base\u00a0no centro de treinamento em fevereiro, que convenceu a diretoria a nome\u00e1-lo, em maio, \u00e0 fun\u00e7\u00e3o de diretor de rela\u00e7\u00f5es governamentais. Antes da oficializa\u00e7\u00e3o no cargo, Santos j\u00e1 havia atrelado a imagem do clube a outras refer\u00eancias da direita aliada ao bolsonarismo, como o ex-senador Magno Malta (PL-ES) e o deputado estadual Rodrigo Amorim (PSL-RJ), que receberam uniformes do time. O agrado a Amorim, entretanto, provocou diverg\u00eancias internas no clube.<\/p>\n\n\n\n<p>Em seu gabinete na Alerj, ele ostenta uma camisa do Flamengo emoldurada entre a foto de Jair Bolsonaro com a faixa presidencial e um peda\u00e7o da placa com o nome de Marielle Franco quebrada pelo ent\u00e3o candidato em um com\u00edcio ao lado de Witzel. No in\u00edcio do ano, o deputado desfilou no gramado do Maracan\u00e3\u00a0comemorando a conquista\u00a0da Ta\u00e7a Rio entre jogadores rubro-negros. Em abril, agradeceu ao clube que o presenteou com uma camisa 17, n\u00famero de seu partido. Por\u00e9m, na mesma semana, a diretoria do Flamengo havia emitido uma nota ressaltando que a institui\u00e7\u00e3o \u201cn\u00e3o se posiciona sobre assuntos pol\u00edticos\u201d. O comunicado recha\u00e7ava envolvimento do clube em uma homenagem de torcedores ao ex-remador rubro-negro Stuart Angel, torturado e morto em 1971 pela ditadura militar, regime exaltado por adeptos da corrente bolsonarista.<\/p>\n\n\n\n<p>Diante do mimo entregue a Rodrigo Amorim, conselheiros e s\u00f3cios questionaram a c\u00fapula sobre a conota\u00e7\u00e3o pol\u00edtica do ato, que dirigentes qualificaram como \u201cuma gentileza\u201d, de car\u00e1ter extraoficial. O deputado segue pegando\u00a0carona na boa fase do time. Em outubro, por exemplo, publicou duas fotos com trajes rubro-negros nas redes sociais. Uma delas por ocasi\u00e3o do Dia de Valoriza\u00e7\u00e3o da Fam\u00edlia e a outra, em que posa com o vice-governador Cl\u00e1udio Castro, no Dia do Flamenguista, celebrado em 28 de outubro. Apesar da pol\u00eamica, Alexsander Santos ganhou ainda mais prest\u00edgio com os cartolas. Desde que foi promovido ao cargo remunerado, passou a direcionar o foco \u00e0\u00a0aproxima\u00e7\u00e3o entre clube e Governo federal. O dirigente afirma que seu trabalho \u00e9 \u201capartid\u00e1rio\u201d, voltado somente ao \u201crelacionamento institucional com os poderes p\u00fablicos\u201d.<\/p>\n\n\n\n<figure class=\"wp-block-image\"><img decoding=\"async\" src=\"https:\/\/brasil.elpais.com\/resizer\/RZO2JBAQLyBmkcbE4H8tn9_6pYY=\/1500x0\/smart\/arc-anglerfish-eu-central-1-prod-prisa.s3.amazonaws.com\/public\/Z6IVVKU3FE3W7JO753IBYT3LVY.jpg\" alt=\"Aleksander Santos com Witzel e Rodrigo Amorim, que ganhou uma camisa com o n\u00famero do PSL.\"\/><figcaption>Aleksander Santos com Witzel e Rodrigo Amorim, que ganhou uma camisa com o n\u00famero do PSL.<\/figcaption><\/figure>\n\n\n\n<p>Santos agilizou a ponte com o gabinete de Bolsonaro para a entrega de camisas autografadas a membros do Governo no jogo contra o CSA, em Bras\u00edlia. Ele aparece, inclusive, em uma foto replicada pelos perfis oficiais do clube nas redes sociais ao lado do presidente, o ministro Sergio Moro, o\u00a0deputado federal Helio Lopes (PSL-RJ)\u00a0e o vice de futebol Marcos Braz. Em sua segunda passagem pelo alto comando do clube, Braz foi secret\u00e1rio de Esporte e Lazer na gest\u00e3o de Eduardo Paes e se candidatou a vereador pelo PSB, em 2012 \u2013 n\u00e3o foi eleito. Pr\u00f3ximo do\u00a0senador Rom\u00e1rio (Podemos-RJ), ele fez quest\u00e3o de registrar no in\u00edcio do ano, em sua conta no Instagram, um encontro com o vice-presidente Hamilton Mour\u00e3o (PRTB-RJ), que \u00e9 torcedor do Flamengo.<\/p>\n\n\n\n<p>J\u00e1 Helio Lopes, um dos parlamentares mais \u00edntimos da fam\u00edlia Bolsonaro, tamb\u00e9m se declara flamenguista. Ele \u00e9 um dos oito deputados \u2013 cinco deles eleitos pelo PSL \u2013 que protocolaram requerimento para celebrar os 124 anos do clube em uma sess\u00e3o solene na C\u00e2mara dos Deputados, marcada para este 19 de novembro, com presen\u00e7a confirmada do presidente Rodolfo Landim. O requerimento ainda \u00e9 assinado por Dr. Luizinho (Progressistas-RJ), conselheiro do Flamengo e apoiador de Witzel, que, ap\u00f3s um p\u00eanalti n\u00e3o marcado a favor do clube contra o Athletico, convocou, em conjunto com Lopes, uma audi\u00eancia p\u00fablica para questionar a CBF sobre o\u00a0uso do \u00e1rbitro de v\u00eddeo (VAR). \u201cN\u00e3o conseguem parar o Flamengo no campo e, agora, querem parar com o VAR\u201d, diz o deputado. O debate ser\u00e1 realizado logo depois do evento em comemora\u00e7\u00e3o ao anivers\u00e1rio rubro-negro.<\/p>\n\n\n\n<h3 class=\"wp-block-heading\">Entre o jogo pol\u00edtico e o alinhamento ideol\u00f3gico<\/h3>\n\n\n\n<p>Formado por torcedores e associados, o movimento Flamengo da Gente tem indagado publicamente a diretoria sobre o relacionamento do clube com autoridades. Quando perfis oficiais postaram a foto de Moro e Bolsonaro no est\u00e1dio, em meio \u00e0\u00a0repercuss\u00e3o da Vaza Jato, o grupo criticou um suposto proselitismo por parte de dirigentes, reconhecendo a \u201cimport\u00e2ncia de manter rela\u00e7\u00f5es institucionais com pol\u00edticos e tomadores de decis\u00e3o. Mas acreditamos que h\u00e1 uma diferen\u00e7a entre se relacionar e promover a agenda alheia, ainda mais em tempos de crise\u201d. Na \u00e9poca, o comando rubro-negro reiterou sua orienta\u00e7\u00e3o \u201capol\u00edtica\u201d, por entender como natural a proximidade com um ministro e o presidente da Rep\u00fablica.<\/p>\n\n\n\n<p>O Presidente do Brasil, Jair Bolsonaro, e o Ministro da Justi\u00e7a, Sergio Moro, acompanham o jogo do Flamengo ao lado de dirigentes rubro-negros no Man\u00e9 Garrincha. <a href=\"https:\/\/twitter.com\/hashtag\/CSAxFLA?src=hash\">#CSAxFLA<\/a><\/p>\n\n\n\n<figure class=\"wp-block-image\"><a href=\"https:\/\/twitter.com\/Flamengo\/status\/1138981787999322112\/photo\/1\"><img decoding=\"async\" src=\"https:\/\/pbs.twimg.com\/media\/D855NTwWkAII-jS?format=jpg&amp;name=small\" alt=\"Ver imagem no Twitter\"\/><\/a><\/figure>\n\n\n\n<p>Para afastar a tese de partidarismo em favor de lideran\u00e7as ultradireitistas, o clube se apoia no fato de j\u00e1 ter se relacionado com parlamentares da oposi\u00e7\u00e3o como parte da estrat\u00e9gia de alian\u00e7as para contemplar seus interesses no setor p\u00fablico. Os deputados petistas Ros\u00e2ngela Zeidan e Andr\u00e9 Ceciliano, presidente da Alerj, tamb\u00e9m marcaram presen\u00e7a na posse de Landim, ambos convidados por Alexsander Santos. Torcedores rubro-negros, eles se uniram a parlamentares da extrema direita, como Rodrigo Amorim, vestidos com uniforme do clube, para aprovar um projeto que prev\u00ea a\u00a0volta dos setores populares, a famosa \u201cGeral\u201d, ao Maracan\u00e3. O Flamengo se manifestou favor\u00e1vel \u00e0 medida, que carece de estudos de viabilidade financeira antes de ser efetivada. Ceciliano ainda se juntou a um advers\u00e1rio pol\u00edtico do PT, o deputado Alexandre Knoploch (PSL), ass\u00edduo frequentador dos jogos do Flamengo, para propor a entrega da Medalha Tiradentes ao\u00a0t\u00e9cnico Jorge Jesus.<\/p>\n\n\n\n<p>No entanto, por ser a for\u00e7a governista tanto no executivo estadual quanto federal, o espectro da direita conservadora \u00e9 o que mais tem investido em capitalizar com o bom momento do clube flamenguista. Dissidente do bolsonarismo, o\u00a0deputado federal Alexandre Frota (PSDB-SP)\u00a0decorou seu gabinete em Bras\u00edlia com tem\u00e1tica rubro-negra e imagens cedidas pelo fot\u00f3grafo oficial do time. Embora j\u00e1 tenha integrado a equipe de polo aqu\u00e1tico e at\u00e9 uma torcida organizada do Flamengo, o parlamentar virou motivo de chacota de torcedores nas redes sociais depois de confundir a camisa do Sport com a do Flamengo, quando o\u00a0atacante Diego Souza\u00a0entregou materiais do time de Recife a companheiros de sele\u00e7\u00e3o. Um dos mentores do requerimento em homenagem ao anivers\u00e1rio do clube carioca, Frota foi nomeado embaixador rubro-negro no Estado de S\u00e3o Paulo, em 2010. Ele ainda n\u00e3o havia entrado para a pol\u00edtica. A ideia partiu de Aleksander Santos, que, na \u00e9poca, era diretor de marketing na gest\u00e3o de Patr\u00edcia Amorim.<\/p>\n\n\n\n<p>Atualmente, o departamento de rela\u00e7\u00f5es governamentais do clube vislumbra uma diplomacia que percorra diversos campos ideol\u00f3gicos, mas sem melindrar o\u00a0bolsonarismo, apoio considerado fundamental\u00a0pelos dirigentes, sobretudo no Rio de Janeiro. Pelo lado do Governo, Bolsonaro se mostra satisfeito com os sinais de defer\u00eancia que partem do Flamengo. Em outubro, convidou Rodolfo Landim para um almo\u00e7o no Planalto e, sob a media\u00e7\u00e3o de Santos, foi novamente presenteado com uma camisa do time. No per\u00edodo em que\u00a0integrava a diretoria da Petrobras, o mandat\u00e1rio rubro-negro desenvolveu jogo de cintura para lidar com os tr\u00e2mites pol\u00edticos da estatal, a ponto de se tornar um dos executivos mais pr\u00f3ximos da ex-presidenta petista e ministra de Minas e Energia, Dilma Rousseff. Como cartola, Landim mant\u00e9m o pragmatismo aplicado aos neg\u00f3cios para cortejar a bola da vez no poder.<\/p>\n\n\n\n<p><br>El Pa\u00eds<\/p>\n","protected":false},"excerpt":{"rendered":"<p>Afagados por dirigentes, Bolsonaro, Witzel e correligion\u00e1rios surfam na euforia em torno da boa fase do clube mais popular do pa\u00eds. Diretoria se diz apol\u00edtica, mas negou homenagem a v\u00edtima da ditadura Embora seja comum chefes de Estado trocarem gentilezas em eventos diplom\u00e1ticos, a cena chamou aten\u00e7\u00e3o de quem acompanhava, no fim de outubro, o\u00a0encontro [&hellip;]<\/p>\n","protected":false},"author":2,"featured_media":23214,"comment_status":"open","ping_status":"open","sticky":false,"template":"","format":"standard","meta":{"advanced_seo_description":"","jetpack_seo_html_title":"","jetpack_seo_noindex":false,"_jetpack_memberships_contains_paid_content":false,"footnotes":""},"categories":[32],"tags":[],"class_list":{"0":"post-23213","1":"post","2":"type-post","3":"status-publish","4":"format-standard","5":"has-post-thumbnail","7":"category-politica"},"jetpack_featured_media_url":"https:\/\/www.paranapraia.com.br\/wp-content\/uploads\/2019\/11\/flam.jpg","jetpack_sharing_enabled":true,"_links":{"self":[{"href":"https:\/\/www.paranapraia.com.br\/index.php\/wp-json\/wp\/v2\/posts\/23213"}],"collection":[{"href":"https:\/\/www.paranapraia.com.br\/index.php\/wp-json\/wp\/v2\/posts"}],"about":[{"href":"https:\/\/www.paranapraia.com.br\/index.php\/wp-json\/wp\/v2\/types\/post"}],"author":[{"embeddable":true,"href":"https:\/\/www.paranapraia.com.br\/index.php\/wp-json\/wp\/v2\/users\/2"}],"replies":[{"embeddable":true,"href":"https:\/\/www.paranapraia.com.br\/index.php\/wp-json\/wp\/v2\/comments?post=23213"}],"version-history":[{"count":1,"href":"https:\/\/www.paranapraia.com.br\/index.php\/wp-json\/wp\/v2\/posts\/23213\/revisions"}],"predecessor-version":[{"id":23215,"href":"https:\/\/www.paranapraia.com.br\/index.php\/wp-json\/wp\/v2\/posts\/23213\/revisions\/23215"}],"wp:featuredmedia":[{"embeddable":true,"href":"https:\/\/www.paranapraia.com.br\/index.php\/wp-json\/wp\/v2\/media\/23214"}],"wp:attachment":[{"href":"https:\/\/www.paranapraia.com.br\/index.php\/wp-json\/wp\/v2\/media?parent=23213"}],"wp:term":[{"taxonomy":"category","embeddable":true,"href":"https:\/\/www.paranapraia.com.br\/index.php\/wp-json\/wp\/v2\/categories?post=23213"},{"taxonomy":"post_tag","embeddable":true,"href":"https:\/\/www.paranapraia.com.br\/index.php\/wp-json\/wp\/v2\/tags?post=23213"}],"curies":[{"name":"wp","href":"https:\/\/api.w.org\/{rel}","templated":true}]}}