{"id":23210,"date":"2019-11-19T15:56:18","date_gmt":"2019-11-19T18:56:18","guid":{"rendered":"https:\/\/www.paranapraia.com.br\/?p=23210"},"modified":"2019-11-19T15:56:19","modified_gmt":"2019-11-19T18:56:19","slug":"as-coisas-que-os-avos-fazem-melhor-do-que-os-pais","status":"publish","type":"post","link":"https:\/\/www.paranapraia.com.br\/index.php\/2019\/11\/19\/as-coisas-que-os-avos-fazem-melhor-do-que-os-pais\/","title":{"rendered":"As coisas que os av\u00f3s fazem melhor do que os pais"},"content":{"rendered":"\n<h4 class=\"wp-block-heading\">Somos fechados na hora de mostrar nossos sentimentos e emo\u00e7\u00f5es, uma capacidade enterrada que recuperamos com os netos<\/h4>\n\n\n\n<p>Por que temos tanta dificuldade para demonstrar nossos\u00a0sentimentos e nossas emo\u00e7\u00f5es?<\/p>\n\n\n\n<p>Porque ainda \u00e9 visto como um sinal de fraqueza, de vulnerabilidade, quando na verdade \u00e9 uma demonstra\u00e7\u00e3o de sensibilidade.<\/p>\n\n\n\n<p>A sensibilidade \u00e9 um ponto forte, n\u00e3o uma fraqueza.<\/p>\n\n\n\n<p>Somente o sens\u00edvel \u00e9 confi\u00e1vel.<\/p>\n\n\n\n<p>N\u00e3o se deve nunca\u00a0confiar no insens\u00edvel, no que n\u00e3o sente e n\u00e3o sofre.<\/p>\n\n\n\n<p>A pessoa dura, sem escr\u00fapulos, centrada unicamente no resultado econ\u00f4mico \u00e0 custa da vida emocional do outro deveria entrar na categoria das esp\u00e9cies em extin\u00e7\u00e3o.<\/p>\n\n\n\n<p>N\u00e3o ser\u00e1 tarefa f\u00e1cil, j\u00e1 que a hist\u00f3ria n\u00e3o joga a nosso favor; \u00e9 prov\u00e1vel que tenhamos a tend\u00eancia a fazer o que nos fizeram.<\/p>\n\n\n\n<p>Se voc\u00ea n\u00e3o foi cuidado, \u00e9 dif\u00edcil que saiba cuidar.<\/p>\n\n\n\n<p>Se n\u00e3o te amaram, \u00e9 dif\u00edcil que saiba amar.<\/p>\n\n\n\n<p>Se n\u00e3o te escutaram, \u00e9 dif\u00edcil que saiba escutar.<\/p>\n\n\n\n<p>Se voc\u00ea n\u00e3o teve limites, \u00e9 dif\u00edcil que saiba coloc\u00e1-los.<\/p>\n\n\n\n<p>Se n\u00e3o te deram reconhecimento, \u00e9 dif\u00edcil que possa d\u00e1-lo.<\/p>\n\n\n\n<p>Se n\u00e3o te mostraram confian\u00e7a, \u00e9 dif\u00edcil que confie no outro.<\/p>\n\n\n\n<p>Podemos constatar a dificuldade de mostrar os sentimentos e as emo\u00e7\u00f5es, e observ\u00e1-lo, quando nos referimos \u00e0 forma de nos relacionar com nossos filhos e nossos netos.<\/p>\n\n\n\n<p>Os que s\u00e3o\u00a0pais e av\u00f3s\u00a0podem confirmar na maioria dos casos. Quando se \u00e9 pai ou m\u00e3e, demonstra seus sentimentos de carinho, de ternura, de reconhecimento, mas na maior parte das vezes ficam em segundo plano, j\u00e1 que o primeiro \u00e9 ocupado pelo senso de responsabilidade, exig\u00eancia, autoridade, definitivamente, de \u201cn\u00e3o deixar os filhos mal-educados\u201d.<\/p>\n\n\n\n<p>\u00c9 comum escutar os pais falando de como \u00e9 dif\u00edcil a tarefa de ser pais. E \u00e9. Das coisas mais dif\u00edceis que existem e uma das poucas tarefas de responsabilidade em que n\u00e3o se exige forma\u00e7\u00e3o nenhuma.<\/p>\n\n\n\n<p>Tamb\u00e9m \u00e9 comum escutar os av\u00f3s falando de como \u00e9 gratificante ser av\u00f3s. E \u00e9.<\/p>\n\n\n\n<p>A raz\u00e3o dita por uns e outros \u00e9 que, quando somos pais, a responsabilidade n\u00e3o nos permite \u201caproveitar\u201d. Mas quando somos av\u00f3s, como a educa\u00e7\u00e3o dos filhos j\u00e1 cabe aos pais, podemos nos divertir. Como se educar e ter bons momentos fossem atividades incompat\u00edveis.<\/p>\n\n\n\n<p>Quando se \u00e9 av\u00f3 soltamos tudo o que gostar\u00edamos de fazer como m\u00e3e com os filhos e, sem saber muito bem por que, n\u00e3o fizemos.<\/p>\n\n\n\n<p>De fato, em meu consult\u00f3rio pude escutar alguns de meus pacientes de\u00a0paternidade\u00a0recente reconhecerem que sentem ci\u00fames de como seus pais tratam seus filhos \u2013ou seja, os netos\u2013, j\u00e1 que manifestam sentimentos e realizam a\u00e7\u00f5es que n\u00e3o se lembram e nunca viram fazerem com eles.<\/p>\n\n\n\n<p>\u201cMinha m\u00e3e \u00e9 feliz levando meus filhos \u00e0s divers\u00f5es, n\u00e3o me lembro de jamais ter nos levado\u201d. E tamb\u00e9m: \u201cMeu pai sozinho montando um brinquedo&#8230;! Se n\u00e3o visse, n\u00e3o acreditava!\u201d.<\/p>\n\n\n\n<p>H\u00e1 um fato que podemos observar na rua. Vamos prestar aten\u00e7\u00e3o como v\u00e3o ao col\u00e9gio uma mulher e um homem com seus filhos e como o fazem os av\u00f3s com os netos. Habitualmente vemos a m\u00e3e e o pai na frente do filho, \u201cpuxando\u201d a crian\u00e7a, literalmente arrastando-a em dire\u00e7\u00e3o \u00e0 escola. E, por outro lado, quando os netos v\u00e3o acompanhados pelos av\u00f3s, costumam ir caminhando tranquilamente ao seu lado. Como se os pais sentissem que sua responsabilidade \u00e9 \u201cpuxar\u201d seus filhos para frente, e a dos av\u00f3s, acompanhar-se mutuamente, netos e av\u00f3s. Os av\u00f3s acompanhando os netos no come\u00e7o da vida e os netos acompanhando os av\u00f3s ao final da sua. Talvez essa seja realmente a origem da cumplicidade entre todos eles.<\/p>\n\n\n\n<p>A verdade \u00e9 que ser av\u00f4 permite que voc\u00ea aproveite uma segunda oportunidade: \u00e9 ser como o champanhe.<\/p>\n\n\n\n<p>Quando tive o privil\u00e9gio de escrever com Josep Roca o livro&nbsp;<em>Tras las vi\u00f1as<\/em>&nbsp;(sem tradu\u00e7\u00e3o em portugu\u00eas).&nbsp;<em>Un viaje al alma de los vinos<\/em>&nbsp;(Ap\u00f3s as vinhas. Uma viagem \u00e0 alma dos vinhos), uma das muitas coisas que aprendi \u00e9 que o champanhe \u00e9 um vinho com segunda oportunidade.<\/p>\n\n\n\n<p>\u201cO champanhe\u201d, me disse Pitu Roca, \u201c\u00e9 resultado de um vinho que, uma vez finalizada a fermenta\u00e7\u00e3o, n\u00e3o tem muita personalidade, mas gra\u00e7as ao processo de acrescentar a\u00e7\u00facares, leveduras e um pouco mais do mesmo vinho e levando-o novamente para fermentar, se torna uma bebida deliciosa\u201d.<\/p>\n\n\n\n<p>Ap\u00f3s escutar todas aquelas explica\u00e7\u00f5es, pensei: \u201cComo ser av\u00f3s\u2026\u201d.<\/p>\n\n\n\n<p>Inma Puig \u00e9 psic\u00f3loga cl\u00ednica.<br><\/p>\n","protected":false},"excerpt":{"rendered":"<p>Somos fechados na hora de mostrar nossos sentimentos e emo\u00e7\u00f5es, uma capacidade enterrada que recuperamos com os netos Por que temos tanta dificuldade para demonstrar nossos\u00a0sentimentos e nossas emo\u00e7\u00f5es? Porque ainda \u00e9 visto como um sinal de fraqueza, de vulnerabilidade, quando na verdade \u00e9 uma demonstra\u00e7\u00e3o de sensibilidade. A sensibilidade \u00e9 um ponto forte, n\u00e3o [&hellip;]<\/p>\n","protected":false},"author":2,"featured_media":23211,"comment_status":"open","ping_status":"open","sticky":false,"template":"","format":"standard","meta":{"advanced_seo_description":"","jetpack_seo_html_title":"","jetpack_seo_noindex":false,"_jetpack_memberships_contains_paid_content":false,"footnotes":""},"categories":[45],"tags":[],"class_list":{"0":"post-23210","1":"post","2":"type-post","3":"status-publish","4":"format-standard","5":"has-post-thumbnail","7":"category-qualidade-de-vida"},"jetpack_featured_media_url":"https:\/\/www.paranapraia.com.br\/wp-content\/uploads\/2019\/11\/vovo.jpg","jetpack_sharing_enabled":true,"_links":{"self":[{"href":"https:\/\/www.paranapraia.com.br\/index.php\/wp-json\/wp\/v2\/posts\/23210"}],"collection":[{"href":"https:\/\/www.paranapraia.com.br\/index.php\/wp-json\/wp\/v2\/posts"}],"about":[{"href":"https:\/\/www.paranapraia.com.br\/index.php\/wp-json\/wp\/v2\/types\/post"}],"author":[{"embeddable":true,"href":"https:\/\/www.paranapraia.com.br\/index.php\/wp-json\/wp\/v2\/users\/2"}],"replies":[{"embeddable":true,"href":"https:\/\/www.paranapraia.com.br\/index.php\/wp-json\/wp\/v2\/comments?post=23210"}],"version-history":[{"count":1,"href":"https:\/\/www.paranapraia.com.br\/index.php\/wp-json\/wp\/v2\/posts\/23210\/revisions"}],"predecessor-version":[{"id":23212,"href":"https:\/\/www.paranapraia.com.br\/index.php\/wp-json\/wp\/v2\/posts\/23210\/revisions\/23212"}],"wp:featuredmedia":[{"embeddable":true,"href":"https:\/\/www.paranapraia.com.br\/index.php\/wp-json\/wp\/v2\/media\/23211"}],"wp:attachment":[{"href":"https:\/\/www.paranapraia.com.br\/index.php\/wp-json\/wp\/v2\/media?parent=23210"}],"wp:term":[{"taxonomy":"category","embeddable":true,"href":"https:\/\/www.paranapraia.com.br\/index.php\/wp-json\/wp\/v2\/categories?post=23210"},{"taxonomy":"post_tag","embeddable":true,"href":"https:\/\/www.paranapraia.com.br\/index.php\/wp-json\/wp\/v2\/tags?post=23210"}],"curies":[{"name":"wp","href":"https:\/\/api.w.org\/{rel}","templated":true}]}}