{"id":23204,"date":"2019-11-19T15:27:07","date_gmt":"2019-11-19T18:27:07","guid":{"rendered":"https:\/\/www.paranapraia.com.br\/?p=23204"},"modified":"2019-11-19T15:27:09","modified_gmt":"2019-11-19T18:27:09","slug":"crianca-perdida-na-praia-coloque-a-nos-ombros-e-peca-que-todos-batam-palmas","status":"publish","type":"post","link":"https:\/\/www.paranapraia.com.br\/index.php\/2019\/11\/19\/crianca-perdida-na-praia-coloque-a-nos-ombros-e-peca-que-todos-batam-palmas\/","title":{"rendered":"Crian\u00e7a perdida na praia? Coloque-a nos ombros e pe\u00e7a que todos batam palmas"},"content":{"rendered":"\n<p>Um projeto idealizado em S\u00e3o Paulo est\u00e1 contagiando banhistas das praias de\u00a0todo o Pa\u00eds. A inspira\u00e7\u00e3o veio de uma\u00a0pr\u00e1tica comum na Argentina\u00a0e atraiu a aten\u00e7\u00e3o dos idealizadores do projeto.<\/p>\n\n\n\n<p>Palmas, que parecem brincadeira, s\u00e3o, na verdade, um sinal.\u00a0Toda vez que algu\u00e9m encontra uma crian\u00e7a perdida na praia, a pessoa a coloca sobre os ombros e come\u00e7a a bater palmas.\u00a0Quem est\u00e1 em volta repete o gesto at\u00e9 despertar a aten\u00e7\u00e3o dos familiares do desaparecido.<\/p>\n\n\n\n<p>No domingo, isso aconteceu em Copacabana. Um policial teria localizado uma crian\u00e7a perdida e&nbsp;deu in\u00edcio \u00e0 sequ\u00eancia de palmas,&nbsp;alertando os banhistas. A atitude foi compartilhada nas redes sociais, onde frequentadores da praia apoiaram a iniciativa. A PM n\u00e3o soube informar se a crian\u00e7a foi reencontrada por causa do gesto. Apesar da atitude do PM, a corpora\u00e7\u00e3o informou que, por enquanto, ainda n\u00e3o h\u00e1 orienta\u00e7\u00f5es a respeito para este tipo de a\u00e7\u00e3o.<\/p>\n\n\n\n<div class=\"wp-block-image\"><figure class=\"aligncenter\"><img decoding=\"async\" src=\"https:\/\/papodepai.com\/wp-content\/uploads\/2017\/01\/Crian%C3%A7a-perdida-na-praia-Coloque-a-nos-ombros-e-pe%C3%A7a-que-todos-batam-palmas.jpg\" alt=\"Crian\u00e7a perdida na praia? Coloque-a nos ombros e pe\u00e7a que todos batam palmas\" class=\"wp-image-2686\"\/><\/figure><\/div>\n\n\n\n<p>Na internet, frequentadores da Praia de Copacabana apoiaram a a\u00e7\u00e3o.&nbsp;\u201cVamos continuar, pois d\u00e1 certo em outros lugares e aqui tamb\u00e9m est\u00e1 dando. Esse \u00e9 o melhor m\u00e9todo\u201d, disse uma mulher.&nbsp;\u201cVai ajudar bastante o trabalho dos guardas municipais, bombeiros e policiais\u201d, afirmou outra pessoa. Uma moradora lembrou de outro caso:&nbsp;\u201cAconteceu o mesmo na Siqueira Campos. A crian\u00e7a estava com uma senhora e, com as palmas, logo, logo o Pai localizou o filho. Brilhante ideia!\u201d, escreveu.<ins><\/ins><\/p>\n\n\n\n<p>Em Vit\u00f3ria\/ES\u00a0essa pr\u00e1tica j\u00e1 est\u00e1 sendo utilizada\u00a0tamb\u00e9m.\u00a0O secret\u00e1rio de Seguran\u00e7a Urbana Fronzio Calheira Mota afirma que\u00a0nessa \u00e9poca do ano aumenta a incid\u00eancia de crian\u00e7as perdidas nas praias\u00a0e, por isso, \u00e9 importante que os banhistas\u00a0adotem a iniciativa.<\/p>\n\n\n\n<div class=\"wp-block-image\"><figure class=\"aligncenter\"><img decoding=\"async\" src=\"https:\/\/papodepai.com\/wp-content\/uploads\/2017\/01\/criana-perdida-na-praia-coloque-a-nos-ombros-e-pea-que-todos-batam-palmas-papo-de-pai-01.jpg\" alt=\"Crian\u00e7a perdida na praia - Coloque-a nos ombros e pe\u00e7a que todos batam palmas - Papo de Pai\" class=\"wp-image-6380\"\/><\/figure><\/div>\n\n\n\n<p>\u201cColocar a crian\u00e7a em um lugar alto \u00e9 algo l\u00f3gico, porque ela \u00e9 pequena, se andar dada a m\u00e3o dificilmente o pai que est\u00e1 procurando vai v\u00ea-la, em cima do ombro a possibilidade de visualiza\u00e7\u00e3o \u00e9 maior. Se as pessoas tamb\u00e9m comprarem a ideia e de fato aplaudirem quando a crian\u00e7a for encontrada, vai ajudar muito\u201d, disse.<\/p>\n\n\n\n<p>Papo de Pai<br><\/p>\n\n\n\n<p><br><\/p>\n","protected":false},"excerpt":{"rendered":"<p>Um projeto idealizado em S\u00e3o Paulo est\u00e1 contagiando banhistas das praias de\u00a0todo o Pa\u00eds. A inspira\u00e7\u00e3o veio de uma\u00a0pr\u00e1tica comum na Argentina\u00a0e atraiu a aten\u00e7\u00e3o dos idealizadores do projeto. Palmas, que parecem brincadeira, s\u00e3o, na verdade, um sinal.\u00a0Toda vez que algu\u00e9m encontra uma crian\u00e7a perdida na praia, a pessoa a coloca sobre os ombros e [&hellip;]<\/p>\n","protected":false},"author":2,"featured_media":23205,"comment_status":"open","ping_status":"open","sticky":false,"template":"","format":"standard","meta":{"advanced_seo_description":"","jetpack_seo_html_title":"","jetpack_seo_noindex":false,"_jetpack_memberships_contains_paid_content":false,"footnotes":""},"categories":[40],"tags":[],"class_list":{"0":"post-23204","1":"post","2":"type-post","3":"status-publish","4":"format-standard","5":"has-post-thumbnail","7":"category-destaques"},"jetpack_featured_media_url":"https:\/\/www.paranapraia.com.br\/wp-content\/uploads\/2019\/11\/crii.jpg","jetpack_sharing_enabled":true,"_links":{"self":[{"href":"https:\/\/www.paranapraia.com.br\/index.php\/wp-json\/wp\/v2\/posts\/23204"}],"collection":[{"href":"https:\/\/www.paranapraia.com.br\/index.php\/wp-json\/wp\/v2\/posts"}],"about":[{"href":"https:\/\/www.paranapraia.com.br\/index.php\/wp-json\/wp\/v2\/types\/post"}],"author":[{"embeddable":true,"href":"https:\/\/www.paranapraia.com.br\/index.php\/wp-json\/wp\/v2\/users\/2"}],"replies":[{"embeddable":true,"href":"https:\/\/www.paranapraia.com.br\/index.php\/wp-json\/wp\/v2\/comments?post=23204"}],"version-history":[{"count":1,"href":"https:\/\/www.paranapraia.com.br\/index.php\/wp-json\/wp\/v2\/posts\/23204\/revisions"}],"predecessor-version":[{"id":23206,"href":"https:\/\/www.paranapraia.com.br\/index.php\/wp-json\/wp\/v2\/posts\/23204\/revisions\/23206"}],"wp:featuredmedia":[{"embeddable":true,"href":"https:\/\/www.paranapraia.com.br\/index.php\/wp-json\/wp\/v2\/media\/23205"}],"wp:attachment":[{"href":"https:\/\/www.paranapraia.com.br\/index.php\/wp-json\/wp\/v2\/media?parent=23204"}],"wp:term":[{"taxonomy":"category","embeddable":true,"href":"https:\/\/www.paranapraia.com.br\/index.php\/wp-json\/wp\/v2\/categories?post=23204"},{"taxonomy":"post_tag","embeddable":true,"href":"https:\/\/www.paranapraia.com.br\/index.php\/wp-json\/wp\/v2\/tags?post=23204"}],"curies":[{"name":"wp","href":"https:\/\/api.w.org\/{rel}","templated":true}]}}