{"id":23201,"date":"2019-11-19T15:10:05","date_gmt":"2019-11-19T18:10:05","guid":{"rendered":"https:\/\/www.paranapraia.com.br\/?p=23201"},"modified":"2019-11-19T15:10:06","modified_gmt":"2019-11-19T18:10:06","slug":"amor-nao-se-mendiga-amizade-nao-se-cobra-carinho-nao-se-pede","status":"publish","type":"post","link":"https:\/\/www.paranapraia.com.br\/index.php\/2019\/11\/19\/amor-nao-se-mendiga-amizade-nao-se-cobra-carinho-nao-se-pede\/","title":{"rendered":"Amor n\u00e3o se mendiga, amizade n\u00e3o se cobra, carinho n\u00e3o se pede"},"content":{"rendered":"\n<h4 class=\"wp-block-heading\">Ter que ficar cobrando palavras, gestos, comportamentos, ter que lembrar nossa exist\u00eancia a algu\u00e9m \u00e9 por demais humilhante. Ningu\u00e9m merece.<br><\/h4>\n\n\n\n<p>Existem certas coisas que n\u00e3o precisariam ser faladas, tampouco cobradas, de t\u00e3o \u00f3bvias. Por\u00e9m, passamos a vida lembrando algumas pessoas daquilo que elas deveriam j\u00e1 ter como h\u00e1bito e isso cansa, diminui, abalando a autoestima de qualquer um. Se tivermos que lembrar aos outros o \u00f3bvio todos os dias, a todo instante, enlouqueceremos.<\/p>\n\n\n\n<p>Amizade n\u00e3o deveria ser cobrada. Ter que correr atr\u00e1s o tempo todo da pessoa, enquanto ela nem se lembra de que a gente existe, exaure a paci\u00eancia m\u00ednima de um ser humano. Quando temos que, s\u00f3 n\u00f3s, ficar mandando mensagens, telefonando, convidando procurando, \u00e9 hora de repensar aquilo tudo, porque, provavelmente, a amizade somente existe em n\u00f3s. Do outro lado, amizade \u00e9 que n\u00e3o tem.<ins><\/ins><\/p>\n\n\n\n<p>Carinho n\u00e3o deveria ser pedido, mas sim espont\u00e2neo, verdadeiro, necess\u00e1rio em quem oferta, tanto quanto em quem recebe. Carinho n\u00e3o somente se trata de toque, porque a gente se sente amado principalmente pelas atitudes do outro, pela forma como ele nos faz sentir, mesmo de longe. Ter que ficar cobrando palavras, gestos, comportamentos, ter que lembrar nossa exist\u00eancia a algu\u00e9m \u00e9 por demais humilhante. Ningu\u00e9m merece.<\/p>\n\n\n\n<p>Amor que se mendiga \u00e9 tudo, menos amor. \u00c9 o contr\u00e1rio de amor, \u00e9 o que contraria o amor em si. Sentimentos v\u00eam de dentro e transpiram por todos os poros, materializando-se no encontro que transforma, no calor que motiva, na certeza que acalma, no abra\u00e7o que reinicia. O amor precisa se expandir, precisa ser expresso, dito, ouvido, vivido, sem melindres, sem rodeios. Se houver car\u00eancia de um ou de outro lado, n\u00e3o h\u00e1 reciprocidade e, ent\u00e3o, amor nem tem.<\/p>\n\n\n\n<p>Nossa sobreviv\u00eancia em muito depender\u00e1 do discernimento entre o que \u00e9 luta digna e o que nada mais \u00e9 do que insist\u00eancia servil. Lutar pelo que queremos n\u00e3o significa implorar por aten\u00e7\u00e3o, por amizade, por carinho, por amor. A dor da consci\u00eancia sobre quem n\u00e3o est\u00e1 mais junto sempre ser\u00e1 uma oportunidade de recome\u00e7o. A dor da solid\u00e3o acompanhada, por\u00e9m, jamais nos tornar\u00e1 dignos de sentimentos verdadeiros e rec\u00edprocos. \u00c9 isso.<\/p>\n\n\n\n<p>Conti Outra<br><\/p>\n","protected":false},"excerpt":{"rendered":"<p>Ter que ficar cobrando palavras, gestos, comportamentos, ter que lembrar nossa exist\u00eancia a algu\u00e9m \u00e9 por demais humilhante. Ningu\u00e9m merece. Existem certas coisas que n\u00e3o precisariam ser faladas, tampouco cobradas, de t\u00e3o \u00f3bvias. Por\u00e9m, passamos a vida lembrando algumas pessoas daquilo que elas deveriam j\u00e1 ter como h\u00e1bito e isso cansa, diminui, abalando a autoestima [&hellip;]<\/p>\n","protected":false},"author":2,"featured_media":23202,"comment_status":"open","ping_status":"open","sticky":false,"template":"","format":"standard","meta":{"advanced_seo_description":"","jetpack_seo_html_title":"","jetpack_seo_noindex":false,"_jetpack_memberships_contains_paid_content":false,"footnotes":""},"categories":[45],"tags":[],"class_list":{"0":"post-23201","1":"post","2":"type-post","3":"status-publish","4":"format-standard","5":"has-post-thumbnail","7":"category-qualidade-de-vida"},"jetpack_featured_media_url":"https:\/\/www.paranapraia.com.br\/wp-content\/uploads\/2019\/11\/fel.jpg","jetpack_sharing_enabled":true,"_links":{"self":[{"href":"https:\/\/www.paranapraia.com.br\/index.php\/wp-json\/wp\/v2\/posts\/23201"}],"collection":[{"href":"https:\/\/www.paranapraia.com.br\/index.php\/wp-json\/wp\/v2\/posts"}],"about":[{"href":"https:\/\/www.paranapraia.com.br\/index.php\/wp-json\/wp\/v2\/types\/post"}],"author":[{"embeddable":true,"href":"https:\/\/www.paranapraia.com.br\/index.php\/wp-json\/wp\/v2\/users\/2"}],"replies":[{"embeddable":true,"href":"https:\/\/www.paranapraia.com.br\/index.php\/wp-json\/wp\/v2\/comments?post=23201"}],"version-history":[{"count":1,"href":"https:\/\/www.paranapraia.com.br\/index.php\/wp-json\/wp\/v2\/posts\/23201\/revisions"}],"predecessor-version":[{"id":23203,"href":"https:\/\/www.paranapraia.com.br\/index.php\/wp-json\/wp\/v2\/posts\/23201\/revisions\/23203"}],"wp:featuredmedia":[{"embeddable":true,"href":"https:\/\/www.paranapraia.com.br\/index.php\/wp-json\/wp\/v2\/media\/23202"}],"wp:attachment":[{"href":"https:\/\/www.paranapraia.com.br\/index.php\/wp-json\/wp\/v2\/media?parent=23201"}],"wp:term":[{"taxonomy":"category","embeddable":true,"href":"https:\/\/www.paranapraia.com.br\/index.php\/wp-json\/wp\/v2\/categories?post=23201"},{"taxonomy":"post_tag","embeddable":true,"href":"https:\/\/www.paranapraia.com.br\/index.php\/wp-json\/wp\/v2\/tags?post=23201"}],"curies":[{"name":"wp","href":"https:\/\/api.w.org\/{rel}","templated":true}]}}