{"id":23197,"date":"2019-11-19T14:29:30","date_gmt":"2019-11-19T17:29:30","guid":{"rendered":"https:\/\/www.paranapraia.com.br\/?p=23197"},"modified":"2019-11-19T14:29:31","modified_gmt":"2019-11-19T17:29:31","slug":"lancamento-do-programa-de-desenvolvimento-economico-sera-nesta-quarta-20","status":"publish","type":"post","link":"https:\/\/www.paranapraia.com.br\/index.php\/2019\/11\/19\/lancamento-do-programa-de-desenvolvimento-economico-sera-nesta-quarta-20\/","title":{"rendered":"Lan\u00e7amento do Programa de Desenvolvimento Econ\u00f4mico ser\u00e1 nesta quarta (20)"},"content":{"rendered":"\n<p>A Prefeitura de Pontal do Paran\u00e1, C\u00e2mara de Vereadores, Associa\u00e7\u00e3o Comercial &#8211; ACIAPAR, e o Sebrae, realizar\u00e3o na pr\u00f3xima quarta (20), no Audit\u00f3rio Primavera, a partir das 19h00, o lan\u00e7amento do PRODEC &#8211; Programa de Desenvolvimento Econ\u00f4mico.<\/p>\n\n\n\n<p><br>O palestrante da noite ser\u00e1 o Vice-Governador do Paran\u00e1, Darci Piana, que na ocasi\u00e3o estar\u00e1 ocupando interinamente o Governo do estado.<\/p>\n\n\n\n<p><br>O prefeito Marcos Casquinha comentou sobre a abertura do PRODEC: &#8220;Este encontro \u00e9 a oportunidade de debatermos sobre o novo conceito do PRODEC, que \u00e9 um programa que visa nortear o futuro e progresso da nossa cidade nos pr\u00f3ximos anos, e tamb\u00e9m receber nosso vice-governador, o qual iremos debater sobre nossas demandas e projetos para Pontal do Paran\u00e1.&#8221;<\/p>\n\n\n\n<p>Assessoria<br><\/p>\n","protected":false},"excerpt":{"rendered":"<p>A Prefeitura de Pontal do Paran\u00e1, C\u00e2mara de Vereadores, Associa\u00e7\u00e3o Comercial &#8211; ACIAPAR, e o Sebrae, realizar\u00e3o na pr\u00f3xima quarta (20), no Audit\u00f3rio Primavera, a partir das 19h00, o lan\u00e7amento do PRODEC &#8211; Programa de Desenvolvimento Econ\u00f4mico. O palestrante da noite ser\u00e1 o Vice-Governador do Paran\u00e1, Darci Piana, que na ocasi\u00e3o estar\u00e1 ocupando interinamente o [&hellip;]<\/p>\n","protected":false},"author":2,"featured_media":23198,"comment_status":"open","ping_status":"open","sticky":false,"template":"","format":"standard","meta":{"advanced_seo_description":"","jetpack_seo_html_title":"","jetpack_seo_noindex":false,"_jetpack_memberships_contains_paid_content":false,"footnotes":""},"categories":[42],"tags":[],"class_list":{"0":"post-23197","1":"post","2":"type-post","3":"status-publish","4":"format-standard","5":"has-post-thumbnail","7":"category-cidades"},"jetpack_featured_media_url":"https:\/\/www.paranapraia.com.br\/wp-content\/uploads\/2019\/11\/prodec.jpg","jetpack_sharing_enabled":true,"_links":{"self":[{"href":"https:\/\/www.paranapraia.com.br\/index.php\/wp-json\/wp\/v2\/posts\/23197"}],"collection":[{"href":"https:\/\/www.paranapraia.com.br\/index.php\/wp-json\/wp\/v2\/posts"}],"about":[{"href":"https:\/\/www.paranapraia.com.br\/index.php\/wp-json\/wp\/v2\/types\/post"}],"author":[{"embeddable":true,"href":"https:\/\/www.paranapraia.com.br\/index.php\/wp-json\/wp\/v2\/users\/2"}],"replies":[{"embeddable":true,"href":"https:\/\/www.paranapraia.com.br\/index.php\/wp-json\/wp\/v2\/comments?post=23197"}],"version-history":[{"count":1,"href":"https:\/\/www.paranapraia.com.br\/index.php\/wp-json\/wp\/v2\/posts\/23197\/revisions"}],"predecessor-version":[{"id":23199,"href":"https:\/\/www.paranapraia.com.br\/index.php\/wp-json\/wp\/v2\/posts\/23197\/revisions\/23199"}],"wp:featuredmedia":[{"embeddable":true,"href":"https:\/\/www.paranapraia.com.br\/index.php\/wp-json\/wp\/v2\/media\/23198"}],"wp:attachment":[{"href":"https:\/\/www.paranapraia.com.br\/index.php\/wp-json\/wp\/v2\/media?parent=23197"}],"wp:term":[{"taxonomy":"category","embeddable":true,"href":"https:\/\/www.paranapraia.com.br\/index.php\/wp-json\/wp\/v2\/categories?post=23197"},{"taxonomy":"post_tag","embeddable":true,"href":"https:\/\/www.paranapraia.com.br\/index.php\/wp-json\/wp\/v2\/tags?post=23197"}],"curies":[{"name":"wp","href":"https:\/\/api.w.org\/{rel}","templated":true}]}}