{"id":22440,"date":"2019-11-02T12:24:16","date_gmt":"2019-11-02T15:24:16","guid":{"rendered":"https:\/\/www.paranapraia.com.br\/?p=22440"},"modified":"2019-11-02T12:24:17","modified_gmt":"2019-11-02T15:24:17","slug":"justica-confirma-sequestro-de-55-garagens-de-ex-diretor-do-porto-de-paranagua","status":"publish","type":"post","link":"https:\/\/www.paranapraia.com.br\/index.php\/2019\/11\/02\/justica-confirma-sequestro-de-55-garagens-de-ex-diretor-do-porto-de-paranagua\/","title":{"rendered":"Justi\u00e7a confirma sequestro de 55 garagens de ex-diretor do Porto de Paranagu\u00e1"},"content":{"rendered":"\n<p>O Tribunal Regional Federal da 4.\u00aa Regi\u00e3o (TRF4) manteve o sequestro de 55 garagens no Edif\u00edcio Garagem Miramar, em Balne\u00e1rio Cambori\u00fa (SC), pertencentes ao ex-superintendente do Porto de Paranagu\u00e1 Daniel L\u00facio Oliveira de Souza, que responde a processo criminal relativo \u00e0 Opera\u00e7\u00e3o Dallas.<\/p>\n\n\n\n<p>A empresa Rendemais \u2013 nome fantasia da Fortenave Agenciamento Mar\u00edtimo S.A. \u2013 tentou convencer a justi\u00e7a de que era a verdadeira propriet\u00e1ria dos im\u00f3veis, o que poderia livrar Daniel do confisco. O desembargador federal Thompson Flores, no entanto, n\u00e3o aceitou o recurso da Rendemais e confirmou que as garagens eram mesmo de propriedade do ex-superintendente da Appa, sucessor de Eduardo Requi\u00e3o no cargo.<\/p>\n\n\n\n<p>No recurso, a empresa defendia que teria firmado em dezembro de 2010 um compromisso de compra e venda das garagens com a pessoa jur\u00eddica Powertrade Comercial Exportadora, representada pelo r\u00e9u, mas que diante da inadimpl\u00eancia das obriga\u00e7\u00f5es contratuais por parte da Powertrade, teriam assinado um documento particular de distrato do compromisso. Com a alega\u00e7\u00e3o de que os im\u00f3veis nunca foram transferidos para a empresa do r\u00e9u, requeriam o levantamento da constri\u00e7\u00e3o.<\/p>\n\n\n\n<p>Segundo o relator, desembargador federal Thompson Flores, o distrato n\u00e3o foi oficializado e n\u00e3o tem valor legal. \u201cO instrumento particular de distrato, sob o qual se fundamenta a presente a\u00e7\u00e3o de embargos de terceiros, n\u00e3o possui validade, pois de acordo com o art. 472 do C\u00f3digo Civil, o distrato faz-se pela mesma forma exigida para o contrato, ou seja, se o contrato foi registrado em cart\u00f3rio, do mesmo modo deveria ter sido feito o documento que o desfazia\u201d.<\/p>\n\n\n\n<p><strong>Opera\u00e7\u00e3o Dallas<\/strong><\/p>\n\n\n\n<p>A Opera\u00e7\u00e3o Dallas foi deflagrada em janeiro de 2011 pela Pol\u00edcia Federal e investigou o desvio de cargas no corredor de exporta\u00e7\u00e3o do Porto Paranagu\u00e1, fraudes em licita\u00e7\u00f5es e favorecimento de empresas de limpeza no porto. Na \u00e9poca Daniel L\u00facio teve todos os bens bloqueados. A a\u00e7\u00e3o ainda tramita na 1.\u00aa Vara Federal de Paranagu\u00e1.<\/p>\n\n\n\n<p>A opera\u00e7\u00e3o desmantelou quadrilha respons\u00e1vel pelo desvio de cargas a granel destinadas \u00e0 exporta\u00e7\u00e3o e fraudes em licita\u00e7\u00f5es e favorecimento de empresas respons\u00e1veis pela retirada de res\u00edduos do Porto.<\/p>\n\n\n\n<p>Estimava-se que os desvios tenham chegado a 10.000 toneladas de produtos, dentre eles soja, farelo, milho, a\u00e7\u00facar e trigo. A valores de 2011, os preju\u00edzos montavam a mais de R$ 8 milh\u00f5es por ano enquanto a quadrilha atuou.<\/p>\n\n\n\n<p>As investiga\u00e7\u00f5es tiveram in\u00edcio h\u00e1 ap\u00f3s o recebimento pela Receita Federal de den\u00fancias e reclama\u00e7\u00f5es de alguns exportadores acerca de faltas de cargas nos embarques em navios graneleiros.<\/p>\n\n\n\n<p>O grupo investigado se apropriava da chamada \u201creten\u00e7\u00e3o t\u00e9cnica\u201d, ou seja, um percentual a mais enviado pelos exportadores para cobrir \u201cquebras\u201d normais de opera\u00e7\u00f5es de armazenagem e embarque de gran\u00e9is.<\/p>\n\n\n\n<p>Ao fim dos embarques, simplesmente informavam aos exportadores n\u00e3o ter havido sobra alguma da reten\u00e7\u00e3o e a comercializavam ilegalmente no mercado interno atrav\u00e9s de suas empresas.<\/p>\n\n\n\n<p>Ainda, sob o comando desses empres\u00e1rios, funcion\u00e1rios do terminal desviavam os produtos ap\u00f3s as balan\u00e7as de exporta\u00e7\u00e3o chamados de \u201c<em>dumpers<\/em>\u201d (bifurcadores) para propositalmente registrarem os pesos de embarque e, ap\u00f3s, fazerem a carga retornar ao armaz\u00e9m para a revenderem ilegalmente atrav\u00e9s de empresas de sua propriedade.<\/p>\n\n\n\n<p>Os maiores prejudicados foram os exportadores, usu\u00e1rios dos terminais, que n\u00e3o receberam de seus compradores no exterior o valor completo referente aos produtos exportados devido \u00e0s faltas constatadas.<\/p>\n\n\n\n<p>O ent\u00e3o superintendente foi um dos dez presos pela opera\u00e7\u00e3o. O ex-governador Beto Richa \u2013 que iniciava seu primeiro mandato \u2013 ficou indignado com a corrup\u00e7\u00e3o no Porto e determinou a suspens\u00e3o de todos os contratos e a realiza\u00e7\u00e3o de auditorias para apurar todas as den\u00fancias que surgiram. Segundo nota divulgada pelo governo, Richa considerou inadmiss\u00edvel que o principal porto mar\u00edtimo da regi\u00e3o Sul tenha chegado a esta situa\u00e7\u00e3o por m\u00e1 administra\u00e7\u00e3o.<\/p>\n\n\n\n<p>Contraponto<\/p>\n","protected":false},"excerpt":{"rendered":"<p>O Tribunal Regional Federal da 4.\u00aa Regi\u00e3o (TRF4) manteve o sequestro de 55 garagens no Edif\u00edcio Garagem Miramar, em Balne\u00e1rio Cambori\u00fa (SC), pertencentes ao ex-superintendente do Porto de Paranagu\u00e1 Daniel L\u00facio Oliveira de Souza, que responde a processo criminal relativo \u00e0 Opera\u00e7\u00e3o Dallas. A empresa Rendemais \u2013 nome fantasia da Fortenave Agenciamento Mar\u00edtimo S.A. \u2013 [&hellip;]<\/p>\n","protected":false},"author":2,"featured_media":22441,"comment_status":"open","ping_status":"open","sticky":false,"template":"","format":"standard","meta":{"advanced_seo_description":"","jetpack_seo_html_title":"","jetpack_seo_noindex":false,"_jetpack_memberships_contains_paid_content":false,"footnotes":""},"categories":[40],"tags":[],"class_list":{"0":"post-22440","1":"post","2":"type-post","3":"status-publish","4":"format-standard","5":"has-post-thumbnail","7":"category-destaques"},"jetpack_featured_media_url":"https:\/\/www.paranapraia.com.br\/wp-content\/uploads\/2019\/11\/garagem-2.jpg","jetpack_sharing_enabled":true,"_links":{"self":[{"href":"https:\/\/www.paranapraia.com.br\/index.php\/wp-json\/wp\/v2\/posts\/22440"}],"collection":[{"href":"https:\/\/www.paranapraia.com.br\/index.php\/wp-json\/wp\/v2\/posts"}],"about":[{"href":"https:\/\/www.paranapraia.com.br\/index.php\/wp-json\/wp\/v2\/types\/post"}],"author":[{"embeddable":true,"href":"https:\/\/www.paranapraia.com.br\/index.php\/wp-json\/wp\/v2\/users\/2"}],"replies":[{"embeddable":true,"href":"https:\/\/www.paranapraia.com.br\/index.php\/wp-json\/wp\/v2\/comments?post=22440"}],"version-history":[{"count":1,"href":"https:\/\/www.paranapraia.com.br\/index.php\/wp-json\/wp\/v2\/posts\/22440\/revisions"}],"predecessor-version":[{"id":22442,"href":"https:\/\/www.paranapraia.com.br\/index.php\/wp-json\/wp\/v2\/posts\/22440\/revisions\/22442"}],"wp:featuredmedia":[{"embeddable":true,"href":"https:\/\/www.paranapraia.com.br\/index.php\/wp-json\/wp\/v2\/media\/22441"}],"wp:attachment":[{"href":"https:\/\/www.paranapraia.com.br\/index.php\/wp-json\/wp\/v2\/media?parent=22440"}],"wp:term":[{"taxonomy":"category","embeddable":true,"href":"https:\/\/www.paranapraia.com.br\/index.php\/wp-json\/wp\/v2\/categories?post=22440"},{"taxonomy":"post_tag","embeddable":true,"href":"https:\/\/www.paranapraia.com.br\/index.php\/wp-json\/wp\/v2\/tags?post=22440"}],"curies":[{"name":"wp","href":"https:\/\/api.w.org\/{rel}","templated":true}]}}