{"id":22436,"date":"2019-11-02T12:21:09","date_gmt":"2019-11-02T15:21:09","guid":{"rendered":"https:\/\/www.paranapraia.com.br\/?p=22436"},"modified":"2019-11-02T12:21:10","modified_gmt":"2019-11-02T15:21:10","slug":"moradores-de-pontal-do-parana-defendem-novo-porto-e-estrada","status":"publish","type":"post","link":"https:\/\/www.paranapraia.com.br\/index.php\/2019\/11\/02\/moradores-de-pontal-do-parana-defendem-novo-porto-e-estrada\/","title":{"rendered":"Moradores de Pontal do Paran\u00e1 defendem novo porto e estrada"},"content":{"rendered":"\n<p>Pesquisa com moradores de Pontal do Paran\u00e1 aponta que 85% deles apoiam a instala\u00e7\u00e3o do Porto Pontal do Po\u00e7o e 89% a constru\u00e7\u00e3o da estrada de liga\u00e7\u00e3o entre a PR-407 e o munic\u00edpio.<\/p>\n\n\n\n<p>Os dois projetos s\u00e3o combatidos por ambientalistas, contr\u00e1rias a porto e \u00e0 Faixa de Infraestrutura \u2013 o primeiro pela iniciativa privada e o segundo com recursos do governo do estado \u2013 sob o argumento de que ambos t\u00eam potencial para causar graves riscos ao meio ambiente.<\/p>\n\n\n\n<p>Segundo entidades de defesa ecol\u00f3gica, a constru\u00e7\u00e3o do porto de cont\u00eaineres \u2013 planejado para ser o maior terminal do g\u00eanero na Am\u00e9rica do Sul \u2013 produziria polui\u00e7\u00e3o das \u00e1guas do mar na entrada para a ba\u00eda de Paranagu\u00e1 e colocaria em perigo a preserva\u00e7\u00e3o da Ilha do Mel.<\/p>\n\n\n\n<p>J\u00e1 a Faixa de Infraestrutura, um complexo com 20 quil\u00f4metros de extens\u00e3o que inclui inclui rodovia, linhas de energia e um canal de conten\u00e7\u00e3o de \u00e1guas, est\u00e1 projetada para atravessar uma \u00e1rea de Mata Atl\u00e2ntica e terras ind\u00edgenas, com repercuss\u00e3o negativa tamb\u00e9m na qualidade ambiental, social e tur\u00edstico do balne\u00e1rio de Pontal do Sul.<\/p>\n\n\n\n<p>Os moradores de Pontal, no entanto, segundo a sondagem feita pelo instituto Paran\u00e1 Pesquisas, n\u00e3o&nbsp; concorda com os ambientalistas. Eles veem nos dois empreendimentos a oportunidade de gera\u00e7\u00e3o de empregos e ativa\u00e7\u00e3o da economia local.<\/p>\n\n\n\n<p>Veja a pesquisa na \u00edntegra:<\/p>\n\n\n\n<div class=\"wp-block-file\"><a href=\"https:\/\/www.paranapraia.com.br\/wp-content\/uploads\/2019\/11\/PortoPontaldoParana\u0301_Out19.pdf\">PortoPontaldoParana\u0301_Out19<\/a><a href=\"https:\/\/www.paranapraia.com.br\/wp-content\/uploads\/2019\/11\/PortoPontaldoParana\u0301_Out19.pdf\" class=\"wp-block-file__button\" download>Baixar<\/a><\/div>\n\n\n\n<p><br><\/p>\n","protected":false},"excerpt":{"rendered":"<p>Pesquisa com moradores de Pontal do Paran\u00e1 aponta que 85% deles apoiam a instala\u00e7\u00e3o do Porto Pontal do Po\u00e7o e 89% a constru\u00e7\u00e3o da estrada de liga\u00e7\u00e3o entre a PR-407 e o munic\u00edpio. Os dois projetos s\u00e3o combatidos por ambientalistas, contr\u00e1rias a porto e \u00e0 Faixa de Infraestrutura \u2013 o primeiro pela iniciativa privada e [&hellip;]<\/p>\n","protected":false},"author":2,"featured_media":22438,"comment_status":"open","ping_status":"open","sticky":false,"template":"","format":"standard","meta":{"advanced_seo_description":"","jetpack_seo_html_title":"","jetpack_seo_noindex":false,"_jetpack_memberships_contains_paid_content":false,"footnotes":""},"categories":[40],"tags":[],"class_list":{"0":"post-22436","1":"post","2":"type-post","3":"status-publish","4":"format-standard","5":"has-post-thumbnail","7":"category-destaques"},"jetpack_featured_media_url":"https:\/\/www.paranapraia.com.br\/wp-content\/uploads\/2019\/11\/prpojeto.jpg","jetpack_sharing_enabled":true,"_links":{"self":[{"href":"https:\/\/www.paranapraia.com.br\/index.php\/wp-json\/wp\/v2\/posts\/22436"}],"collection":[{"href":"https:\/\/www.paranapraia.com.br\/index.php\/wp-json\/wp\/v2\/posts"}],"about":[{"href":"https:\/\/www.paranapraia.com.br\/index.php\/wp-json\/wp\/v2\/types\/post"}],"author":[{"embeddable":true,"href":"https:\/\/www.paranapraia.com.br\/index.php\/wp-json\/wp\/v2\/users\/2"}],"replies":[{"embeddable":true,"href":"https:\/\/www.paranapraia.com.br\/index.php\/wp-json\/wp\/v2\/comments?post=22436"}],"version-history":[{"count":1,"href":"https:\/\/www.paranapraia.com.br\/index.php\/wp-json\/wp\/v2\/posts\/22436\/revisions"}],"predecessor-version":[{"id":22439,"href":"https:\/\/www.paranapraia.com.br\/index.php\/wp-json\/wp\/v2\/posts\/22436\/revisions\/22439"}],"wp:featuredmedia":[{"embeddable":true,"href":"https:\/\/www.paranapraia.com.br\/index.php\/wp-json\/wp\/v2\/media\/22438"}],"wp:attachment":[{"href":"https:\/\/www.paranapraia.com.br\/index.php\/wp-json\/wp\/v2\/media?parent=22436"}],"wp:term":[{"taxonomy":"category","embeddable":true,"href":"https:\/\/www.paranapraia.com.br\/index.php\/wp-json\/wp\/v2\/categories?post=22436"},{"taxonomy":"post_tag","embeddable":true,"href":"https:\/\/www.paranapraia.com.br\/index.php\/wp-json\/wp\/v2\/tags?post=22436"}],"curies":[{"name":"wp","href":"https:\/\/api.w.org\/{rel}","templated":true}]}}