{"id":22425,"date":"2019-11-01T17:17:10","date_gmt":"2019-11-01T20:17:10","guid":{"rendered":"https:\/\/www.paranapraia.com.br\/?p=22425"},"modified":"2019-11-01T17:17:11","modified_gmt":"2019-11-01T20:17:11","slug":"gilmar-mendes-critica-eduardo-bolsonaro-por-exaltar-trevas-da-ditadura","status":"publish","type":"post","link":"https:\/\/www.paranapraia.com.br\/index.php\/2019\/11\/01\/gilmar-mendes-critica-eduardo-bolsonaro-por-exaltar-trevas-da-ditadura\/","title":{"rendered":"Gilmar Mendes critica Eduardo Bolsonaro por \u2018exaltar trevas\u2019 da ditadura"},"content":{"rendered":"\n<h4 class=\"wp-block-heading\">Ministro do STF falou sobre declara\u00e7\u00f5es do filho do presidente<\/h4>\n\n\n\n<p> M\u00d4NICA BERGAMO<br>S\u00c3O PAULO, SP (FOLHAPRESS) \u2013 O ministro Gilmar Mendes, do STF (Supremo Tribunal Federal), criticou as declara\u00e7\u00f5es do deputado federal Eduardo Bolsonaro (PSL-SP) defendendo um novo AI-5 caso a esquerda se radicalize. <\/p>\n\n\n\n<p> \u201cO AI-5 imp\u00f4s a perda de mandatos de congressistas, a suspens\u00e3o dos direitos civis e pol\u00edticos e o esvaziamento do Habeas Corpus. \u00c9 o s\u00edmbolo maior da tortura institucionalizada. Exaltar o per\u00edodo de trevas da ditadura \u00e9 desmerecer a estatura constitucional da nossa democracia\u201d, escreveu o magistrado em sua conta do Twitter. <\/p>\n\n\n\n<p>L\u00edder do PSL na C\u00e2mara, Eduardo Bolsonaro, filho do presidente Jair Bolsonaro, deu a declara\u00e7\u00e3o em entrevista \u00e0 jornalista Leda Nagle realizada na segunda (28) e publicada nesta quinta (31) no canal dela no YouTube.<\/p>\n\n\n\n<p>\u201cSe a esquerda radicalizar a esse ponto, a gente vai precisar ter uma resposta. E uma resposta pode ser via um novo AI-5, pode ser via uma legisla\u00e7\u00e3o aprovada atrav\u00e9s de um plebiscito como ocorreu na It\u00e1lia. Alguma resposta vai ter que ser dada\u201d, afirmou o parlamentar na entrevista.<\/p>\n","protected":false},"excerpt":{"rendered":"<p>Ministro do STF falou sobre declara\u00e7\u00f5es do filho do presidente M\u00d4NICA BERGAMOS\u00c3O PAULO, SP (FOLHAPRESS) \u2013 O ministro Gilmar Mendes, do STF (Supremo Tribunal Federal), criticou as declara\u00e7\u00f5es do deputado federal Eduardo Bolsonaro (PSL-SP) defendendo um novo AI-5 caso a esquerda se radicalize. \u201cO AI-5 imp\u00f4s a perda de mandatos de congressistas, a suspens\u00e3o dos [&hellip;]<\/p>\n","protected":false},"author":2,"featured_media":22426,"comment_status":"open","ping_status":"open","sticky":false,"template":"","format":"standard","meta":{"advanced_seo_description":"","jetpack_seo_html_title":"","jetpack_seo_noindex":false,"_jetpack_memberships_contains_paid_content":false,"footnotes":""},"categories":[32],"tags":[],"class_list":{"0":"post-22425","1":"post","2":"type-post","3":"status-publish","4":"format-standard","5":"has-post-thumbnail","7":"category-politica"},"jetpack_featured_media_url":"https:\/\/www.paranapraia.com.br\/wp-content\/uploads\/2019\/11\/gilmarmendes-960x606.jpg","jetpack_sharing_enabled":true,"_links":{"self":[{"href":"https:\/\/www.paranapraia.com.br\/index.php\/wp-json\/wp\/v2\/posts\/22425"}],"collection":[{"href":"https:\/\/www.paranapraia.com.br\/index.php\/wp-json\/wp\/v2\/posts"}],"about":[{"href":"https:\/\/www.paranapraia.com.br\/index.php\/wp-json\/wp\/v2\/types\/post"}],"author":[{"embeddable":true,"href":"https:\/\/www.paranapraia.com.br\/index.php\/wp-json\/wp\/v2\/users\/2"}],"replies":[{"embeddable":true,"href":"https:\/\/www.paranapraia.com.br\/index.php\/wp-json\/wp\/v2\/comments?post=22425"}],"version-history":[{"count":1,"href":"https:\/\/www.paranapraia.com.br\/index.php\/wp-json\/wp\/v2\/posts\/22425\/revisions"}],"predecessor-version":[{"id":22427,"href":"https:\/\/www.paranapraia.com.br\/index.php\/wp-json\/wp\/v2\/posts\/22425\/revisions\/22427"}],"wp:featuredmedia":[{"embeddable":true,"href":"https:\/\/www.paranapraia.com.br\/index.php\/wp-json\/wp\/v2\/media\/22426"}],"wp:attachment":[{"href":"https:\/\/www.paranapraia.com.br\/index.php\/wp-json\/wp\/v2\/media?parent=22425"}],"wp:term":[{"taxonomy":"category","embeddable":true,"href":"https:\/\/www.paranapraia.com.br\/index.php\/wp-json\/wp\/v2\/categories?post=22425"},{"taxonomy":"post_tag","embeddable":true,"href":"https:\/\/www.paranapraia.com.br\/index.php\/wp-json\/wp\/v2\/tags?post=22425"}],"curies":[{"name":"wp","href":"https:\/\/api.w.org\/{rel}","templated":true}]}}