{"id":22421,"date":"2019-11-01T16:53:27","date_gmt":"2019-11-01T19:53:27","guid":{"rendered":"https:\/\/www.paranapraia.com.br\/?p=22421"},"modified":"2019-11-01T16:53:28","modified_gmt":"2019-11-01T19:53:28","slug":"ix-feira-de-ciencias-reuniu-mais-de-80-trabalhos","status":"publish","type":"post","link":"https:\/\/www.paranapraia.com.br\/index.php\/2019\/11\/01\/ix-feira-de-ciencias-reuniu-mais-de-80-trabalhos\/","title":{"rendered":"IX Feira de Ci\u00eancias reuniu mais de 80 trabalhos"},"content":{"rendered":"\n<p>O programa de extens\u00e3o Labm\u00f3vel, do Setor Litoral, promove h\u00e1 quase uma d\u00e9cada um interc\u00e2mbio de conhecimentos entre estudantes do ensino fundamental (s\u00e9ries finais \u2013 6\u00b0 a 9\u00b0ano), ensino m\u00e9dio e educa\u00e7\u00e3o de jovens e adultos (EJA) dos munic\u00edpios do litoral do Paran\u00e1. A Feira, que integra a 16\u00aa Semana Nacional da Ci\u00eancia e Tecnologia, incentiva a busca pelo conhecimento e a integra\u00e7\u00e3o entre os v\u00e1rios n\u00edveis de ensino, mobilizando o interesse para as \u00e1reas das ci\u00eancias e a sua divulga\u00e7\u00e3o. O coordenador do programa e coordenador de cultura da Proec\/UFPR, Rodrigo Arantes Reis, ressaltou a parceria consolidada com o Sesc Caiob\u00e1, o que permitiu reunir as atividades em um s\u00f3 local.<\/p>\n\n\n\n<p>Neste ano, foram inscritos 86 trabalhos, desenvolvidos em 18 escolas, por 203 estudantes e 30 professores. Das 18 escolas participantes, apenas duas s\u00e3o da rede particular. Durante o evento avaliadores percorreram os estands e o resultado das avalia\u00e7\u00f5es apontou os trabalhos vencedores. Nesta edi\u00e7\u00e3o foram 22 premia\u00e7\u00f5es, incluindo a de voto popular.<\/p>\n\n\n\n<p><strong>Credita\u00e7\u00e3o para a extens\u00e3o<\/strong><br>A IX Feira ainda foi um laborat\u00f3rio para um experi\u00eancia piloto que pode servir como um dos modelos de credita\u00e7\u00e3o para a extens\u00e3o. Segundo Reis, estudantes orientados por tr\u00eas professores do curso de licenciatura em ci\u00eancias foram para escolas de diversos munic\u00edpios e ajudaram na organiza\u00e7\u00e3o da participa\u00e7\u00e3o das escolas na Feira. \u201cEsse processo integrou as atividades acad\u00eamicas de est\u00e1gio e fundamentos te\u00f3ricos pr\u00e1ticos (FTPs) de 26 universit\u00e1rios, que atuaram junto a cinco escolas. Parte do est\u00e1gio que eles desenvolvem nas escolas envolve a prepara\u00e7\u00e3o para a Feira\u201d, destacou o coordenador.<\/p>\n\n\n\n<p>UFPR<\/p>\n","protected":false},"excerpt":{"rendered":"<p>O programa de extens\u00e3o Labm\u00f3vel, do Setor Litoral, promove h\u00e1 quase uma d\u00e9cada um interc\u00e2mbio de conhecimentos entre estudantes do ensino fundamental (s\u00e9ries finais \u2013 6\u00b0 a 9\u00b0ano), ensino m\u00e9dio e educa\u00e7\u00e3o de jovens e adultos (EJA) dos munic\u00edpios do litoral do Paran\u00e1. A Feira, que integra a 16\u00aa Semana Nacional da Ci\u00eancia e Tecnologia, [&hellip;]<\/p>\n","protected":false},"author":2,"featured_media":22422,"comment_status":"open","ping_status":"open","sticky":false,"template":"","format":"standard","meta":{"advanced_seo_description":"","jetpack_seo_html_title":"","jetpack_seo_noindex":false,"_jetpack_memberships_contains_paid_content":false,"footnotes":""},"categories":[43],"tags":[],"class_list":{"0":"post-22421","1":"post","2":"type-post","3":"status-publish","4":"format-standard","5":"has-post-thumbnail","7":"category-cotidiano"},"jetpack_featured_media_url":"https:\/\/www.paranapraia.com.br\/wp-content\/uploads\/2019\/11\/download.jpg","jetpack_sharing_enabled":true,"_links":{"self":[{"href":"https:\/\/www.paranapraia.com.br\/index.php\/wp-json\/wp\/v2\/posts\/22421"}],"collection":[{"href":"https:\/\/www.paranapraia.com.br\/index.php\/wp-json\/wp\/v2\/posts"}],"about":[{"href":"https:\/\/www.paranapraia.com.br\/index.php\/wp-json\/wp\/v2\/types\/post"}],"author":[{"embeddable":true,"href":"https:\/\/www.paranapraia.com.br\/index.php\/wp-json\/wp\/v2\/users\/2"}],"replies":[{"embeddable":true,"href":"https:\/\/www.paranapraia.com.br\/index.php\/wp-json\/wp\/v2\/comments?post=22421"}],"version-history":[{"count":1,"href":"https:\/\/www.paranapraia.com.br\/index.php\/wp-json\/wp\/v2\/posts\/22421\/revisions"}],"predecessor-version":[{"id":22423,"href":"https:\/\/www.paranapraia.com.br\/index.php\/wp-json\/wp\/v2\/posts\/22421\/revisions\/22423"}],"wp:featuredmedia":[{"embeddable":true,"href":"https:\/\/www.paranapraia.com.br\/index.php\/wp-json\/wp\/v2\/media\/22422"}],"wp:attachment":[{"href":"https:\/\/www.paranapraia.com.br\/index.php\/wp-json\/wp\/v2\/media?parent=22421"}],"wp:term":[{"taxonomy":"category","embeddable":true,"href":"https:\/\/www.paranapraia.com.br\/index.php\/wp-json\/wp\/v2\/categories?post=22421"},{"taxonomy":"post_tag","embeddable":true,"href":"https:\/\/www.paranapraia.com.br\/index.php\/wp-json\/wp\/v2\/tags?post=22421"}],"curies":[{"name":"wp","href":"https:\/\/api.w.org\/{rel}","templated":true}]}}