{"id":22418,"date":"2019-11-01T16:51:20","date_gmt":"2019-11-01T19:51:20","guid":{"rendered":"https:\/\/www.paranapraia.com.br\/?p=22418"},"modified":"2019-11-01T16:51:21","modified_gmt":"2019-11-01T19:51:21","slug":"ufpr-litoral-recebe-reuniao-da-augm","status":"publish","type":"post","link":"https:\/\/www.paranapraia.com.br\/index.php\/2019\/11\/01\/ufpr-litoral-recebe-reuniao-da-augm\/","title":{"rendered":"UFPR Litoral recebe reuni\u00e3o da AUGM"},"content":{"rendered":"\n<p>O evento acontecer\u00e1 nos dias 5 e 6 de novembro e reunir\u00e1, na UFPR Litoral, representantes de universidades de cinco pa\u00edses, todas filiadas \u00e0 AUGM (Associa\u00e7\u00e3o de Universidades do Grupo Montevid\u00e9u). Durante a reuni\u00e3o, ser\u00e3o avaliadas e planejadas as atividades do Comit\u00ea, visando principalmente ao estreitamento da integra\u00e7\u00e3o entre universidades latino-americanas nas \u00e1reas de sociologia e pol\u00edtica.<\/p>\n\n\n\n<p>No dia 06 de novembro, a partir das 9h, ser\u00e1 realizado o IV Simp\u00f3sio Internacional de Ci\u00eancias Pol\u00edticas e Sociais da AUGM, no qual, sob o tema A democracia e seus avatares na Am\u00e9rica do Sul, os participantes apresentar\u00e3o pesquisas que v\u00eam desenvolvendo e debater\u00e3o o atual contexto de crise pol\u00edtica no continente. O simp\u00f3sio acontecer\u00e1 na sala 14B e \u00e9 aberto a toda comunidade.<\/p>\n\n\n\n<p>A reuni\u00e3o acontece paralelamente ao III SBDTS (Simp\u00f3sio Brasileiro de Desenvolvimento Territorial Sustent\u00e1vel) que tem como objetivo principal a promo\u00e7\u00e3o do interc\u00e2mbio de pesquisas e experi\u00eancias interdisciplinares sobre tem\u00e1ticas ligadas ao Desenvolvimento Territorial Sustent\u00e1vel entre docentes, pesquisadores, estudantes de gradua\u00e7\u00e3o e p\u00f3s-gradua\u00e7\u00e3o, e profissionais de diversas \u00e1reas. <\/p>\n\n\n\n<p>UFPR<\/p>\n","protected":false},"excerpt":{"rendered":"<p>O evento acontecer\u00e1 nos dias 5 e 6 de novembro e reunir\u00e1, na UFPR Litoral, representantes de universidades de cinco pa\u00edses, todas filiadas \u00e0 AUGM (Associa\u00e7\u00e3o de Universidades do Grupo Montevid\u00e9u). Durante a reuni\u00e3o, ser\u00e3o avaliadas e planejadas as atividades do Comit\u00ea, visando principalmente ao estreitamento da integra\u00e7\u00e3o entre universidades latino-americanas nas \u00e1reas de sociologia [&hellip;]<\/p>\n","protected":false},"author":2,"featured_media":22419,"comment_status":"open","ping_status":"open","sticky":false,"template":"","format":"standard","meta":{"advanced_seo_description":"","jetpack_seo_html_title":"","jetpack_seo_noindex":false,"_jetpack_memberships_contains_paid_content":false,"footnotes":""},"categories":[43],"tags":[],"class_list":{"0":"post-22418","1":"post","2":"type-post","3":"status-publish","4":"format-standard","5":"has-post-thumbnail","7":"category-cotidiano"},"jetpack_featured_media_url":"https:\/\/www.paranapraia.com.br\/wp-content\/uploads\/2019\/11\/hhhy.jpg","jetpack_sharing_enabled":true,"_links":{"self":[{"href":"https:\/\/www.paranapraia.com.br\/index.php\/wp-json\/wp\/v2\/posts\/22418"}],"collection":[{"href":"https:\/\/www.paranapraia.com.br\/index.php\/wp-json\/wp\/v2\/posts"}],"about":[{"href":"https:\/\/www.paranapraia.com.br\/index.php\/wp-json\/wp\/v2\/types\/post"}],"author":[{"embeddable":true,"href":"https:\/\/www.paranapraia.com.br\/index.php\/wp-json\/wp\/v2\/users\/2"}],"replies":[{"embeddable":true,"href":"https:\/\/www.paranapraia.com.br\/index.php\/wp-json\/wp\/v2\/comments?post=22418"}],"version-history":[{"count":1,"href":"https:\/\/www.paranapraia.com.br\/index.php\/wp-json\/wp\/v2\/posts\/22418\/revisions"}],"predecessor-version":[{"id":22420,"href":"https:\/\/www.paranapraia.com.br\/index.php\/wp-json\/wp\/v2\/posts\/22418\/revisions\/22420"}],"wp:featuredmedia":[{"embeddable":true,"href":"https:\/\/www.paranapraia.com.br\/index.php\/wp-json\/wp\/v2\/media\/22419"}],"wp:attachment":[{"href":"https:\/\/www.paranapraia.com.br\/index.php\/wp-json\/wp\/v2\/media?parent=22418"}],"wp:term":[{"taxonomy":"category","embeddable":true,"href":"https:\/\/www.paranapraia.com.br\/index.php\/wp-json\/wp\/v2\/categories?post=22418"},{"taxonomy":"post_tag","embeddable":true,"href":"https:\/\/www.paranapraia.com.br\/index.php\/wp-json\/wp\/v2\/tags?post=22418"}],"curies":[{"name":"wp","href":"https:\/\/api.w.org\/{rel}","templated":true}]}}