{"id":22408,"date":"2019-11-01T16:42:46","date_gmt":"2019-11-01T19:42:46","guid":{"rendered":"https:\/\/www.paranapraia.com.br\/?p=22408"},"modified":"2019-11-01T16:42:48","modified_gmt":"2019-11-01T19:42:48","slug":"educacao-pela-paz-construindo-lares-sem-violencia-em-paranagua","status":"publish","type":"post","link":"https:\/\/www.paranapraia.com.br\/index.php\/2019\/11\/01\/educacao-pela-paz-construindo-lares-sem-violencia-em-paranagua\/","title":{"rendered":"Educa\u00e7\u00e3o pela Paz: construindo lares sem viol\u00eancia em Paranagu\u00e1"},"content":{"rendered":"\n<h4 class=\"wp-block-heading\">Projeto est\u00e1 sendo desenvolvido em escolas da rede municipal de ensino<\/h4>\n\n\n\n<p>\n\n\u201cEduca\u00e7\u00e3o pela Paz: construindo lares sem viol\u00eancia\u201d foi o nome dado ao projeto apresentado para as escolas da rede municipal de ensino de Paranagu\u00e1. Quatro escolas foram selecionadas.<\/p>\n\n\n\n<p>O projeto foi idealizado pelo Poder Judici\u00e1rio com o objetivo de prevenir a viol\u00eancia dom\u00e9stica. A Ju\u00edza da Vara Criminal, Cintia Graeff, lembrou que o Poder Judici\u00e1rio trata a situa\u00e7\u00e3o pelo lado da repress\u00e3o e puni\u00e7\u00e3o, mas que \u00e9 importante trabalhar o assunto desde as crian\u00e7as.<\/p>\n\n\n\n<p>\u201cEsperamos contribuir com uma mentalidade diferente no futuro\u201d, destacou a Ju\u00edza no lan\u00e7amento do projeto.<\/p>\n\n\n\n<p>Diferentes atividades est\u00e3o sendo desenvolvidas nas escolas Nascimento J\u00fanior, Berta Elias, Nay\u00e1 Castilho e Graciela Almada Diaz com alunos das s\u00e9ries do 4\u00ba e 5\u00ba anos.<\/p>\n\n\n\n<p>Nesta semana, a pedagoga da Escola Municipal Nascimento J\u00fanior, Fl\u00e1via Lima, convidou algumas m\u00e3es de alunos, duas guardas municipais e uma profissional da \u00e1rea de sa\u00fade para falar sobre o projeto e tamb\u00e9m para participar de uma apresenta\u00e7\u00e3o feita s\u00f3 por meninos destacando a import\u00e2ncia da mulher na sociedade.<\/p>\n\n\n\n<p>\u201cTemos na nossa escola a boneca Amora, criada depois que a Momo come\u00e7ou a assustar as crian\u00e7as em v\u00eddeos. A boneca Amora veio com a proposta de fazer desafios do bem. E agora o desafio que ela faz aos nossos alunos aborda a viol\u00eancia dom\u00e9stica\u201d, explicou a pedagoga.<\/p>\n\n\n\n<p>A apresenta\u00e7\u00e3o dos estudantes na manh\u00e3 desta \u00faltima quinta-feira, dia 31, far\u00e1 parte de um v\u00eddeo que as escolas participantes do projeto est\u00e3o fazendo para fazer parte do Concurso \u201cCurta Metragem- Educa\u00e7\u00e3o pela Paz\u201d, que visa estimular a criatividade nas escolas. Ganhar\u00e1 o v\u00eddeo que tiver mais likes.<\/p>\n\n\n\n<p>A Secretaria Municipal de Comunica\u00e7\u00e3o faz da iniciativa em parceria com a Superintend\u00eancia de Educomunica\u00e7\u00e3o da Semedi.<\/p>\n\n\n\n<p>BemParana<br><\/p>\n","protected":false},"excerpt":{"rendered":"<p>Projeto est\u00e1 sendo desenvolvido em escolas da rede municipal de ensino \u201cEduca\u00e7\u00e3o pela Paz: construindo lares sem viol\u00eancia\u201d foi o nome dado ao projeto apresentado para as escolas da rede municipal de ensino de Paranagu\u00e1. Quatro escolas foram selecionadas. O projeto foi idealizado pelo Poder Judici\u00e1rio com o objetivo de prevenir a viol\u00eancia dom\u00e9stica. A [&hellip;]<\/p>\n","protected":false},"author":2,"featured_media":22409,"comment_status":"open","ping_status":"open","sticky":false,"template":"","format":"standard","meta":{"advanced_seo_description":"","jetpack_seo_html_title":"","jetpack_seo_noindex":false,"_jetpack_memberships_contains_paid_content":false,"footnotes":""},"categories":[42],"tags":[],"class_list":{"0":"post-22408","1":"post","2":"type-post","3":"status-publish","4":"format-standard","5":"has-post-thumbnail","7":"category-cidades"},"jetpack_featured_media_url":"https:\/\/www.paranapraia.com.br\/wp-content\/uploads\/2019\/11\/thumb-2.jpg","jetpack_sharing_enabled":true,"_links":{"self":[{"href":"https:\/\/www.paranapraia.com.br\/index.php\/wp-json\/wp\/v2\/posts\/22408"}],"collection":[{"href":"https:\/\/www.paranapraia.com.br\/index.php\/wp-json\/wp\/v2\/posts"}],"about":[{"href":"https:\/\/www.paranapraia.com.br\/index.php\/wp-json\/wp\/v2\/types\/post"}],"author":[{"embeddable":true,"href":"https:\/\/www.paranapraia.com.br\/index.php\/wp-json\/wp\/v2\/users\/2"}],"replies":[{"embeddable":true,"href":"https:\/\/www.paranapraia.com.br\/index.php\/wp-json\/wp\/v2\/comments?post=22408"}],"version-history":[{"count":1,"href":"https:\/\/www.paranapraia.com.br\/index.php\/wp-json\/wp\/v2\/posts\/22408\/revisions"}],"predecessor-version":[{"id":22410,"href":"https:\/\/www.paranapraia.com.br\/index.php\/wp-json\/wp\/v2\/posts\/22408\/revisions\/22410"}],"wp:featuredmedia":[{"embeddable":true,"href":"https:\/\/www.paranapraia.com.br\/index.php\/wp-json\/wp\/v2\/media\/22409"}],"wp:attachment":[{"href":"https:\/\/www.paranapraia.com.br\/index.php\/wp-json\/wp\/v2\/media?parent=22408"}],"wp:term":[{"taxonomy":"category","embeddable":true,"href":"https:\/\/www.paranapraia.com.br\/index.php\/wp-json\/wp\/v2\/categories?post=22408"},{"taxonomy":"post_tag","embeddable":true,"href":"https:\/\/www.paranapraia.com.br\/index.php\/wp-json\/wp\/v2\/tags?post=22408"}],"curies":[{"name":"wp","href":"https:\/\/api.w.org\/{rel}","templated":true}]}}