{"id":22402,"date":"2019-11-01T16:37:28","date_gmt":"2019-11-01T19:37:28","guid":{"rendered":"https:\/\/www.paranapraia.com.br\/?p=22402"},"modified":"2019-11-01T16:37:29","modified_gmt":"2019-11-01T19:37:29","slug":"feriado-de-finados-aumenta-movimento-na-rodoviaria-e-nas-estradas-veja-os-horarios-de-pico","status":"publish","type":"post","link":"https:\/\/www.paranapraia.com.br\/index.php\/2019\/11\/01\/feriado-de-finados-aumenta-movimento-na-rodoviaria-e-nas-estradas-veja-os-horarios-de-pico\/","title":{"rendered":"Feriado de Finados aumenta movimento na rodovi\u00e1ria e nas estradas. Veja os hor\u00e1rios de pico"},"content":{"rendered":"\n<p>Apesar de o feriado de Finados cair em s\u00e1bado (2), o tempo bom deve movimentar as estradas que ligam o Paran\u00e1 ao Litoral do Paran\u00e1, Santa Catarina e interior do Estado j\u00e1 a partir da noite desta sexta (1). A rodovi\u00e1ria da capital tamb\u00e9m est\u00e1 com previs\u00e3o de movimento: pelo menos 35% maior que em dias comuns.&nbsp;<\/p>\n\n\n\n<p>Cerca de 21,5 mil passageiros deixar\u00e3o a capital paranaense de \u00f4nibus. O movimento da Rodovi\u00e1ria ser\u00e1 35% maior que em dias normais e come\u00e7a nesta sexta-feira (1\/11), com o embarque previsto de 13,5 mil pessoas. No s\u00e1bado (2\/11), mais oito mil pessoas devem passar pelo terminal, tendo as cidades do interior paranaense como principal destino. Nos dois dias, 740 \u00f4nibus devem sair de Curitiba partindo da Rodovi\u00e1ria.<\/p>\n\n\n\n<p>\u201cHoje (sexta-feira) a maior parte dos embarques acontecer\u00e1 entre o fim da tarde e \u00e0 noite, e amanh\u00e3, na parte da manh\u00e3\u201d, diz \u00c9lcio dos Anjos, gerente da Rodovi\u00e1ria de Curitiba. A estimativa de movimento s\u00f3 n\u00e3o \u00e9 maior porque o feriado ocorre em um s\u00e1bado. Mas a previs\u00e3o de tempo firme deve atrair um grande n\u00famero de passageiros \u00e0 rodovi\u00e1ria. O destino mais procurado \u00e9 o interior do Paran\u00e1, com 40% das viagens, seguido de Santa Catarina (25%), litoral paranaense (15%) e S\u00e3o Paulo (12%). H\u00e1 perspectiva de refor\u00e7o no transporte coletivo, principalmente a partir das 18h, nas linhas com parada nas imedia\u00e7\u00f5es da Rodovi\u00e1ria.<\/p>\n\n\n\n<p>BR-277 &#8211; Mais de 68 mil ve\u00edculos dever\u00e3o trafegar pela BR-277 no trecho Curitiba-Litoral durante o feriado de Finados (2). A previs\u00e3o \u00e9 da concession\u00e1ria Ecovia Caminho do Mar, que administra esse trecho da rodovia, al\u00e9m das PRs 407 e 508. O movimento previsto \u00e9 22% menor que no ano passado, quando 100 mil ve\u00edculos viajaram durante o feriado prolongado, que teve um dia a mais. O movimento dever\u00e1 ser alto entre 20h e 21h, com a passagem de 1,2 carros em sentido ao Litoral. J\u00e1 ao s\u00e1bado, o maior movimento dever\u00e1 ser antes do hor\u00e1rio do almo\u00e7o, com pico de mil ve\u00edculos circulando entre 9h e 10h. No domingo (3), o maior movimento ser\u00e1 sentido Curitiba e o fluxo de ve\u00edculos dever\u00e1 ficar intenso a partir das 15h at\u00e9 alcan\u00e7ar o pico de 2,2 mil entre 18h e 19h.<\/p>\n\n\n\n<p>\u201cPara garantir seguran\u00e7a dos usu\u00e1rios e fluidez do tr\u00e2nsito nas rodovias, a concession\u00e1ria preparou procedimentos operacionais especiais, com 16 viaturas distribu\u00eddas pela \u00e1rea de concess\u00e3o\u201d, explica Marcelo Bel\u00e3o, gerente de Atendimento ao Usu\u00e1rio da Ecovia. Ele lembra que todas as cabines da pra\u00e7a de ped\u00e1gio est\u00e3o equipadas com m\u00e1quinas de cart\u00f5es de d\u00e9bito para facilitar o pagamento da tarifa.<\/p>\n\n\n\n<p>Ao viajar pela BR-277 no trecho Curitiba-Litoral, a Ecovia indica que motoristas e passageiros tenham em m\u00e3os o telefone 0800 410 277, que pode ser acessado para solicitar servi\u00e7os de atendimento a panes, remo\u00e7\u00f5es e guinchos. A conta de Twitter @ecovia \u00e9 atualizada periodicamente durante o dia com informa\u00e7\u00f5es sobre as condi\u00e7\u00f5es de tr\u00e1fego na rodovia, sendo uma fonte de consulta importante para programar a viagem. Al\u00e9m disso, o usu\u00e1rio tamb\u00e9m pode baixar gratuitamente o aplicativo Ecorodovias em seu smartphone e ter todas as informa\u00e7\u00f5es da rodovia na palma da m\u00e3o.<\/p>\n\n\n\n<p>O feriado de Finados conta com policiamento nas estradas estaduais do Paran\u00e1 pelo efetivo do<a href=\"https:\/\/www.bemparana.com.br\/noticia\/finados-tera-reforco-da-policia-rodoviaria-em-todo-o-parana#.XbyH2uhKjIU\">\u00a0Batalh\u00e3o de Pol\u00edcia Rodovi\u00e1ria (BPRv)<\/a>\u00a0desde esta sexta-feira (01) at\u00e9 o domingo (03). A fiscaliza\u00e7\u00e3o abrange a embriaguez ao volante e o excesso de velocidade, entre outras infra\u00e7\u00f5es de tr\u00e2nsito. Todas as seis companhias do Batalh\u00e3o, por meio dos seus 58 postos rodovi\u00e1rios, estar\u00e3o empenhados na Opera\u00e7\u00e3o Finados.<\/p>\n\n\n\n<p>BemParana<\/p>\n","protected":false},"excerpt":{"rendered":"<p>Apesar de o feriado de Finados cair em s\u00e1bado (2), o tempo bom deve movimentar as estradas que ligam o Paran\u00e1 ao Litoral do Paran\u00e1, Santa Catarina e interior do Estado j\u00e1 a partir da noite desta sexta (1). A rodovi\u00e1ria da capital tamb\u00e9m est\u00e1 com previs\u00e3o de movimento: pelo menos 35% maior que em [&hellip;]<\/p>\n","protected":false},"author":2,"featured_media":22403,"comment_status":"open","ping_status":"open","sticky":false,"template":"","format":"standard","meta":{"advanced_seo_description":"","jetpack_seo_html_title":"","jetpack_seo_noindex":false,"_jetpack_memberships_contains_paid_content":false,"footnotes":""},"categories":[43],"tags":[],"class_list":{"0":"post-22402","1":"post","2":"type-post","3":"status-publish","4":"format-standard","5":"has-post-thumbnail","7":"category-cotidiano"},"jetpack_featured_media_url":"https:\/\/www.paranapraia.com.br\/wp-content\/uploads\/2019\/11\/tyt.jpg","jetpack_sharing_enabled":true,"_links":{"self":[{"href":"https:\/\/www.paranapraia.com.br\/index.php\/wp-json\/wp\/v2\/posts\/22402"}],"collection":[{"href":"https:\/\/www.paranapraia.com.br\/index.php\/wp-json\/wp\/v2\/posts"}],"about":[{"href":"https:\/\/www.paranapraia.com.br\/index.php\/wp-json\/wp\/v2\/types\/post"}],"author":[{"embeddable":true,"href":"https:\/\/www.paranapraia.com.br\/index.php\/wp-json\/wp\/v2\/users\/2"}],"replies":[{"embeddable":true,"href":"https:\/\/www.paranapraia.com.br\/index.php\/wp-json\/wp\/v2\/comments?post=22402"}],"version-history":[{"count":1,"href":"https:\/\/www.paranapraia.com.br\/index.php\/wp-json\/wp\/v2\/posts\/22402\/revisions"}],"predecessor-version":[{"id":22404,"href":"https:\/\/www.paranapraia.com.br\/index.php\/wp-json\/wp\/v2\/posts\/22402\/revisions\/22404"}],"wp:featuredmedia":[{"embeddable":true,"href":"https:\/\/www.paranapraia.com.br\/index.php\/wp-json\/wp\/v2\/media\/22403"}],"wp:attachment":[{"href":"https:\/\/www.paranapraia.com.br\/index.php\/wp-json\/wp\/v2\/media?parent=22402"}],"wp:term":[{"taxonomy":"category","embeddable":true,"href":"https:\/\/www.paranapraia.com.br\/index.php\/wp-json\/wp\/v2\/categories?post=22402"},{"taxonomy":"post_tag","embeddable":true,"href":"https:\/\/www.paranapraia.com.br\/index.php\/wp-json\/wp\/v2\/tags?post=22402"}],"curies":[{"name":"wp","href":"https:\/\/api.w.org\/{rel}","templated":true}]}}