{"id":22396,"date":"2019-11-01T16:34:54","date_gmt":"2019-11-01T19:34:54","guid":{"rendered":"https:\/\/www.paranapraia.com.br\/?p=22396"},"modified":"2019-11-01T16:34:56","modified_gmt":"2019-11-01T19:34:56","slug":"com-a-terceira-menor-folha-salarial-parana-clube-tem-dia-de-desabafo","status":"publish","type":"post","link":"https:\/\/www.paranapraia.com.br\/index.php\/2019\/11\/01\/com-a-terceira-menor-folha-salarial-parana-clube-tem-dia-de-desabafo\/","title":{"rendered":"Com a terceira menor folha salarial, Paran\u00e1 Clube tem dia de desabafo"},"content":{"rendered":"\n<p>O Paran\u00e1 Clube teve um dia de desabafo. Nessa sexta-feira (dia 1\u00ba), o t\u00e9cnico Matheus Costa aproveitou a entrevista coletiva para rebater cr\u00edticas. Ele lembrou que dirige uma equipe com baixo or\u00e7amento e, mesmo assim, segue na briga pelo acesso.<\/p>\n\n\n\n<p>Segundo levantamento do jornalista Jorge Nicola, o Paran\u00e1 tem a terceira menor folha salarial da S\u00e9rie B de 2019.&nbsp;<a href=\"https:\/\/esportes.yahoo.com\/noticias\/tres-clubes-da-serie-a-tem-folhas-salariais-mais-altas-do-que-todos-os-times-da-serie-b-somados-122302681.html\">Clique aqui para ver<\/a>.<\/p>\n\n\n\n<p><strong><em>AS FOLHAS SALARIAIS DOS TIMES DA S\u00c9RIE B<\/em><\/strong><br><em>1\u00ba Coritiba \u2014 R$ 1,5 milh\u00e3o<\/em><br><em>2\u00ba Red Bull Bragantino \u2014 R$ 1,2 milh\u00e3o<\/em><br><em>2\u00ba Ponte Preta \u2014 R$ 1,2 milh\u00e3o<\/em><br><em>4\u00ba Sport \u2014 R$ 1,1 milh\u00e3o<\/em><br><em>5\u00ba Crici\u00fama \u2014 R$ 1 milh\u00e3o<\/em><br><em>6\u00ba Botafogo-SP \u2014 R$ 900 mil<\/em><br><em>6\u00ba Cuiab\u00e1 \u2014 R$ 900 mil<\/em><br><em>8\u00ba Vit\u00f3ria \u2014 R$ 800 mil<\/em><br><em>8\u00ba Atl\u00e9tico-GO \u2014 R$ 800 mil<\/em><br><em>10\u00ba Am\u00e9rica-MG \u2014 R$ 750 mil<\/em><br><em>11\u00ba Oper\u00e1rio \u2014 R$ 700 mil<\/em><br><em>11\u00ba Vila Nova \u2014 R$ 700 mil<\/em><br><em>13\u00ba Guarani \u2014 R$ 600 mil<\/em><br><em>14\u00ba Londrina \u2014 R$ 550 mil<\/em><br><em>14\u00ba Brasil-RS \u2014 R$ 550 mil<\/em><br><em>16\u00ba CRB \u2014 R$ 540 mil<\/em><br><em>17\u00ba Figueirense \u2014 R$ 520 mil<\/em><br><strong><em>18\u00ba Paran\u00e1 \u2014 R$ 500 mil<\/em><\/strong><br><em>19\u00ba S\u00e3o Bento \u2014 R$ 480 mil<\/em><br><em>19\u00ba Oeste \u2014 R$ 450 mil<\/em><\/p>\n\n\n\n<p>Nessa sexta-feira, Matheus Costa aproveitou para desabafar. \u201cVamos brigar at\u00e9 o fim. Muitos falaram que a gente brigaria para n\u00e3o cair. N\u00f3s estamos, na competi\u00e7\u00e3o inteira, brigando contra equipes que t\u00eam or\u00e7amento tr\u00eas, quatro ou cinco vezes maior, que t\u00eam bicho em vesti\u00e1rio p\u00f3s-jogo tr\u00eas, quatro ou cinco vezes maior. N\u00f3s, com essas dificuldades, estamos jogando de igual para igual com todo mundo. Poucos est\u00e3o acreditando nisso. E muitos n\u00e3o acreditam no nosso acesso, mas vamos continuar brigando\u201d, declarou o treinador.<\/p>\n\n\n\n<p>\u201cQuando eu cheguei aqui, muita gente falou que ia brigar para n\u00e3o cair. Desde que eu cheguei, tenho ouvido muitas cr\u00edticas, muitas mesmo. N\u00e3o s\u00f3 com rela\u00e7\u00e3o a mim, e pouca gente sabe o que eu venho fazendo por este clube. Muita gente fora do contexto interpreta e julga sem saber o que acontece aqui dentro, e eu venho escutando isso todo dia e isso s\u00f3 me d\u00e1 mais for\u00e7a para atingir este objetivo aqui dentro. Poucas pessoas sabem o quanto eu me dedico e o que eu fa\u00e7o aqui dentro deste clube\u201d, comentou Matheus Costa. \u201cNossos 41 atletas est\u00e3o com vontade de conseguir o acesso. Sei que tem um grupo grande de torcedores que me apoiam, mas muitos que n\u00e3o. Considero inadmiss\u00edvel o campeonato todo, o Paran\u00e1 Clube sempre a dois ou tr\u00eas pontos do G4, vir jogar na Vila Capanema e ter faixa \u2018fora Matheus\u2019\u201d, completou.<\/p>\n\n\n\n<p>Na S\u00e9rie B de 2019, o Paran\u00e1 tem m\u00e9dia de 4.588 pagantes na Vila Capanema. Em 2017, no ano do acesso \u00e0 primeira divis\u00e3o, a m\u00e9dia foi de 10.798. \u201cEste ano foi um ambiente muito conturbado. N\u00e3o tenho d\u00favida de que se fosse um ano como 2017, com uma m\u00e9dia de 10 ou 11 mil pessoas, n\u00f3s j\u00e1 estar\u00edamos em terceiro, j\u00e1 estar\u00edamos em quarto. Acredito muito nisso. Eu passei aqui, eu fui o treinador do acesso em 2017 e eu vi tudo o que foi constru\u00eddo e o apoio de 100% do torcedor que abra\u00e7ou realmente a causa\u201d, declarou o treinador.<\/p>\n\n\n\n<p>BemParana<\/p>\n","protected":false},"excerpt":{"rendered":"<p>O Paran\u00e1 Clube teve um dia de desabafo. Nessa sexta-feira (dia 1\u00ba), o t\u00e9cnico Matheus Costa aproveitou a entrevista coletiva para rebater cr\u00edticas. Ele lembrou que dirige uma equipe com baixo or\u00e7amento e, mesmo assim, segue na briga pelo acesso. Segundo levantamento do jornalista Jorge Nicola, o Paran\u00e1 tem a terceira menor folha salarial da [&hellip;]<\/p>\n","protected":false},"author":2,"featured_media":22397,"comment_status":"open","ping_status":"open","sticky":false,"template":"","format":"standard","meta":{"advanced_seo_description":"","jetpack_seo_html_title":"","jetpack_seo_noindex":false,"_jetpack_memberships_contains_paid_content":false,"footnotes":""},"categories":[37],"tags":[],"class_list":{"0":"post-22396","1":"post","2":"type-post","3":"status-publish","4":"format-standard","5":"has-post-thumbnail","7":"category-esporte"},"jetpack_featured_media_url":"https:\/\/www.paranapraia.com.br\/wp-content\/uploads\/2019\/11\/w3.jpeg","jetpack_sharing_enabled":true,"_links":{"self":[{"href":"https:\/\/www.paranapraia.com.br\/index.php\/wp-json\/wp\/v2\/posts\/22396"}],"collection":[{"href":"https:\/\/www.paranapraia.com.br\/index.php\/wp-json\/wp\/v2\/posts"}],"about":[{"href":"https:\/\/www.paranapraia.com.br\/index.php\/wp-json\/wp\/v2\/types\/post"}],"author":[{"embeddable":true,"href":"https:\/\/www.paranapraia.com.br\/index.php\/wp-json\/wp\/v2\/users\/2"}],"replies":[{"embeddable":true,"href":"https:\/\/www.paranapraia.com.br\/index.php\/wp-json\/wp\/v2\/comments?post=22396"}],"version-history":[{"count":1,"href":"https:\/\/www.paranapraia.com.br\/index.php\/wp-json\/wp\/v2\/posts\/22396\/revisions"}],"predecessor-version":[{"id":22398,"href":"https:\/\/www.paranapraia.com.br\/index.php\/wp-json\/wp\/v2\/posts\/22396\/revisions\/22398"}],"wp:featuredmedia":[{"embeddable":true,"href":"https:\/\/www.paranapraia.com.br\/index.php\/wp-json\/wp\/v2\/media\/22397"}],"wp:attachment":[{"href":"https:\/\/www.paranapraia.com.br\/index.php\/wp-json\/wp\/v2\/media?parent=22396"}],"wp:term":[{"taxonomy":"category","embeddable":true,"href":"https:\/\/www.paranapraia.com.br\/index.php\/wp-json\/wp\/v2\/categories?post=22396"},{"taxonomy":"post_tag","embeddable":true,"href":"https:\/\/www.paranapraia.com.br\/index.php\/wp-json\/wp\/v2\/tags?post=22396"}],"curies":[{"name":"wp","href":"https:\/\/api.w.org\/{rel}","templated":true}]}}