{"id":22393,"date":"2019-11-01T16:34:04","date_gmt":"2019-11-01T19:34:04","guid":{"rendered":"https:\/\/www.paranapraia.com.br\/?p=22393"},"modified":"2019-11-01T16:34:06","modified_gmt":"2019-11-01T19:34:06","slug":"caso-marielle-pericia-nos-audios-do-condominio-foi-feita-em-apenas-2h25","status":"publish","type":"post","link":"https:\/\/www.paranapraia.com.br\/index.php\/2019\/11\/01\/caso-marielle-pericia-nos-audios-do-condominio-foi-feita-em-apenas-2h25\/","title":{"rendered":"Caso Marielle: per\u00edcia nos \u00e1udios do condom\u00ednio foi feita em apenas 2h25"},"content":{"rendered":"\n<p>A per\u00edcia nos \u00e1udios dos interfones do Condom\u00ednio Vivendas da Barra no dia do assassinato da vereadora Marielle Franco s\u00f3 foi feita um dia ap\u00f3s a divulga\u00e7\u00e3o do caso pelo&nbsp;<em>Jornal Nacional<\/em>, da TV Globo, e ficou pronta em cerca de 2h25, destaca o jornal&nbsp;<strong>O Estado de S. Paulo<\/strong>. A an\u00e1lise das conversas entre um funcion\u00e1rio da portaria e moradores da casa 65\/66 foi solicitada oficialmente \u00e0s 13h05m11s de quarta-feira, 30. Por volta das 15h30, ap\u00f3s a per\u00edcia, o Minist\u00e9rio P\u00fablico (MP) afirmou que o porteiro mentiu ao dizer, em depoimento, que um dos acusados do homic\u00eddio, Elcio Queiroz, havia pedido para ir na casa 58, que pertence ao presidente Jair Bolsonaro.<\/p>\n\n\n\n<p>Al\u00e9m disso, todas as sete perguntas feitas pelo MP para os peritos fazem refer\u00eancia \u00e0 casa 65\/66, de Ronnie Lessa, acusado de participar do crime junto com Queiroz. Os dois est\u00e3o presos desde mar\u00e7o de 2019. No of\u00edcio do MP, encaminhado na quarta \u00e0 coordenadora de Seguran\u00e7a e Intelig\u00eancia do MP do Rio, Elisa Fraga de Rego Monteiro, n\u00e3o h\u00e1 nenhuma quest\u00e3o sobre a casa 58 &#8211; como \u00e9 presidente, Bolsonaro s\u00f3 pode ser investigado com autoriza\u00e7\u00e3o do Supremo Tribunal Federal.<\/p>\n\n\n\n<p>Em entrevista ao&nbsp;<em>Jornal Nacional<\/em>&nbsp;na noite de quarta-feira, o procurador-geral da Rep\u00fablica, Augusto Aras, disse que, &#8220;provavelmente&#8221; no mesmo dia analisou e arquivou informa\u00e7\u00f5es sobre a suspeita de que Bolsonaro autorizou a entrada de um suspeito de matar Marielle no condom\u00ednio onde tem uma casa.<\/p>\n\n\n\n<p>O MP tem os \u00e1udios com as conversas entre a portaria e as casas pelo menos desde o dia 14 de outubro. Durante a entrevista coletiva de quarta, promotoras do Grupo de Atua\u00e7\u00e3o Especializada no Combate ao Crime Organizado (Gaeco) disseram que os \u00e1udios da portaria mostram que a autoriza\u00e7\u00e3o para Queiroz entrar no condom\u00ednio foi dada por Lessa e afirmaram que n\u00e3o havia qualquer grava\u00e7\u00e3o da suposta conversa entre o porteiro e algum morador da casa 58.<\/p>\n\n\n\n<p>Sobre a possibilidade de algum \u00e1udio do computador da portaria ter sido exclu\u00eddo ou renomeado, o MP respondeu na noite de quinta-feira: &#8220;Na m\u00eddia enviada n\u00e3o h\u00e1 ind\u00edcios de adultera\u00e7\u00e3o no dia 14\/03 ou qualquer outro dia dos analisados entre os meses de janeiro e mar\u00e7o. Todos os registros de entrada constantes nas planilhas foram confrontados com os registros de voz&#8221;.<\/p>\n\n\n\n<p>A integridade da grava\u00e7\u00e3o e a possibilidade de adultera\u00e7\u00e3o \u00e9 a primeira das seis perguntas feitas pelas promotoras aos peritos. Elas tamb\u00e9m perguntam se a voz que autoriza a entrada de Queiroz \u00e9 mesmo de Lessa e pedem todas as liga\u00e7\u00f5es atendidas pelo suspeito.<\/p>\n\n\n\n<p>Na mesma nota, o MP confirmou que formalizou os quesitos da per\u00edcia no dia 30, mas que o material tinha sido enviado para an\u00e1lise em 15 de outubro.<\/p>\n\n\n\n<p>Na ter\u00e7a-feira, reportagem do&nbsp;<em>Jornal Nacional<\/em>&nbsp;mostrou que Queiroz teria pedido para ir \u00e0 casa 58 quando chegou ao condom\u00ednio, horas antes do assassinato de Marielle. Ainda segundo o JN, o porteiro teria anotado que &#8220;seu Jair&#8221; dera autoriza\u00e7\u00e3o para que o suspeito entrasse. Bolsonaro estava em Bras\u00edlia no dia. O&nbsp;<strong>Estado<\/strong>&nbsp;n\u00e3o teve acesso ao livro de ocorr\u00eancias do condom\u00ednio, onde estariam as anota\u00e7\u00f5es do porteiro.<\/p>\n\n\n\n<p><strong>Promotora<\/strong><\/p>\n\n\n\n<p>Uma das promotoras do Minist\u00e9rio P\u00fablico do Rio que investigam o assassinato da vereadora Marielle Franco fez publica\u00e7\u00f5es de apoio ao presidente Jair Bolsonaro nas redes sociais e j\u00e1 postou foto com o deputado estadual Rodrigo Amorim (PSL), conhecido por quebrar uma placa com o nome da vereadora. Carmen Eliza Bastos de Carvalho participou nesta quinta-feira, 31, da coletiva de imprensa na qual o MP afirmou que o porteiro do condom\u00ednio Vivendas da Barra mentiu ao relacionar Bolsonaro com Elcio Vieira de Queiroz, um dos r\u00e9us presos por envolvimento no crime. As informa\u00e7\u00f5es s\u00e3o do jornal\u00a0<strong>O Estado de S. Paulo.<\/strong><\/p>\n\n\n\n<p>BemParana<\/p>\n","protected":false},"excerpt":{"rendered":"<p>A per\u00edcia nos \u00e1udios dos interfones do Condom\u00ednio Vivendas da Barra no dia do assassinato da vereadora Marielle Franco s\u00f3 foi feita um dia ap\u00f3s a divulga\u00e7\u00e3o do caso pelo&nbsp;Jornal Nacional, da TV Globo, e ficou pronta em cerca de 2h25, destaca o jornal&nbsp;O Estado de S. Paulo. A an\u00e1lise das conversas entre um funcion\u00e1rio [&hellip;]<\/p>\n","protected":false},"author":2,"featured_media":22394,"comment_status":"open","ping_status":"open","sticky":false,"template":"","format":"standard","meta":{"advanced_seo_description":"","jetpack_seo_html_title":"","jetpack_seo_noindex":false,"_jetpack_memberships_contains_paid_content":false,"footnotes":""},"categories":[33],"tags":[],"class_list":{"0":"post-22393","1":"post","2":"type-post","3":"status-publish","4":"format-standard","5":"has-post-thumbnail","7":"category-policia"},"jetpack_featured_media_url":"https:\/\/www.paranapraia.com.br\/wp-content\/uploads\/2019\/11\/kkk.jpg","jetpack_sharing_enabled":true,"_links":{"self":[{"href":"https:\/\/www.paranapraia.com.br\/index.php\/wp-json\/wp\/v2\/posts\/22393"}],"collection":[{"href":"https:\/\/www.paranapraia.com.br\/index.php\/wp-json\/wp\/v2\/posts"}],"about":[{"href":"https:\/\/www.paranapraia.com.br\/index.php\/wp-json\/wp\/v2\/types\/post"}],"author":[{"embeddable":true,"href":"https:\/\/www.paranapraia.com.br\/index.php\/wp-json\/wp\/v2\/users\/2"}],"replies":[{"embeddable":true,"href":"https:\/\/www.paranapraia.com.br\/index.php\/wp-json\/wp\/v2\/comments?post=22393"}],"version-history":[{"count":1,"href":"https:\/\/www.paranapraia.com.br\/index.php\/wp-json\/wp\/v2\/posts\/22393\/revisions"}],"predecessor-version":[{"id":22395,"href":"https:\/\/www.paranapraia.com.br\/index.php\/wp-json\/wp\/v2\/posts\/22393\/revisions\/22395"}],"wp:featuredmedia":[{"embeddable":true,"href":"https:\/\/www.paranapraia.com.br\/index.php\/wp-json\/wp\/v2\/media\/22394"}],"wp:attachment":[{"href":"https:\/\/www.paranapraia.com.br\/index.php\/wp-json\/wp\/v2\/media?parent=22393"}],"wp:term":[{"taxonomy":"category","embeddable":true,"href":"https:\/\/www.paranapraia.com.br\/index.php\/wp-json\/wp\/v2\/categories?post=22393"},{"taxonomy":"post_tag","embeddable":true,"href":"https:\/\/www.paranapraia.com.br\/index.php\/wp-json\/wp\/v2\/tags?post=22393"}],"curies":[{"name":"wp","href":"https:\/\/api.w.org\/{rel}","templated":true}]}}