{"id":22390,"date":"2019-11-01T16:33:11","date_gmt":"2019-11-01T19:33:11","guid":{"rendered":"https:\/\/www.paranapraia.com.br\/?p=22390"},"modified":"2019-11-01T16:33:13","modified_gmt":"2019-11-01T19:33:13","slug":"bouboulina-e-o-nome-navio-grego-suspeito-de-vazar-oleo-na-costa-nordestina","status":"publish","type":"post","link":"https:\/\/www.paranapraia.com.br\/index.php\/2019\/11\/01\/bouboulina-e-o-nome-navio-grego-suspeito-de-vazar-oleo-na-costa-nordestina\/","title":{"rendered":"Bouboulina \u00e9 o nome navio grego suspeito de vazar \u00f3leo na costa nordestina"},"content":{"rendered":"\n<p>Boubalina \u00e9 o nome do navio petroleiro de bandeira grega supostamente respons\u00e1vel pelo derramamento de \u00f3leo que atinge a costa nordestina. De propriedade da Delta Tankers, a identifica\u00e7\u00e3o do navio mercante motivou a Opera\u00e7\u00e3o M\u00e1cula, deflagrada na manh\u00e3 desta sexta-feira, dia 1\u00ba, pela Pol\u00edcia Federal, por ordem do juiz Francisco Eduardo Guimar\u00e3es, da 14\u00aa Vara Federal de Natal.<\/p>\n\n\n\n<p>A a\u00e7\u00e3o cumpre dois mandados de busca e apreens\u00e3o no Rio de Janeiro &#8211; nos endere\u00e7os da Lachmann Ag\u00eancia Mar\u00edtima e da empresa Witt O Brien\u0092s. As companhias teriam rela\u00e7\u00e3o com o navio petroleiro de bandeira grega.<\/p>\n\n\n\n<p>Segundo o delegado Agostinho Cascardo, um dos respons\u00e1veis pela investiga\u00e7\u00e3o no Rio Grande do Norte, as empresas n\u00e3o s\u00e3o suspeitas em princ\u00edpio, mas podem ter arquivos, informa\u00e7\u00f5es e dados que sejam \u00fateis \u00e0s investiga\u00e7\u00f5es. A reportagem tenta contato com representantes da Delta Tankers, Lachmann Ag\u00eancia Mar\u00edtima e Witt o Brien\u0092s. O espa\u00e7o est\u00e1 aberto para as manifesta\u00e7\u00f5es.<\/p>\n\n\n\n<p>A PF&nbsp; deflagrou nesta sexta-feira, dia 1\u00ba, a Opera\u00e7\u00e3o M\u00e1cula para apurar a origem e autoria do derramamento de \u00f3leo que atingiu mais de 250 praias nordestinas brasileiras. A a\u00e7\u00e3o cumpre dois mandados de busca e apreens\u00e3o no Rio de Janeiro, em uma ag\u00eancia mar\u00edtima e na sede de representantes de uma empresa grega. A companhia seria respons\u00e1vel por um navio mercante que \u00e9 apontado como origem da mancha de \u00f3leo que atinge a costa nordestina. As ordens foram expedidas pela 14\u00aa Vara Federal Criminal de Natal (RN).<\/p>\n\n\n\n<p>A Pol\u00edcia Federal informou que a partir da localiza\u00e7\u00e3o da mancha inicial de petr\u00f3leo cru, a aproximadamente 700 km da costa brasileira, foi poss\u00edvel identificar um \u00fanico navio petroleiro que navegou pela \u00e1rea suspeita entre os dias 28 e 29 de julho.<\/p>\n\n\n\n<p>Segundo o Minist\u00e9rio P\u00fablico Federal, o inqu\u00e9rito Policial teve acesso a imagens de sat\u00e9lite que partiram das praias atingidas at\u00e9 o ponto de origem. O relat\u00f3rio de detec\u00e7\u00e3o de manchas de \u00f3leo indicou uma mancha original, do dia 29 de julho, e fragmentos se movendo em dire\u00e7\u00e3o \u00e0 costa brasileira.<\/p>\n\n\n\n<p>Com informa\u00e7\u00f5es da Marinha, a Diretoria de Intelig\u00eancia Policial da PF concluiu que &#8220;n\u00e3o h\u00e1 indica\u00e7\u00e3o de outro navio (\u0085) que poderia ter vazado ou despejado \u00f3leo, proveniente da Venezuela&#8221;. Ainda de acordo com a Marinha, esse mesmo navio ficou detido nos Estados Unidos por quatro dias, devido a &#8220;incorre\u00e7\u00f5es de procedimentos operacionais no sistema de separa\u00e7\u00e3o de \u00e1gua e \u00f3leo para descarga no mar&#8221;.<\/p>\n\n\n\n<p>A embarca\u00e7\u00e3o, de bandeira grega, atracou na Venezuela em 15 de julho, l\u00e1 permaneceu por tr\u00eas dias, e seguiu rumo a Cingapura, pelo Oceano Atl\u00e2ntico, vindo a aportar apenas na \u00c1frica do Sul. O derramamento investigado teria ocorrido nesse deslocamento, diz a PF.<\/p>\n\n\n\n<p>Para os procuradores da Rep\u00fablica Cibele Benevides e Victor Mariz, &#8220;h\u00e1 fortes ind\u00edcios de que a (empresa), o comandante e tripula\u00e7\u00e3o do navio deixaram de comunicar \u00e0s autoridades competentes acerca do vazamento\/lan\u00e7amento de petr\u00f3leo cru no Oceano Atl\u00e2ntico.&#8221; Para eles, &#8220;a medida de busca e apreens\u00e3o mostra-se necess\u00e1ria e de urg\u00eancia&#8221;, para a coleta de documentos que auxiliem no esclarecimento dos fatos.<\/p>\n\n\n\n<p>Segundo a corpora\u00e7\u00e3o, o navio grego est\u00e1 vinculado, inicialmente, \u00e0 empresa de mesma nacionalidade, mas ainda n\u00e3o h\u00e1 dados sobre a propriedade do petr\u00f3leo transportado pela embarca\u00e7\u00e3o identificada, e por isso h\u00e1 a necessidade de continuar a apura\u00e7\u00e3o.<\/p>\n\n\n\n<p>As investiga\u00e7\u00f5es ocorreram em a\u00e7\u00e3o integrada com a Marinha do Brasil, o Minist\u00e9rio P\u00fablico Federal, o Ibama &#8211; Instituto Brasileiro de Meio Ambiente, a Ag\u00eancia Nacional do Petr\u00f3leo, a Universidade Federal da Bahia, a Universidade de Bras\u00edlia e a Universidade Estadual do Cear\u00e1 &#8211; al\u00e9m do apoio espont\u00e2neo de uma empresa privada do ramo de geointelig\u00eancia.<\/p>\n\n\n\n<p>A Pol\u00edcia Federal indicou ainda que solicitou dilig\u00eancias em outros pa\u00edses pelo canal Interpol a fim de obter dados adicionais sobre a embarca\u00e7\u00e3o, tripula\u00e7\u00e3o e empresa respons\u00e1vel.<\/p>\n\n\n\n<p>A PF informou que, paralelamente, realiza exames periciais no material recolhido em todos os Estados brasileiros atingidos, bem como exames em animais mortos, j\u00e1 havendo a constata\u00e7\u00e3o de asfixia por \u00f3leo, assim como a similaridade de origem entre as amostras.<\/p>\n\n\n\n<p>De acordo com a corpora\u00e7\u00e3o, a opera\u00e7\u00e3o foi denominada &#8220;M\u00e1cula&#8221; pois a palavra significa sujeira e impureza.<\/p>\n\n\n\n<p>BemParana<\/p>\n","protected":false},"excerpt":{"rendered":"<p>Boubalina \u00e9 o nome do navio petroleiro de bandeira grega supostamente respons\u00e1vel pelo derramamento de \u00f3leo que atinge a costa nordestina. De propriedade da Delta Tankers, a identifica\u00e7\u00e3o do navio mercante motivou a Opera\u00e7\u00e3o M\u00e1cula, deflagrada na manh\u00e3 desta sexta-feira, dia 1\u00ba, pela Pol\u00edcia Federal, por ordem do juiz Francisco Eduardo Guimar\u00e3es, da 14\u00aa Vara [&hellip;]<\/p>\n","protected":false},"author":2,"featured_media":22391,"comment_status":"open","ping_status":"open","sticky":false,"template":"","format":"standard","meta":{"advanced_seo_description":"","jetpack_seo_html_title":"","jetpack_seo_noindex":false,"_jetpack_memberships_contains_paid_content":false,"footnotes":""},"categories":[43],"tags":[],"class_list":{"0":"post-22390","1":"post","2":"type-post","3":"status-publish","4":"format-standard","5":"has-post-thumbnail","7":"category-cotidiano"},"jetpack_featured_media_url":"https:\/\/www.paranapraia.com.br\/wp-content\/uploads\/2019\/11\/mn.jpg","jetpack_sharing_enabled":true,"_links":{"self":[{"href":"https:\/\/www.paranapraia.com.br\/index.php\/wp-json\/wp\/v2\/posts\/22390"}],"collection":[{"href":"https:\/\/www.paranapraia.com.br\/index.php\/wp-json\/wp\/v2\/posts"}],"about":[{"href":"https:\/\/www.paranapraia.com.br\/index.php\/wp-json\/wp\/v2\/types\/post"}],"author":[{"embeddable":true,"href":"https:\/\/www.paranapraia.com.br\/index.php\/wp-json\/wp\/v2\/users\/2"}],"replies":[{"embeddable":true,"href":"https:\/\/www.paranapraia.com.br\/index.php\/wp-json\/wp\/v2\/comments?post=22390"}],"version-history":[{"count":1,"href":"https:\/\/www.paranapraia.com.br\/index.php\/wp-json\/wp\/v2\/posts\/22390\/revisions"}],"predecessor-version":[{"id":22392,"href":"https:\/\/www.paranapraia.com.br\/index.php\/wp-json\/wp\/v2\/posts\/22390\/revisions\/22392"}],"wp:featuredmedia":[{"embeddable":true,"href":"https:\/\/www.paranapraia.com.br\/index.php\/wp-json\/wp\/v2\/media\/22391"}],"wp:attachment":[{"href":"https:\/\/www.paranapraia.com.br\/index.php\/wp-json\/wp\/v2\/media?parent=22390"}],"wp:term":[{"taxonomy":"category","embeddable":true,"href":"https:\/\/www.paranapraia.com.br\/index.php\/wp-json\/wp\/v2\/categories?post=22390"},{"taxonomy":"post_tag","embeddable":true,"href":"https:\/\/www.paranapraia.com.br\/index.php\/wp-json\/wp\/v2\/tags?post=22390"}],"curies":[{"name":"wp","href":"https:\/\/api.w.org\/{rel}","templated":true}]}}