{"id":22386,"date":"2019-11-01T12:55:42","date_gmt":"2019-11-01T15:55:42","guid":{"rendered":"https:\/\/www.paranapraia.com.br\/?p=22386"},"modified":"2019-11-01T12:55:43","modified_gmt":"2019-11-01T15:55:43","slug":"com-fone-de-ouvido-ciclista-e-atingido-por-biarticulado-no-cristo-rei","status":"publish","type":"post","link":"https:\/\/www.paranapraia.com.br\/index.php\/2019\/11\/01\/com-fone-de-ouvido-ciclista-e-atingido-por-biarticulado-no-cristo-rei\/","title":{"rendered":"Com fone de ouvido, ciclista \u00e9 atingido por biarticulado no Cristo Rei"},"content":{"rendered":"\n<h4 class=\"wp-block-heading\">O ciclista foi encaminhado ao hospital com ferimentos graves<\/h4>\n\n\n\n<p>Um ciclista de 43 anos foi atingido por um\u00a0 \u00f4nibus biarticulado na manh\u00e3 desta sexta-feira (1\u00ba), no bairro Cristo Rei, em Curitiba. O acidente ocorreu por volta das 7h10 no cruzamento da Avenida Presidente Affonso Camargo com a Rua Schiller, na regi\u00e3o da rodoferrovi\u00e1ria. O ciclista foi encaminhado ao hospital com ferimentos graves.<\/p>\n\n\n\n<p>Testemunhas disseram que o ciclista estava com fone de ouvido no momento em que atravessou a canaleta de \u00f4nibus, fora da faixa vermelha pr\u00f3pria para bicicletas. O biarticulado da linha Centen\u00e1rio\/Campo Comprido, atingiu o homem com a parte da frente. Ele acabou caindo.<\/p>\n\n\n\n<p><br><\/p>\n\n\n\n<p>\u201cO que levantamos \u00e9 que o ciclista atravessou na contram\u00e3o a canaleta fora da faixa. Ele vinha pela Rua Schiller. O motorista do \u00f4nibus ainda tentou desviar, mas acabou o atingindo. Ele estava sem capacete e usando fones de ouvido\u201d, disse o soldado Anderson Medeiras, do BPTran.<\/p>\n\n\n\n<p>De acordo com os socorristas, o ciclista teve afundamento de cr\u00e2nio e outros ferimentos no rosto. N\u00e3o se sabe se a utiliza\u00e7\u00e3o do fone de ouvido causou a distra\u00e7\u00e3o.<\/p>\n\n\n\n<p>BandaB<\/p>\n\n\n\n<p><br><\/p>\n","protected":false},"excerpt":{"rendered":"<p>O ciclista foi encaminhado ao hospital com ferimentos graves Um ciclista de 43 anos foi atingido por um\u00a0 \u00f4nibus biarticulado na manh\u00e3 desta sexta-feira (1\u00ba), no bairro Cristo Rei, em Curitiba. O acidente ocorreu por volta das 7h10 no cruzamento da Avenida Presidente Affonso Camargo com a Rua Schiller, na regi\u00e3o da rodoferrovi\u00e1ria. O ciclista [&hellip;]<\/p>\n","protected":false},"author":2,"featured_media":22387,"comment_status":"open","ping_status":"open","sticky":false,"template":"","format":"standard","meta":{"advanced_seo_description":"","jetpack_seo_html_title":"","jetpack_seo_noindex":false,"_jetpack_memberships_contains_paid_content":false,"footnotes":""},"categories":[52],"tags":[],"class_list":{"0":"post-22386","1":"post","2":"type-post","3":"status-publish","4":"format-standard","5":"has-post-thumbnail","7":"category-acidentes"},"jetpack_featured_media_url":"https:\/\/www.paranapraia.com.br\/wp-content\/uploads\/2019\/11\/ciclista2.jpg","jetpack_sharing_enabled":true,"_links":{"self":[{"href":"https:\/\/www.paranapraia.com.br\/index.php\/wp-json\/wp\/v2\/posts\/22386"}],"collection":[{"href":"https:\/\/www.paranapraia.com.br\/index.php\/wp-json\/wp\/v2\/posts"}],"about":[{"href":"https:\/\/www.paranapraia.com.br\/index.php\/wp-json\/wp\/v2\/types\/post"}],"author":[{"embeddable":true,"href":"https:\/\/www.paranapraia.com.br\/index.php\/wp-json\/wp\/v2\/users\/2"}],"replies":[{"embeddable":true,"href":"https:\/\/www.paranapraia.com.br\/index.php\/wp-json\/wp\/v2\/comments?post=22386"}],"version-history":[{"count":1,"href":"https:\/\/www.paranapraia.com.br\/index.php\/wp-json\/wp\/v2\/posts\/22386\/revisions"}],"predecessor-version":[{"id":22388,"href":"https:\/\/www.paranapraia.com.br\/index.php\/wp-json\/wp\/v2\/posts\/22386\/revisions\/22388"}],"wp:featuredmedia":[{"embeddable":true,"href":"https:\/\/www.paranapraia.com.br\/index.php\/wp-json\/wp\/v2\/media\/22387"}],"wp:attachment":[{"href":"https:\/\/www.paranapraia.com.br\/index.php\/wp-json\/wp\/v2\/media?parent=22386"}],"wp:term":[{"taxonomy":"category","embeddable":true,"href":"https:\/\/www.paranapraia.com.br\/index.php\/wp-json\/wp\/v2\/categories?post=22386"},{"taxonomy":"post_tag","embeddable":true,"href":"https:\/\/www.paranapraia.com.br\/index.php\/wp-json\/wp\/v2\/tags?post=22386"}],"curies":[{"name":"wp","href":"https:\/\/api.w.org\/{rel}","templated":true}]}}