{"id":22380,"date":"2019-11-01T12:49:45","date_gmt":"2019-11-01T15:49:45","guid":{"rendered":"https:\/\/www.paranapraia.com.br\/?p=22380"},"modified":"2019-11-01T12:49:46","modified_gmt":"2019-11-01T15:49:46","slug":"pais-homenageiam-filho-de-13-anos-com-estatua-no-cemiterio-de-maringa","status":"publish","type":"post","link":"https:\/\/www.paranapraia.com.br\/index.php\/2019\/11\/01\/pais-homenageiam-filho-de-13-anos-com-estatua-no-cemiterio-de-maringa\/","title":{"rendered":"Pais homenageiam filho de 13 anos com est\u00e1tua no cemit\u00e9rio de Maring\u00e1"},"content":{"rendered":"\n<h4 class=\"wp-block-heading\">Um de seus bra\u00e7os aponta para o c\u00e9u, simbolizando liberdade<\/h4>\n\n\n\n<p>Desde ter\u00e7a-feira (28) um t\u00famulo do Cemit\u00e9rio Municipal de Maring\u00e1 tem chamado bastante aten\u00e7\u00e3o. Al\u00e9m de ter a foto de uma crian\u00e7a e muitos vasos de ores, sobre ele h\u00e1 uma est\u00e1tua de um menino que est\u00e1 em p\u00e9 em uma cadeira de rodas. Um de seus bra\u00e7os aponta para o c\u00e9u, simbolizando liberdade.<\/p>\n\n\n\n<p>\u201c\u00c9 como se ele tivesse se libertado de toda a enfermidade que tinha. Agora est\u00e1 num lugar melhor onde n\u00e3o ter dor. Ele corre, brinca, anda, fala, come e faz tudo o que ele n\u00e3o fez aqui nesse mundo\u201d, conta a m\u00e3e Tatiana Patricia Am\u00e2ncio da Silva, de 36 anos.<\/p>\n\n\n\n<p>Quando Guilherme nasceu, a fam\u00edlia e nem os m\u00e9dicos imaginavam que ele seria portador de tr\u00eas doen\u00e7as graves: paralisia cerebral, hidrocefalia e s\u00edndrome de West. O beb\u00ea veio ao mundo com 38 semanas e de parto normal. Cerca de 18 horas ap\u00f3s o nascimento, sofreu convuls\u00f5es e precisou ser entubado. Foi a\u00ed que a fam\u00edlia recebeu a not\u00edcia de que ele tinha as tr\u00eas doen\u00e7as graves.<\/p>\n\n\n\n<p>Guilherme morreu aos 13 anos no dia 21 de junho deste ano. Depois de muitas idas e vindas a hospitais passando por cirurgias, sofreu uma parada cardiorrespirat\u00f3ria e n\u00e3o resistiu.<\/p>\n\n\n\n<p>Deixou a m\u00e3e, o pai e uma irm\u00e3 de 6 anos. A fam\u00edlia passou por 13 anos de muita luta. Guilherme chegou a ter cerca de 20 convuls\u00f5es diariamente em raz\u00e3o das doen\u00e7as.<\/p>\n\n\n\n<p>BandaB<\/p>\n\n\n\n<p><br><\/p>\n","protected":false},"excerpt":{"rendered":"<p>Um de seus bra\u00e7os aponta para o c\u00e9u, simbolizando liberdade Desde ter\u00e7a-feira (28) um t\u00famulo do Cemit\u00e9rio Municipal de Maring\u00e1 tem chamado bastante aten\u00e7\u00e3o. Al\u00e9m de ter a foto de uma crian\u00e7a e muitos vasos de ores, sobre ele h\u00e1 uma est\u00e1tua de um menino que est\u00e1 em p\u00e9 em uma cadeira de rodas. Um [&hellip;]<\/p>\n","protected":false},"author":2,"featured_media":22381,"comment_status":"open","ping_status":"open","sticky":false,"template":"","format":"standard","meta":{"advanced_seo_description":"","jetpack_seo_html_title":"","jetpack_seo_noindex":false,"_jetpack_memberships_contains_paid_content":false,"footnotes":""},"categories":[42],"tags":[],"class_list":{"0":"post-22380","1":"post","2":"type-post","3":"status-publish","4":"format-standard","5":"has-post-thumbnail","7":"category-cidades"},"jetpack_featured_media_url":"https:\/\/www.paranapraia.com.br\/wp-content\/uploads\/2019\/11\/cemit\u00e9rio.jpg","jetpack_sharing_enabled":true,"_links":{"self":[{"href":"https:\/\/www.paranapraia.com.br\/index.php\/wp-json\/wp\/v2\/posts\/22380"}],"collection":[{"href":"https:\/\/www.paranapraia.com.br\/index.php\/wp-json\/wp\/v2\/posts"}],"about":[{"href":"https:\/\/www.paranapraia.com.br\/index.php\/wp-json\/wp\/v2\/types\/post"}],"author":[{"embeddable":true,"href":"https:\/\/www.paranapraia.com.br\/index.php\/wp-json\/wp\/v2\/users\/2"}],"replies":[{"embeddable":true,"href":"https:\/\/www.paranapraia.com.br\/index.php\/wp-json\/wp\/v2\/comments?post=22380"}],"version-history":[{"count":1,"href":"https:\/\/www.paranapraia.com.br\/index.php\/wp-json\/wp\/v2\/posts\/22380\/revisions"}],"predecessor-version":[{"id":22382,"href":"https:\/\/www.paranapraia.com.br\/index.php\/wp-json\/wp\/v2\/posts\/22380\/revisions\/22382"}],"wp:featuredmedia":[{"embeddable":true,"href":"https:\/\/www.paranapraia.com.br\/index.php\/wp-json\/wp\/v2\/media\/22381"}],"wp:attachment":[{"href":"https:\/\/www.paranapraia.com.br\/index.php\/wp-json\/wp\/v2\/media?parent=22380"}],"wp:term":[{"taxonomy":"category","embeddable":true,"href":"https:\/\/www.paranapraia.com.br\/index.php\/wp-json\/wp\/v2\/categories?post=22380"},{"taxonomy":"post_tag","embeddable":true,"href":"https:\/\/www.paranapraia.com.br\/index.php\/wp-json\/wp\/v2\/tags?post=22380"}],"curies":[{"name":"wp","href":"https:\/\/api.w.org\/{rel}","templated":true}]}}