{"id":22377,"date":"2019-11-01T12:47:57","date_gmt":"2019-11-01T15:47:57","guid":{"rendered":"https:\/\/www.paranapraia.com.br\/?p=22377"},"modified":"2019-11-01T12:47:58","modified_gmt":"2019-11-01T15:47:58","slug":"namorada-de-montanhista-conta-como-encontrou-o-corpo-ao-lado-de-pedra-em-formato-de-biblia","status":"publish","type":"post","link":"https:\/\/www.paranapraia.com.br\/index.php\/2019\/11\/01\/namorada-de-montanhista-conta-como-encontrou-o-corpo-ao-lado-de-pedra-em-formato-de-biblia\/","title":{"rendered":"Namorada de montanhista conta como encontrou o corpo ao lado de pedra em formato de B\u00edblia"},"content":{"rendered":"\n<h4 class=\"wp-block-heading\">Fam\u00edlia conseguiu dinheiro para trazer o corpo para o Brasil<\/h4>\n\n\n\n<p>A namorada do montanhista paranaense morto picado por uma cobra durante uma trilha em um morro no Panam\u00e1 no domingo (27) disse que o encontrou ca\u00eddo em uma pedra em formato de B\u00edblia. Sandro Godoy, de 45 anos, foi picado ao tentar socorrer a namorada, Queila Souza, que sofreu uma queda durante o percurso. Em entrevista \u00e0 Banda B por telefone, ainda no Panam\u00e1, Queila disse que n\u00e3o lembra como caiu, mas se recorda muito bem do momento em que viu que o namorado estava morto.<\/p>\n\n\n\n<p>\u201cDepois que passei a noite l\u00e1 embaixo, ap\u00f3s ter ca\u00eddo, consegui subir quando amanheceu o dia e, ao chegar na trilha, de volta, o vi deitado numa pedra em formato de B\u00edblia. Achei que estivesse dormindo e disse: \u201cOh Neg\u00e3o, voltei!\u201d, mas ele n\u00e3o respondeu. Quando mexi nele, estava frio e com a m\u00e3o roxa, com sangue escorrendo. N\u00e3o tinha pulsa\u00e7\u00e3o e estava frio. Foi um desespero\u201d, contou Queila.<\/p>\n\n\n\n<p>A namorada contou que eles j\u00e1 tinham feito esta trilha no ano passado. \u201c\u00c9 uma trilha f\u00e1cil, com montanhas baixas. Chegamos ao topo por volta das 14 horas, cerca de duas depois que sa\u00edmos para a caminhada. L\u00e1 em cima estava nublado. Comemos e descemos. Da\u00ed n\u00e3o me lembro de mais nada. Acho que ca\u00ed e perdi a consci\u00eancia. Acordei de madrugada. Como estava muito escuro, resolvi esperar amanhecer porque fiquei com medo de caminahr e cair de novo. Quando amanheceu, subi e vi minha mochila\u201d, disse.<\/p>\n\n\n\n<p>Queila lembra que, assim que viu o corpo, desceu at\u00e9 a estrada e pediu ajuda. \u201cUm motorista parou e me levou at\u00e9 os bombeiros. Depois voltamos para buscar o corpo. Fiquei l\u00e1 embaixo porque estava muito fraca. Tudo isso \u00e9 muito triste. O Sandro era uma pessoa do bem, com sobrenome bondade. tenho certeza que est\u00e1 num bom lugar\u201d, completou.<\/p>\n\n\n\n<p>O corpo<br>\nA fam\u00edlia do montanhista curitibano conseguiu arrecadar os R$ 32 mil para trazer o corpo dele para o Brasil. A fam\u00edlia estava com dificuldades para o transporte, devido ao valor.<\/p>\n\n\n\n<p>Sobrinha de Sandro, Andrieli Godoy, relatou a emo\u00e7\u00e3o da fam\u00edlia ao ver que o tio tinha tantos amigos. \u201cConseguimos chegar ao objetivo por causa das amizades, pois as pessoas que nos procurava eram amigas dele. Teve outras pessoas que contribu\u00edram e aben\u00e7oaram nossa vida, mas os la\u00e7os de amizade dele eram grandes. Ele era um cara fant\u00e1stico\u201d, disse.<\/p>\n\n\n\n<p>Com objetivo de arrecadar o dinheiro, um grupo de amigos e familiares passou a vender garrafas de \u00e1gua na Rua Jo\u00e3o Bettega, bairro Port\u00e3o. \u201cA mobiliza\u00e7\u00e3o das pessoas foi incr\u00edvel. N\u00e3o sab\u00edamos o poder que isso alcan\u00e7aria. Foi muito emocionante\u201d, contou.<\/p>\n\n\n\n<p>A previs\u00e3o para o corpo de Sandro vir para o Brasil ainda \u00e9 incerta. A sobrinha apenas confirmou o local do vel\u00f3rio, que ser\u00e1 na Igreja Vila Rosinha, no bairro Fazendinha. \u201cN\u00e3o sabemos hor\u00e1rio e nem data. Prov\u00e1vel que teremos essas informa\u00e7\u00f5es ainda hoje. Em breve teremos e vamos divulgar para quem quiser participar do vel\u00f3rio\u201d, completou.<\/p>\n\n\n\n<p>BandaB<\/p>\n\n\n\n<p><br><br><\/p>\n","protected":false},"excerpt":{"rendered":"<p>Fam\u00edlia conseguiu dinheiro para trazer o corpo para o Brasil A namorada do montanhista paranaense morto picado por uma cobra durante uma trilha em um morro no Panam\u00e1 no domingo (27) disse que o encontrou ca\u00eddo em uma pedra em formato de B\u00edblia. Sandro Godoy, de 45 anos, foi picado ao tentar socorrer a namorada, [&hellip;]<\/p>\n","protected":false},"author":2,"featured_media":22378,"comment_status":"open","ping_status":"open","sticky":false,"template":"","format":"standard","meta":{"advanced_seo_description":"","jetpack_seo_html_title":"","jetpack_seo_noindex":false,"_jetpack_memberships_contains_paid_content":false,"footnotes":""},"categories":[1],"tags":[],"class_list":{"0":"post-22377","1":"post","2":"type-post","3":"status-publish","4":"format-standard","5":"has-post-thumbnail","7":"category-sem-categoria"},"jetpack_featured_media_url":"https:\/\/www.paranapraia.com.br\/wp-content\/uploads\/2019\/11\/namorada-monmtanhista.jpeg","jetpack_sharing_enabled":true,"_links":{"self":[{"href":"https:\/\/www.paranapraia.com.br\/index.php\/wp-json\/wp\/v2\/posts\/22377"}],"collection":[{"href":"https:\/\/www.paranapraia.com.br\/index.php\/wp-json\/wp\/v2\/posts"}],"about":[{"href":"https:\/\/www.paranapraia.com.br\/index.php\/wp-json\/wp\/v2\/types\/post"}],"author":[{"embeddable":true,"href":"https:\/\/www.paranapraia.com.br\/index.php\/wp-json\/wp\/v2\/users\/2"}],"replies":[{"embeddable":true,"href":"https:\/\/www.paranapraia.com.br\/index.php\/wp-json\/wp\/v2\/comments?post=22377"}],"version-history":[{"count":1,"href":"https:\/\/www.paranapraia.com.br\/index.php\/wp-json\/wp\/v2\/posts\/22377\/revisions"}],"predecessor-version":[{"id":22379,"href":"https:\/\/www.paranapraia.com.br\/index.php\/wp-json\/wp\/v2\/posts\/22377\/revisions\/22379"}],"wp:featuredmedia":[{"embeddable":true,"href":"https:\/\/www.paranapraia.com.br\/index.php\/wp-json\/wp\/v2\/media\/22378"}],"wp:attachment":[{"href":"https:\/\/www.paranapraia.com.br\/index.php\/wp-json\/wp\/v2\/media?parent=22377"}],"wp:term":[{"taxonomy":"category","embeddable":true,"href":"https:\/\/www.paranapraia.com.br\/index.php\/wp-json\/wp\/v2\/categories?post=22377"},{"taxonomy":"post_tag","embeddable":true,"href":"https:\/\/www.paranapraia.com.br\/index.php\/wp-json\/wp\/v2\/tags?post=22377"}],"curies":[{"name":"wp","href":"https:\/\/api.w.org\/{rel}","templated":true}]}}