{"id":22365,"date":"2019-11-01T11:29:25","date_gmt":"2019-11-01T14:29:25","guid":{"rendered":"https:\/\/www.paranapraia.com.br\/?p=22365"},"modified":"2019-11-01T11:29:26","modified_gmt":"2019-11-01T14:29:26","slug":"producao-industrial-sobe-03-em-setembro-ante-agosto","status":"publish","type":"post","link":"https:\/\/www.paranapraia.com.br\/index.php\/2019\/11\/01\/producao-industrial-sobe-03-em-setembro-ante-agosto\/","title":{"rendered":"Produ\u00e7\u00e3o industrial sobe 0,3% em setembro ante agosto"},"content":{"rendered":"\n<p>A produ\u00e7\u00e3o industrial subiu 0,3% em setembro ante agosto, na s\u00e9rie com ajuste sazonal, divulgou na manh\u00e3 desta sexta-feira, dia 1\u00ba, o Instituto Brasileiro de Geografia e Estat\u00edstica (IBGE). O resultado veio abaixo da mediana das expectativas dos analistas ouvidos pelo&nbsp;<strong>Proje\u00e7\u00f5es Broadcast<\/strong>, positiva em 0,7%, e dentro do intervalo das previs\u00f5es, de queda de 0,3% a avan\u00e7o de 1,6%.<\/p>\n\n\n\n<p>Em rela\u00e7\u00e3o a setembro de 2018, a produ\u00e7\u00e3o subiu 1,1%. Nessa compara\u00e7\u00e3o, sem ajuste, as estimativas variavam de uma queda de 0,3% a aumento de 2,9%, com mediana positiva de 1,6%.<\/p>\n\n\n\n<p>No ano de 2019, a ind\u00fastria teve queda de 1,4%. No acumulado em 12 meses, a produ\u00e7\u00e3o da ind\u00fastria acumulou recuo tamb\u00e9m de 1,4%.<\/p>\n\n\n\n<p>A produ\u00e7\u00e3o da ind\u00fastria de bens de capital caiu 0,5% em setembro ante agosto. Na compara\u00e7\u00e3o com setembro de 2018, o indicador subiu 0,7%. Os dados fazem parte da Pesquisa Industrial Mensal &#8211; Produ\u00e7\u00e3o F\u00edsica (PIM-PF).<\/p>\n\n\n\n<p>No ano, houve eleva\u00e7\u00e3o de 0,7% na produ\u00e7\u00e3o de bens de capital. No acumulado em 12 meses, a taxa ficou positiva em 1,3%.<\/p>\n\n\n\n<p>Em rela\u00e7\u00e3o aos bens de consumo, a produ\u00e7\u00e3o registrou alta de 1,3% na passagem de agosto para setembro. Na compara\u00e7\u00e3o com setembro de 2018, houve eleva\u00e7\u00e3o de 3,2%. No ano, a produ\u00e7\u00e3o de bens de consumo subiu 0,6%. No acumulado em 12 meses, a produ\u00e7\u00e3o aumentou 0,2%.<\/p>\n\n\n\n<p>Na categoria de bens de consumo dur\u00e1veis, a produ\u00e7\u00e3o subiu 2,3% em setembro ante agosto. Em rela\u00e7\u00e3o a setembro de 2018, houve aumento de 8,7%. Entre os semidur\u00e1veis e os n\u00e3o dur\u00e1veis, houve expans\u00e3o de 0,5% na produ\u00e7\u00e3o em setembro no confronto com o m\u00eas anterior. Na compara\u00e7\u00e3o com setembro do ano passado, a produ\u00e7\u00e3o subiu 1,9%.<\/p>\n\n\n\n<p>Para os bens intermedi\u00e1rios, o IBGE informou que a produ\u00e7\u00e3o subiu 0,2% em setembro em rela\u00e7\u00e3o a agosto. Na compara\u00e7\u00e3o com setembro do ano passado, houve uma alta de 0,1%. No ano, os bens intermedi\u00e1rios tiveram redu\u00e7\u00e3o de 2,4%. Em 12 meses, houve diminui\u00e7\u00e3o de 2,3% na produ\u00e7\u00e3o.<\/p>\n\n\n\n<p>O \u00edndice de M\u00e9dia M\u00f3vel Trimestral da ind\u00fastria registrou alta de 0,4% em setembro.<\/p>\n\n\n\n<p>BemParana<\/p>\n","protected":false},"excerpt":{"rendered":"<p>A produ\u00e7\u00e3o industrial subiu 0,3% em setembro ante agosto, na s\u00e9rie com ajuste sazonal, divulgou na manh\u00e3 desta sexta-feira, dia 1\u00ba, o Instituto Brasileiro de Geografia e Estat\u00edstica (IBGE). O resultado veio abaixo da mediana das expectativas dos analistas ouvidos pelo&nbsp;Proje\u00e7\u00f5es Broadcast, positiva em 0,7%, e dentro do intervalo das previs\u00f5es, de queda de 0,3% [&hellip;]<\/p>\n","protected":false},"author":2,"featured_media":22366,"comment_status":"open","ping_status":"open","sticky":false,"template":"","format":"standard","meta":{"advanced_seo_description":"","jetpack_seo_html_title":"","jetpack_seo_noindex":false,"_jetpack_memberships_contains_paid_content":false,"footnotes":""},"categories":[1],"tags":[],"class_list":{"0":"post-22365","1":"post","2":"type-post","3":"status-publish","4":"format-standard","5":"has-post-thumbnail","7":"category-sem-categoria"},"jetpack_featured_media_url":"https:\/\/www.paranapraia.com.br\/wp-content\/uploads\/2019\/11\/ind.jpg","jetpack_sharing_enabled":true,"_links":{"self":[{"href":"https:\/\/www.paranapraia.com.br\/index.php\/wp-json\/wp\/v2\/posts\/22365"}],"collection":[{"href":"https:\/\/www.paranapraia.com.br\/index.php\/wp-json\/wp\/v2\/posts"}],"about":[{"href":"https:\/\/www.paranapraia.com.br\/index.php\/wp-json\/wp\/v2\/types\/post"}],"author":[{"embeddable":true,"href":"https:\/\/www.paranapraia.com.br\/index.php\/wp-json\/wp\/v2\/users\/2"}],"replies":[{"embeddable":true,"href":"https:\/\/www.paranapraia.com.br\/index.php\/wp-json\/wp\/v2\/comments?post=22365"}],"version-history":[{"count":1,"href":"https:\/\/www.paranapraia.com.br\/index.php\/wp-json\/wp\/v2\/posts\/22365\/revisions"}],"predecessor-version":[{"id":22367,"href":"https:\/\/www.paranapraia.com.br\/index.php\/wp-json\/wp\/v2\/posts\/22365\/revisions\/22367"}],"wp:featuredmedia":[{"embeddable":true,"href":"https:\/\/www.paranapraia.com.br\/index.php\/wp-json\/wp\/v2\/media\/22366"}],"wp:attachment":[{"href":"https:\/\/www.paranapraia.com.br\/index.php\/wp-json\/wp\/v2\/media?parent=22365"}],"wp:term":[{"taxonomy":"category","embeddable":true,"href":"https:\/\/www.paranapraia.com.br\/index.php\/wp-json\/wp\/v2\/categories?post=22365"},{"taxonomy":"post_tag","embeddable":true,"href":"https:\/\/www.paranapraia.com.br\/index.php\/wp-json\/wp\/v2\/tags?post=22365"}],"curies":[{"name":"wp","href":"https:\/\/api.w.org\/{rel}","templated":true}]}}