{"id":22356,"date":"2019-11-01T11:24:29","date_gmt":"2019-11-01T14:24:29","guid":{"rendered":"https:\/\/www.paranapraia.com.br\/?p=22356"},"modified":"2019-11-01T11:24:30","modified_gmt":"2019-11-01T14:24:30","slug":"deputados-de-oposicao-movem-queixa-crime-contra-eduardo-bolsonaro-por-novo-ai-5","status":"publish","type":"post","link":"https:\/\/www.paranapraia.com.br\/index.php\/2019\/11\/01\/deputados-de-oposicao-movem-queixa-crime-contra-eduardo-bolsonaro-por-novo-ai-5\/","title":{"rendered":"Deputados de oposi\u00e7\u00e3o movem queixa-crime contra Eduardo Bolsonaro por &#8216;novo AI-5&#8217;"},"content":{"rendered":"\n<p>Ap\u00f3s falar em &#8220;novo AI-5&#8221;, o deputado federal Eduardo Bolsonaro (PSL) \u00e9 alvo de uma queixa-crime assinada por 18 parlamentares do PSOL, PT, PSB, PDT, PC do B, al\u00e9m da lideran\u00e7a da Minoria na C\u00e2mara Federal. Eles moveram a a\u00e7\u00e3o no Supremo Tribunal Federal (STF) e pedem que Eduardo seja condenado por incita\u00e7\u00e3o e apologia ao crime, al\u00e9m de ato de improbidade administrativa, o que pode levar \u00e0 perda de cargo do filho do presidente Jair Bolsonaro.<\/p>\n\n\n\n<p>De acordo com a pe\u00e7a, Eduardo Bolsonaro &#8220;incitou um poss\u00edvel retorno do AI-5, p\u00e1gina infeliz da hist\u00f3ria brasileira, afrontando diretamente os ditames constitucionais e democr\u00e1ticos p\u00e1trios&#8221;. &#8220;O AI-5 permitiu, e em decorr\u00eancia dele, que fossem praticados in\u00fameros e severos crimes a milhares de pessoas, \u00e0 institui\u00e7\u00f5es e \u00e0 coletividades&#8221;.<\/p>\n\n\n\n<p>&#8220;Pretender sua volta incita a pr\u00e1tica dos mesmos crimes antes cometidos como a tortura, o abuso de poder, as les\u00f5es corporais, os homic\u00eddios e numerosos outros tipos penais todos atentando contra a sociedade, a democracia, as organiza\u00e7\u00f5es, a liberdade e a vida das pessoas. Por tal raz\u00e3o, o parlamentar incidiu nos tipos penal de &#8216;incita\u00e7\u00e3o ao crime&#8217; e &#8216;apologia de crime ou criminoso'&#8221;, anotam.<\/p>\n\n\n\n<p>Os parlamentares ainda ressaltam que &#8220;a natureza autorit\u00e1ria da ditadura militar, bem como as graves viola\u00e7\u00f5es de direitos do regime inaugurado em 1964, foi reconhecida por diversas oportunidades pelo Estado Brasileiro por meio de seus representantes constitucionalmente institu\u00eddos, desde a promulga\u00e7\u00e3o da Constitui\u00e7\u00e3o de 1988&#8221;.<\/p>\n\n\n\n<p>&#8220;\u00c9 fundamental que os poderes constitu\u00eddos tomem as providencias cab\u00edveis para punir os respons\u00e1veis pelos referidos atentados contra o Estado Democr\u00e1tico de Direito&#8221;, sustentam.<\/p>\n\n\n\n<p>Assinam a pe\u00e7a os deputados federais Ivan Valente (PSOL), Fernando Melchionna (PSOL), Andr\u00e9 Figueiredo (PDT), Alessandro Molon (PSB), Daniel Almeida (PC do B), Humberto Costa (PT), Jandira Fhegali (PC do B), Joenia Wapichana (Rede), Francisco Alencar (PDT), Paulo Pimenta (PT), \u00c1urea Carolina (PSOL), David Miranda (PSOL), Edmilson Rodrigues (PSOL), Glauber Braga (PSOL), Lu\u00edza Erundina (PSOL), Marcelo Freixo (PSOL), S\u00e2mia Bomfim (PSOL) e Tal\u00edria Petrone (PSOL).<\/p>\n\n\n\n<p>O deputado defendeu em entrevista \u00e0 jornalista Leda Nagle medidas dr\u00e1sticas &#8211; como &#8220;um novo AI-5&#8221; &#8211; para conter manifesta\u00e7\u00f5es de rua como as que ocorrem no Chile atualmente. &#8220;Se a esquerda radicalizar a esse ponto, vamos precisar dar uma resposta. E essa resposta pode ser via um novo AI-5, pode ser via uma legisla\u00e7\u00e3o aprovada via plebiscito, como ocorreu na It\u00e1lia. Alguma resposta vai ter que ser dada&#8221;, afirmou.<\/p>\n\n\n\n<p>Ap\u00f3s forte repercuss\u00e3o negativa, que envolveu parlamentares, Judici\u00e1rio, advogados e entidades de defesa dos Direitos Humanos, ele pediu desculpas. &#8220;E eu n\u00e3o fico nem um pouco constrangido de pedir desculpa a qualquer tipo de pessoa que tenha se sentido ofendida ou imaginado o retorno do AI-5&#8221;, disse.<\/p>\n\n\n\n<p>BemParana<\/p>\n","protected":false},"excerpt":{"rendered":"<p>Ap\u00f3s falar em &#8220;novo AI-5&#8221;, o deputado federal Eduardo Bolsonaro (PSL) \u00e9 alvo de uma queixa-crime assinada por 18 parlamentares do PSOL, PT, PSB, PDT, PC do B, al\u00e9m da lideran\u00e7a da Minoria na C\u00e2mara Federal. Eles moveram a a\u00e7\u00e3o no Supremo Tribunal Federal (STF) e pedem que Eduardo seja condenado por incita\u00e7\u00e3o e apologia [&hellip;]<\/p>\n","protected":false},"author":2,"featured_media":22357,"comment_status":"open","ping_status":"open","sticky":false,"template":"","format":"standard","meta":{"advanced_seo_description":"","jetpack_seo_html_title":"","jetpack_seo_noindex":false,"_jetpack_memberships_contains_paid_content":false,"footnotes":""},"categories":[32],"tags":[],"class_list":{"0":"post-22356","1":"post","2":"type-post","3":"status-publish","4":"format-standard","5":"has-post-thumbnail","7":"category-politica"},"jetpack_featured_media_url":"https:\/\/www.paranapraia.com.br\/wp-content\/uploads\/2019\/11\/gd-1.jpg","jetpack_sharing_enabled":true,"_links":{"self":[{"href":"https:\/\/www.paranapraia.com.br\/index.php\/wp-json\/wp\/v2\/posts\/22356"}],"collection":[{"href":"https:\/\/www.paranapraia.com.br\/index.php\/wp-json\/wp\/v2\/posts"}],"about":[{"href":"https:\/\/www.paranapraia.com.br\/index.php\/wp-json\/wp\/v2\/types\/post"}],"author":[{"embeddable":true,"href":"https:\/\/www.paranapraia.com.br\/index.php\/wp-json\/wp\/v2\/users\/2"}],"replies":[{"embeddable":true,"href":"https:\/\/www.paranapraia.com.br\/index.php\/wp-json\/wp\/v2\/comments?post=22356"}],"version-history":[{"count":1,"href":"https:\/\/www.paranapraia.com.br\/index.php\/wp-json\/wp\/v2\/posts\/22356\/revisions"}],"predecessor-version":[{"id":22358,"href":"https:\/\/www.paranapraia.com.br\/index.php\/wp-json\/wp\/v2\/posts\/22356\/revisions\/22358"}],"wp:featuredmedia":[{"embeddable":true,"href":"https:\/\/www.paranapraia.com.br\/index.php\/wp-json\/wp\/v2\/media\/22357"}],"wp:attachment":[{"href":"https:\/\/www.paranapraia.com.br\/index.php\/wp-json\/wp\/v2\/media?parent=22356"}],"wp:term":[{"taxonomy":"category","embeddable":true,"href":"https:\/\/www.paranapraia.com.br\/index.php\/wp-json\/wp\/v2\/categories?post=22356"},{"taxonomy":"post_tag","embeddable":true,"href":"https:\/\/www.paranapraia.com.br\/index.php\/wp-json\/wp\/v2\/tags?post=22356"}],"curies":[{"name":"wp","href":"https:\/\/api.w.org\/{rel}","templated":true}]}}