{"id":22353,"date":"2019-11-01T11:22:30","date_gmt":"2019-11-01T14:22:30","guid":{"rendered":"https:\/\/www.paranapraia.com.br\/?p=22353"},"modified":"2019-11-01T11:22:31","modified_gmt":"2019-11-01T14:22:31","slug":"dia-de-finados-morrer-em-curitiba-pode-custar-entre-r-272-e-r-7-790","status":"publish","type":"post","link":"https:\/\/www.paranapraia.com.br\/index.php\/2019\/11\/01\/dia-de-finados-morrer-em-curitiba-pode-custar-entre-r-272-e-r-7-790\/","title":{"rendered":"Dia de Finados: morrer em Curitiba pode custar entre R$ 272 e R$ 7.790"},"content":{"rendered":"\n<p>H\u00e1 quem diga que a morte \u00e9 a coisa mais democr\u00e1tica da vida, tendo em vista que ela n\u00e3o distingue cor, idade, sexo ou classe social. Mas, se a morte \u00e9 para todos, na hora do funeral as diferen\u00e7as sociais e econ\u00f4micas voltam a se acentuar. Em Curitiba, a boa not\u00edcia \u00e9 que h\u00e1 op\u00e7\u00f5es para todos os bolsos.<\/p>\n\n\n\n<p>Atualmente, h\u00e1 26 funer\u00e1rias que prestam servi\u00e7os na cidade, todas participando de um rod\u00edzio organizado pelo Servi\u00e7o Funer\u00e1rio Municipal (SFM) para o atendimento. Os pre\u00e7os s\u00e3o tabelados pela Prefeitura de Curitiba, conforme o decreto 781\/2018, publicado no Di\u00e1rio Oficial do Munic\u00edpio<\/p>\n\n\n\n<p>Para o enterro de um adulto, por exemplo, os valores por uma urna funeraria (s\u00e3o 13 op\u00e7\u00f5es de caix\u00e3o) variam entre R$ 271,89 e R$ 7.793,53 (para pessoas de baixa renda e indigentes, contudo, \u00e9 gratuito). O custo j\u00e1 inclui, obrigatoriamente, a prepara\u00e7\u00e3o simples do corpo (assepsia, tamponamento e coloca\u00e7\u00e3o da vestimenta forneciooda pela fam\u00edlia), o transporte do corpo sem vida dentro da cidade, montagem do vel\u00f3rio com o suporte para o caix\u00e3o, quatro casti\u00e7ais com vela, livro de presen\u00e7as e suporte para o livro.<\/p>\n\n\n\n<p>Al\u00e9m dos servi\u00e7os obrigat\u00f3rios, por\u00e9m, h\u00e1 ainda outros servi\u00e7os facultativos, alguns tamb\u00e9m tabelados pelo poder municipal. Paramentos, por exemplo, saem por R$ 82,94. A ornamenta\u00e7\u00e3o da urna custa de R$ 74,64 at\u00e9 R$ 149,28, enquanto a maquiagem necr\u00f3fica custa R$ 124,40.<\/p>\n\n\n\n<p>Outros servi\u00e7os, por\u00e9m, podem ser oferecidos, com cada funer\u00e1ria aplicando o pre\u00e7o que desejar. Alguns exemplos s\u00e3o alugu\u00e9is de capelas, altares, banquetas, \u00f4nibus para acompanhamento de cortejo, embalsamento e outras tratativas dadas ao corpo, como o processo de tanatopraxia e crema\u00e7\u00e3o.<\/p>\n\n\n\n<p>\u201cEm quest\u00e3o de valores, \u00e9 muito subjetivo. Tem atendimento gratuito na Prefeitura e atendimento no valor que a fam\u00edlia est\u00e1 dispon\u00edvel para gastar. O c\u00e9u \u00e9 o limite. Pode chegar a valores astron\u00f4micos. Quero contratar violino, violoncelo, revoada de pombos, helic\u00f3ptero passando e jogando p\u00e9talas&#8230; o que voc\u00ea quiser tem \u00e1 disposi\u00e7\u00e3o\u201d, explica Luis Mexia, gerente comercial do Jardim da Saudade, um dos mais tradicionais grupos funer\u00e1rios do pa\u00eds e que neste Dia de Finados ir\u00e1 completar 50 anos de historia.<\/p>\n\n\n\n<p><strong>Curitiba ter\u00e1 rock no cemit\u00e9rio com Elvis Presley<\/strong><\/p>\n\n\n\n<p>O Cemit\u00e9rio Vaticano de Almirante Tamandar\u00e9, na Regi\u00e3o Metropolitana de Curitiba, preparou um evento inusitado para a celebra\u00e7\u00e3o do Dia de Finados. No per\u00edodo da noite, para embalar as lembran\u00e7as dos que deixaram saudade, acontecer\u00e1 uma apresenta\u00e7\u00e3o especial do cover de Elvis Presley, Rog\u00e9rio Cordoni.<\/p>\n\n\n\n<p>O evento, aberto ao p\u00fablico, acontece a partir das 18 horas e tem como um de seus objetivos tamb\u00e9m divulgar o cemit\u00e9rio, o mais novo de Curitiba e regi\u00e3o. \u201cNosso cemit\u00e9rio \u00e9 o mais iluminado do mnundo e o \u00fanico que faz sepultamento noturno. E a ideia do evento \u00e9 mostrar isso. Queremos fazer algo diferente, tornar num espa\u00e7o de conv\u00edvio, entretenimento, como j\u00e1 tem nos Estados Unidos\u201d, explica Mylena Cooper, diretora da Vaticano e tamb\u00e9m a respons\u00e1vel pela ideia do show. \u201cTodos t\u00eam gostado. A ideia \u00e9 diferente, mas muito respeitosa. Elvis \u00e9 sin\u00f4nimo de boas lembran\u00e7as, e o que queremos \u00e9 trazer boas mem\u00f3rias.\u201d<\/p>\n\n\n\n<p><strong>Cemit\u00e9rios abrem duas horas mais cedo no s\u00e1bado<\/strong><\/p>\n\n\n\n<p>Os cinco cemit\u00e9rios municipais de Curitiba v\u00e3o abrir duas horas mais cedo neste s\u00e1bado (2\/11), em raz\u00e3o do Dia de Finados. O funcionamento dos cemit\u00e9rios ser\u00e1 das 7h \u00e0s 18h no s\u00e1bado. J\u00e1 no domingo, o funcionamento ser\u00e1 das 9 \u00e0s 18 horas. O Servi\u00e7o Funer\u00e1rio municipal (sepultamentos) tem atendimento ininterrupto.<\/p>\n\n\n\n<p>Al\u00e9m disso, as linhas 180 \u00c1gua Verde-Abranches e 285 Juvev\u00ea-\u00c1gua Verde ter\u00e3o desvios a partir de hoje, das 14h \u00e0s 20h, e no s\u00e1bado, das 8h \u00e0s 13h, e no domingo, das 14h \u00e0s 20h, por conta da missa no Cemit\u00e9rio \u00c1gua Verde e montagem e desmontagem das estruturas.<\/p>\n\n\n\n<p>BemParana<\/p>\n","protected":false},"excerpt":{"rendered":"<p>H\u00e1 quem diga que a morte \u00e9 a coisa mais democr\u00e1tica da vida, tendo em vista que ela n\u00e3o distingue cor, idade, sexo ou classe social. Mas, se a morte \u00e9 para todos, na hora do funeral as diferen\u00e7as sociais e econ\u00f4micas voltam a se acentuar. Em Curitiba, a boa not\u00edcia \u00e9 que h\u00e1 op\u00e7\u00f5es [&hellip;]<\/p>\n","protected":false},"author":2,"featured_media":22354,"comment_status":"open","ping_status":"open","sticky":false,"template":"","format":"standard","meta":{"advanced_seo_description":"","jetpack_seo_html_title":"","jetpack_seo_noindex":false,"_jetpack_memberships_contains_paid_content":false,"footnotes":""},"categories":[42],"tags":[],"class_list":{"0":"post-22353","1":"post","2":"type-post","3":"status-publish","4":"format-standard","5":"has-post-thumbnail","7":"category-cidades"},"jetpack_featured_media_url":"https:\/\/www.paranapraia.com.br\/wp-content\/uploads\/2019\/11\/gd.jpg","jetpack_sharing_enabled":true,"_links":{"self":[{"href":"https:\/\/www.paranapraia.com.br\/index.php\/wp-json\/wp\/v2\/posts\/22353"}],"collection":[{"href":"https:\/\/www.paranapraia.com.br\/index.php\/wp-json\/wp\/v2\/posts"}],"about":[{"href":"https:\/\/www.paranapraia.com.br\/index.php\/wp-json\/wp\/v2\/types\/post"}],"author":[{"embeddable":true,"href":"https:\/\/www.paranapraia.com.br\/index.php\/wp-json\/wp\/v2\/users\/2"}],"replies":[{"embeddable":true,"href":"https:\/\/www.paranapraia.com.br\/index.php\/wp-json\/wp\/v2\/comments?post=22353"}],"version-history":[{"count":1,"href":"https:\/\/www.paranapraia.com.br\/index.php\/wp-json\/wp\/v2\/posts\/22353\/revisions"}],"predecessor-version":[{"id":22355,"href":"https:\/\/www.paranapraia.com.br\/index.php\/wp-json\/wp\/v2\/posts\/22353\/revisions\/22355"}],"wp:featuredmedia":[{"embeddable":true,"href":"https:\/\/www.paranapraia.com.br\/index.php\/wp-json\/wp\/v2\/media\/22354"}],"wp:attachment":[{"href":"https:\/\/www.paranapraia.com.br\/index.php\/wp-json\/wp\/v2\/media?parent=22353"}],"wp:term":[{"taxonomy":"category","embeddable":true,"href":"https:\/\/www.paranapraia.com.br\/index.php\/wp-json\/wp\/v2\/categories?post=22353"},{"taxonomy":"post_tag","embeddable":true,"href":"https:\/\/www.paranapraia.com.br\/index.php\/wp-json\/wp\/v2\/tags?post=22353"}],"curies":[{"name":"wp","href":"https:\/\/api.w.org\/{rel}","templated":true}]}}